{"id":357931,"date":"2025-09-01T08:51:13","date_gmt":"2025-09-01T08:51:13","guid":{"rendered":"https:\/\/www.europesays.com\/fr\/357931\/"},"modified":"2025-09-01T08:51:13","modified_gmt":"2025-09-01T08:51:13","slug":"guerre-en-ukraine-la-diplomatie-est-elle-vouee-a-lechec-posez-vos-questions-des-maintenant","status":"publish","type":"post","link":"https:\/\/www.europesays.com\/fr\/357931\/","title":{"rendered":"Guerre en Ukraine \u2013 La diplomatie est-elle vou\u00e9e \u00e0 l\u2019\u00e9chec? Posez vos questions d\u00e8s maintenant"},"content":{"rendered":"<p>Plus de six mois apr\u00e8s le retour de Donald Trump \u00e0 la Maison-Blanche, qui promettait de r\u00e9soudre la guerre contre l\u2019Ukraine en un jour, il n\u2019y a toujours pas de perc\u00e9e diplomatique.<\/p>\n<p>En lui d\u00e9roulant le tapis rouge en Alaska, le pr\u00e9sident am\u00e9ricain a mis fin \u00e0 l\u2019isolement de Vladimir Poutine dans lequel les Occidentaux l\u2019avaient plac\u00e9 depuis l\u2019invasion de l\u2019Ukraine en 2022. Mais il n\u2019a rien obtenu de concret en retour.<\/p>\n<p>Pourquoi, malgr\u00e9 les nombreuses tentatives, l\u2019arr\u00eat des combats est-il encore \u00e9loign\u00e9 en Ukraine? Quelles sont les motivations de Donald Trump? S\u2019y prend-t-il de la bonne mani\u00e8re? Les Europ\u00e9ens ont-ils voix au chapitre?<\/p>\n<p><a href=\"https:\/\/www.letemps.ch\/monde\/en-direct-guerre-en-ukraine-un-depute-ukrainien-tue-par-balle-a-lviv-un-suspect-arrete\" rel=\"nofollow noopener\" target=\"_blank\">Envoyez-nous d\u00e8s maintenant vos questions<\/a>. Notre journaliste Simon Petite, qui revient de deux ans de correspondance aux Etats-Unis, y r\u00e9pondra le mercredi 3 septembre, entre 11h et 12h dans notre fil d\u2019actualit\u00e9 qui suit l\u2019\u00e9volution de la guerre contre l\u2019Ukraine et les efforts pour y mettre fin.<\/p>\n<p>Notre suivi en continu: Posez vos questions sur la guerre en Ukraine et la perspective \u00e9loign\u00e9e d&rsquo;une paix <a href=\"https:\/\/www.letemps.ch\/articles\/en-direct-guerre-en-ukraine-un-depute-ukrainien-tue-par-balle-a-lviv-un-suspect-arrete\" target=\"_blank\" rel=\"noopener\">En direct, guerre en Ukraine \u2013 Au sommet de Tianjin, Xi Jinping et Vladimir Poutine ciblent l&rsquo;Occident<\/a>  <\/p>\n","protected":false},"excerpt":{"rendered":"Plus de six mois apr\u00e8s le retour de Donald Trump \u00e0 la Maison-Blanche, qui promettait de r\u00e9soudre la&hellip;\n","protected":false},"author":2,"featured_media":357932,"comment_status":"","ping_status":"","sticky":false,"template":"","format":"standard","meta":{"footnotes":""},"categories":[1590],"tags":[11,75,1777,674,4438,12,220,135,134],"class_list":{"0":"post-357931","1":"post","2":"type-post","3":"status-publish","4":"format-standard","5":"has-post-thumbnail","7":"category-ukraine","8":"tag-actualites","9":"tag-donald-trump","10":"tag-eu","11":"tag-europe","12":"tag-free","13":"tag-news","14":"tag-ukraine","15":"tag-vladimir-poutine","16":"tag-volodymyr-zelensky"},"share_on_mastodon":{"url":"https:\/\/pubeurope.com\/@fr\/115128191194745457","error":""},"_links":{"self":[{"href":"https:\/\/www.europesays.com\/fr\/wp-json\/wp\/v2\/posts\/357931","targetHints":{"allow":["GET"]}}],"collection":[{"href":"https:\/\/www.europesays.com\/fr\/wp-json\/wp\/v2\/posts"}],"about":[{"href":"https:\/\/www.europesays.com\/fr\/wp-json\/wp\/v2\/types\/post"}],"author":[{"embeddable":true,"href":"https:\/\/www.europesays.com\/fr\/wp-json\/wp\/v2\/users\/2"}],"replies":[{"embeddable":true,"href":"https:\/\/www.europesays.com\/fr\/wp-json\/wp\/v2\/comments?post=357931"}],"version-history":[{"count":0,"href":"https:\/\/www.europesays.com\/fr\/wp-json\/wp\/v2\/posts\/357931\/revisions"}],"wp:featuredmedia":[{"embeddable":true,"href":"https:\/\/www.europesays.com\/fr\/wp-json\/wp\/v2\/media\/357932"}],"wp:attachment":[{"href":"https:\/\/www.europesays.com\/fr\/wp-json\/wp\/v2\/media?parent=357931"}],"wp:term":[{"taxonomy":"category","embeddable":true,"href":"https:\/\/www.europesays.com\/fr\/wp-json\/wp\/v2\/categories?post=357931"},{"taxonomy":"post_tag","embeddable":true,"href":"https:\/\/www.europesays.com\/fr\/wp-json\/wp\/v2\/tags?post=357931"}],"curies":[{"name":"wp","href":"https:\/\/api.w.org\/{rel}","templated":true}]}}