{"id":357941,"date":"2025-09-01T09:01:15","date_gmt":"2025-09-01T09:01:15","guid":{"rendered":"https:\/\/www.europesays.com\/fr\/357941\/"},"modified":"2025-09-01T09:01:15","modified_gmt":"2025-09-01T09:01:15","slug":"mort-de-jean-pormanove-il-a-eu-un-rale-a-tourne-sa-tete-du-cote-de-la-camera-fini-la-respiration-la-mere-du-streamer-sort-du-silence","status":"publish","type":"post","link":"https:\/\/www.europesays.com\/fr\/357941\/","title":{"rendered":"Mort de Jean Pormanove\u00a0: \u00ab\u00a0Il a eu un r\u00e2le, a tourn\u00e9 sa t\u00eate du c\u00f4t\u00e9 de la cam\u00e9ra\u2026 Fini la respiration\u00a0\u00bb, la m\u00e8re du streamer sort du silence"},"content":{"rendered":"<p>\n                                                                Deux semaines apr\u00e8s le d\u00e9c\u00e8s du streamer Jean Pormanove, sa m\u00e8re, Jo\u00eblle Graven, a pris la parole dans un reportage diffus\u00e9 sur TF1, dimanche 31\u00a0ao\u00fbt 2025. Celle qui \u00ab\u00a0aurait pr\u00e9f\u00e9r\u00e9 ne pas voir\u00a0\u00bb le d\u00e9c\u00e8s film\u00e9 de son fils n\u2019a pour l\u2019heure d\u00e9pos\u00e9 aucune plainte.\n                            <\/p>\n<p>C\u2019est une r\u00e9action qui \u00e9tait attendue. Jo\u00eblle Graven, m\u00e8re de Rapha\u00ebl Graven, s\u2019est exprim\u00e9e <a href=\"https:\/\/www.tf1info.fr\/justice-faits-divers\/video-temoignage-la-mere-de-jean-pormanove-raphael-graven-temoigne-en-exclusivite-dans-sept-a-huit-2391859.html\" target=\"_blank\" rel=\"nofollow noopener\">sur Sept \u00e0 Huit,<\/a> dimanche 31\u00a0ao\u00fbt 2025.\u00a0Un t\u00e9moignage exclusif donn\u00e9 \u00e0 TF1 deux semaines <a href=\"https:\/\/www.midilibre.fr\/2025\/08\/19\/jai-limpression-detre-sequestre-deces-en-plein-direct-soupcons-de-violences-ce-que-lon-sait-de-la-mort-du-streamer-jean-pormanove-12882965.php\" target=\"_blank\" rel=\"nofollow noopener\">apr\u00e8s le d\u00e9c\u00e8s de ce streamer <\/a>mieux connu sous le pseudonyme Jean Pormanove.\u00a0Il venait d\u2019encha\u00eener 12 jours de direct sur la plateforme Kick.<\/p>\n<p>\u00ab\u00a0J\u2019ai m\u00eame vu son dernier souffle, rembobine avec \u00e9motion la m\u00e8re de famille dans un reportage d\u2019une quinzaine de minutes. Il est parti, il a eu un r\u00e2le, il a tourn\u00e9 sa t\u00eate du c\u00f4t\u00e9 de la cam\u00e9ra. Fini la respiration. J\u2019aurais pr\u00e9f\u00e9r\u00e9 ne pas le voir\u00a0\u00bb.\u00a0Des images qu\u2019elle \u00ab\u00a0ne peut pas\u00a0\u00bb enlever de son t\u00e9l\u00e9phone\u00a0: \u00ab\u00a0Je me dis que si je l\u2019enl\u00e8ve, je vais enlever mon fils.\u00a0\u00bb<\/p>\n<p>La maman tenait \u00e0 \u00ab\u00a0rendre hommage\u00a0\u00bb \u00e0 son fils, \u00ab\u00a0quelqu\u2019un de g\u00e9n\u00e9reux qu\u2019elle ne pourra plus serrer dans ses bras\u00a0\u00bb, confie-t-elle, larmes aux yeux.<\/p>\n<p>Le buzz a caus\u00e9 sa perte<\/p>\n<p>Rapha\u00ebl Graven, 46 ans, est d\u00e9c\u00e9d\u00e9 apr\u00e8s 12 jours de direct <a href=\"https:\/\/www.midilibre.fr\/2025\/08\/24\/mort-de-jean-pormanove-larcom-desarmee-face-a-kick-la-plateforme-australienne-est-hors-de-tout-controle-francais-12891170.php\" target=\"_blank\" rel=\"nofollow noopener\">sur la plateforme Kick.<\/a>\u00a0C\u2019est sur cette derni\u00e8re qu\u2019\u00e9tait h\u00e9berg\u00e9e<a href=\"https:\/\/www.midilibre.fr\/2025\/08\/22\/mort-de-jean-pormanove-la-chaine-du-streamer-decede-est-de-nouveau-accessible-larcom-condamne-la-decision-de-kick-12888488.php\" target=\"_blank\" rel=\"nofollow noopener\"> la cha\u00eene \u00ab\u00a0jeanpormanove\u00a0\u00bb.<\/a>\u00a0Ce n\u2019est qu\u2019\u00e0 l\u2019arriv\u00e9e de<a href=\"https:\/\/www.midilibre.fr\/2025\/08\/22\/mort-de-jean-pormanove-safine-naturovie-qui-sont-ces-streamers-presents-avant-le-drame-12888042.php\" target=\"_blank\" rel=\"nofollow noopener\"> Naruto (Owen) et Safine,<\/a> qui rep\u00e8rent la cha\u00eene \u00e0 succ\u00e8s et annoncent vouloir la rejoindre, que les s\u00e9vices commencent. Jusqu\u2019alors, le quarantenaire jouait seul \u00e0 des jeux vid\u00e9o, amusant la galerie par son temp\u00e9rament fort et ses acc\u00e8s de col\u00e8re.<\/p>\n<p>Sur sa cha\u00eene Kick, Rapha\u00ebl Graven devient une victime r\u00e9guli\u00e8re d\u2019humiliations, de coups, sous le regard de quelques 200\u00a0000 abonn\u00e9s. Des violences sous couvert de \u00ab\u00a0d\u00e9fis\u00a0\u00bb, mais qui ne manquent pas d\u2019alerter les proches du streameur.<\/p>\n<p>Aupr\u00e8s de Sept \u00e0 Huit, Nicolas l\u2019un de ses anciens camarades d\u2019arm\u00e9e (Rapha\u00ebl Graven y a pass\u00e9 10 ans) raconte le Rapha\u00ebl Graven qu\u2019il connaissait, \u00ab\u00a0quelqu\u2019un qui ne se plaignait jamais\u00a0\u00bb. Un temp\u00e9rament qui faisait de lui une victime id\u00e9ale\u00a0: \u00ab\u00a0C\u2019\u00e9tait assez simple de devenir la t\u00eate de Turc\u00a0\u00bb.<\/p>\n<p>Aupr\u00e8s de Sept \u00e0 Huit, Gwen, fr\u00e8re d\u2019Owen, nuance et\u00a0assure\u00a0que tout \u00e9tait sc\u00e9naris\u00e9\u00a0et que \u00ab\u00a0chacun avait son r\u00f4le\u00a0\u00bb. Ses comparses, bourreaux sur le Net, \u00e9taient de grands copains de Rapha\u00ebl Graven dans le quartier. \u00ab\u00a0C\u2019\u00e9tait ce qu\u2019on recherchait, ce c\u00f4t\u00e9 trash. Et bien s\u00fbr, il \u00e9tait d\u2019accord.\u00a0\u00bb<\/p>\n<p>Aucune trace de traumatisme<\/p>\n<p>Ce dont doute Nicolas. \u00ab\u00a0Quasiment \u00e0 chaque fois que je tombais sur les vid\u00e9os, je mettais des commentaires et je disais\u00a0: &lsquo;Rapha\u00ebl, putain, sors de l\u00e0'\u00a0\u00bb. Durant ce live de 12 jours, Rapha\u00ebl Graven aurait lui m\u00eame demand\u00e9 que la diffusion cesse, en vain.<\/p>\n<p>Pour l\u2019heure, Jo\u00eblle Fraven n\u2019a pas port\u00e9 plainte et consid\u00e8re encore aujourd\u2019hui Owen et Safine comme des amis de la famille, note\u00a0TF1.<\/p>\n<blockquote data-class=\"twitter-tweet\">\n<p lang=\"fr\" dir=\"ltr\">Je ne sais pas ce qui me choque le plus sur la photo. Est-ce le fait que les deux types qui malmenaient ce pauvre Rapha\u00ebl Graven durant des heures de live se pointent \u00e0 l\u2019enterrement en surv\u00eatement ou que la m\u00e8re du d\u00e9funt s\u2019affiche avec eux ? <a href=\"https:\/\/twitter.com\/hashtag\/jeanpormanove?src=hash&amp;ref_src=twsrc%5Etfw\" rel=\"nofollow noopener\" target=\"_blank\">#jeanpormanove<\/a> <a href=\"https:\/\/twitter.com\/hashtag\/Pormanove?src=hash&amp;ref_src=twsrc%5Etfw\" rel=\"nofollow noopener\" target=\"_blank\">#Pormanove<\/a> <a href=\"https:\/\/t.co\/j7xOIl0V7f\" rel=\"nofollow\">pic.twitter.com\/j7xOIl0V7f<\/a><\/p>\n<p>\u2014 Casper (@zairker) <a href=\"https:\/\/twitter.com\/zairker\/status\/1960936941496754660?ref_src=twsrc%5Etfw\" rel=\"nofollow noopener\" target=\"_blank\">August 28, 2025<\/a><\/p><\/blockquote>\n<p>Nombreux sont pourtant ceux \u00e0 pointer du doigt les partenaires de Rapha\u00ebl Graven, et \u00e0 leur attribuer la responsabilit\u00e9 de ce d\u00e9c\u00e8s.<a href=\"https:\/\/www.midilibre.fr\/2025\/08\/22\/mort-de-jean-pormanove-safine-naturovie-qui-sont-ces-streamers-presents-avant-le-drame-12888042.php\" target=\"_blank\" rel=\"nofollow noopener\"> L\u2019autopsie men\u00e9e<\/a> par la suite a toutefois montr\u00e9 que ce d\u00e9c\u00e8s est \u00ab\u00a0probablement m\u00e9dical et\/ou toxicologique\u00a0\u00bb.<\/p>\n<p>Aucune trace de traumatisme ni d\u2019intervention d\u2019un tiers n\u2019a \u00e9t\u00e9 relev\u00e9e par les experts.\u00a0Clara Chappaz, ministre d\u00e9l\u00e9gu\u00e9e au Num\u00e9rique, a annonc\u00e9 la semaine derni\u00e8re <a href=\"https:\/\/www.midilibre.fr\/2025\/08\/26\/mort-de-jean-pormanove-la-ministre-deleguee-au-numerique-annonce-deposer-plainte-contre-kick-quest-il-reproche-a-la-plateforme-12894231.php\" target=\"_blank\" rel=\"nofollow noopener\">d\u00e9poser plainte contre Kick\u00a0<\/a>: \u00ab\u00a0Kick n\u2019a pas fait tout ce qui \u00e9tait possible pour pouvoir mettre fin \u00e0 la diffusion de contenu qui \u00e9tait dangereux.\u00a0\u00bb Sur YouTube, la cha\u00eene qui rediffusait les live a \u00e9t\u00e9 supprim\u00e9e.<\/p>\n<p>                                                                                                                                                                                                        <script async src=\"https:\/\/platform.twitter.com\/widgets.js\" charset=\"utf-8\"><\/script><\/p>\n","protected":false},"excerpt":{"rendered":"Deux semaines apr\u00e8s le d\u00e9c\u00e8s du streamer Jean Pormanove, sa m\u00e8re, Jo\u00eblle Graven, a pris la parole dans&hellip;\n","protected":false},"author":2,"featured_media":357942,"comment_status":"","ping_status":"","sticky":false,"template":"","format":"standard","meta":{"footnotes":""},"categories":[1586],"tags":[11,1777,674,1779,1011,27,12,25,1778,364],"class_list":{"0":"post-357941","1":"post","2":"type-post","3":"status-publish","4":"format-standard","5":"has-post-thumbnail","7":"category-europe","8":"tag-actualites","9":"tag-eu","10":"tag-europe","11":"tag-european-union","12":"tag-fr","13":"tag-france","14":"tag-news","15":"tag-republique-francaise","16":"tag-ue","17":"tag-union-europeenne"},"share_on_mastodon":{"url":"https:\/\/pubeurope.com\/@fr\/115128230958166622","error":""},"_links":{"self":[{"href":"https:\/\/www.europesays.com\/fr\/wp-json\/wp\/v2\/posts\/357941","targetHints":{"allow":["GET"]}}],"collection":[{"href":"https:\/\/www.europesays.com\/fr\/wp-json\/wp\/v2\/posts"}],"about":[{"href":"https:\/\/www.europesays.com\/fr\/wp-json\/wp\/v2\/types\/post"}],"author":[{"embeddable":true,"href":"https:\/\/www.europesays.com\/fr\/wp-json\/wp\/v2\/users\/2"}],"replies":[{"embeddable":true,"href":"https:\/\/www.europesays.com\/fr\/wp-json\/wp\/v2\/comments?post=357941"}],"version-history":[{"count":0,"href":"https:\/\/www.europesays.com\/fr\/wp-json\/wp\/v2\/posts\/357941\/revisions"}],"wp:featuredmedia":[{"embeddable":true,"href":"https:\/\/www.europesays.com\/fr\/wp-json\/wp\/v2\/media\/357942"}],"wp:attachment":[{"href":"https:\/\/www.europesays.com\/fr\/wp-json\/wp\/v2\/media?parent=357941"}],"wp:term":[{"taxonomy":"category","embeddable":true,"href":"https:\/\/www.europesays.com\/fr\/wp-json\/wp\/v2\/categories?post=357941"},{"taxonomy":"post_tag","embeddable":true,"href":"https:\/\/www.europesays.com\/fr\/wp-json\/wp\/v2\/tags?post=357941"}],"curies":[{"name":"wp","href":"https:\/\/api.w.org\/{rel}","templated":true}]}}