{"id":357949,"date":"2025-09-01T09:05:15","date_gmt":"2025-09-01T09:05:15","guid":{"rendered":"https:\/\/www.europesays.com\/fr\/357949\/"},"modified":"2025-09-01T09:05:15","modified_gmt":"2025-09-01T09:05:15","slug":"sepp-straka-en-ryder-cup-un-probleme-personnel-fait-planer-le-doute","status":"publish","type":"post","link":"https:\/\/www.europesays.com\/fr\/357949\/","title":{"rendered":"Sepp Straka en Ryder Cup ? Un probl\u00e8me personnel fait planer le doute"},"content":{"rendered":"<p>\t\t\t\t\t\t<img width=\"770\" height=\"555\" src=\"https:\/\/www.europesays.com\/fr\/wp-content\/uploads\/2025\/05\/sepp-straka-the-open-royal-liverpool-770x555.jpg\" class=\"img-responsive wp-post-image\" alt=\"Sepp Strak Photo by Jared C. Tilton\/Getty Images\" decoding=\"async\" fetchpriority=\"high\"  \/>\t\t\t\t\t<\/p>\n<p>\t\t\t\t\t\t Partager cet article <\/p>\n<p class=\"screen-reader-text juiz_sps_maybe_hidden_text\">Partager la publication \u00ab\u00a0Sepp Straka en Ryder Cup ? Un probl\u00e8me personnel fait planer le doute\u00a0\u00bb<\/p>\n<p><strong>L\u2019Autrichien Sepp Straka est pressenti pour \u00eatre choisi ce lundi en tant que wild-card par Luke Donald afin de renforcer l\u2019\u00e9quipe europ\u00e9enne de Ryder Cup qui se rendra \u00e0 Bethpage. Mais le 13e joueur mondial est confront\u00e9 \u00e0 des soucis personnels en ce moment, ce qui pourrait remettre en cause sa s\u00e9lection.<\/strong><\/p>\n<p><strong><br \/><\/strong><br \/>Vainqueur cette ann\u00e9e de l\u2019<strong>American Express<\/strong> et du <strong>Truist Championship <\/strong>sur le<strong> PGA Tour<\/strong>, <strong>Sepp Straka<\/strong> s\u2019annon\u00e7ait comme un renfort tr\u00e8s solide pour l\u2019\u00e9quipe de <strong>Luke Donald<\/strong>. Pr\u00e9sent \u00e0 Rome pour sa premi\u00e8re <strong>Ryder Cup<\/strong>, il avait apport\u00e9 un point en double aux Europ\u00e9ens, avant de conc\u00e9der deux d\u00e9faites.<\/p>\n<p>Son niveau de jeu cette ann\u00e9e s\u2019\u00e9tait encore am\u00e9lior\u00e9 jusqu\u2019\u00e0 cette fin de saison qui s\u00e8me le doute : forfait au <strong>BMW Championship<\/strong> pour officiellement \u00ab <a href=\"https:\/\/x.com\/PGATOURComms\/status\/1954974209660096897\" target=\"_blank\" rel=\"noopener nofollow\">des probl\u00e8mes d\u2019ordre personnel \u00bb<\/a>, il a termin\u00e9 bon dernier du <strong>Tour Championship<\/strong>, quatre coups derri\u00e8re l\u2019avant-dernier. L\u2019Autrichien a sembl\u00e9 tra\u00eener sa peine dans ce dernier tournoi de la <strong>FedEx Cup<\/strong>.<\/p>\n<p>Absent \u00e0 Wentworth<\/p>\n<p>Plus significatif encore, Straka n\u2019est pas inscrit pour le <strong>BMW PGA Championship<\/strong> qui va se jouer \u00e0 Wentworth (Angleterre) dans deux semaines. Le tournoi talisman du <strong>DP World Tour<\/strong> doit servir en quelque sorte de revue des troupes pour Luke Donald juste avant la Ryder Cup.<\/p>\n<p>\t\t\t\t\t<a id=\"183955\" href=\"https:\/\/bmwgolfcup.fr\/fr\/partenaires\" target=\"_blank\" rel=\"sponsorised nofollow noopener\"><img decoding=\"async\" src=\"data:image\/svg+xml,%3Csvg%20xmlns=\" http:=\"\" class=\"img-responsive\" alt=\"\" data-lazy-src=\"https:\/\/www.europesays.com\/fr\/wp-content\/uploads\/2025\/09\/oris-e01-bmw-cup-25-1170x275-1.jpg\"\/><\/a><\/p>\n<blockquote class=\"twitter-tweet\">\n<p dir=\"ltr\" lang=\"en\">\ud83d\udea8NEWSFLASH<\/p>\n<p>These players are (or are not) on the current Entry List at <a href=\"https:\/\/twitter.com\/hashtag\/BMWPGA?src=hash&amp;ref_src=twsrc%5Etfw\" rel=\"nofollow noopener\" target=\"_blank\">#BMWPGA<\/a> at Wentworth in a couple of weeks:<\/p>\n<p>\u2705McIlroy<br \/>\u2705Rahm<br \/>\u2705Hatton<br \/>\u2705MacIntyre<br \/>\u2705Fleetwood<br \/>\u2705Rose<br \/>\u2705RHojgaard<br \/>\u2705Hovland<br \/>\u2705Aberg<br \/>\u2705Lowry<br \/>\u2705Fitzpatrick<br \/>\u274cStraka<br \/>\u2014\u2014\u2014\u2014-<br \/>\u2705Donald<\/p>\n<p>\ud83e\udd14 <a href=\"https:\/\/twitter.com\/RyderCupEurope?ref_src=twsrc%5Etfw\" rel=\"nofollow noopener\" target=\"_blank\">@RyderCupEurope<\/a><\/p>\n<p>\u2014 Nosferatu (@VC606) <a href=\"https:\/\/twitter.com\/VC606\/status\/1962249971312316844?ref_src=twsrc%5Etfw\" rel=\"nofollow noopener\" target=\"_blank\">August 31, 2025<\/a><\/p>\n<\/blockquote>\n<p>\nLe capitaine europ\u00e9en va-t-il le choisir ce lundi apr\u00e8s-midi \u00e0 15 heures ? Sur ses r\u00e9sultats de l\u2019ann\u00e9e, c\u2019est une \u00e9vidence. Sur sa forme du moment et donc les doutes que peut provoquer le communiqu\u00e9 officiel du PGA Tour via l\u2019agent du joueur, qui avait parl\u00e9 de ses probl\u00e8mes personnels, on peut en douter. La Ryder Cup est tr\u00e8s exigeante sur le plan mental\u2026<\/p>\n<p>La r\u00e9ponse est en tout cas imminente.\u00a0<\/p>\n<p>\t\t\t\t\t<a id=\"182585\" href=\"https:\/\/www.golfcapdagde.com\/\" target=\"_blank\" rel=\"sponsorised nofollow noopener\"><img decoding=\"async\" src=\"data:image\/svg+xml,%3Csvg%20xmlns=\" http:=\"\" class=\"img-responsive\" alt=\"\" data-lazy-src=\"https:\/\/www.europesays.com\/fr\/wp-content\/uploads\/2025\/06\/capdagdegolf-e01-experience-golf-1170x275-1.gif\"\/><\/a><\/p>\n<p>Photo : Jared C. Tilton\/Getty Images<\/p>\n<p>\t\t\t<script async src=\"https:\/\/platform.twitter.com\/widgets.js\" charset=\"utf-8\"><\/script><\/p>\n","protected":false},"excerpt":{"rendered":"Partager cet article Partager la publication \u00ab\u00a0Sepp Straka en Ryder Cup ? Un probl\u00e8me personnel fait planer le&hellip;\n","protected":false},"author":2,"featured_media":94169,"comment_status":"","ping_status":"","sticky":false,"template":"","format":"standard","meta":{"footnotes":""},"categories":[1418],"tags":[1011,27,1472,60],"class_list":{"0":"post-357949","1":"post","2":"type-post","3":"status-publish","4":"format-standard","5":"has-post-thumbnail","7":"category-golf","8":"tag-fr","9":"tag-france","10":"tag-golf","11":"tag-sports"},"share_on_mastodon":{"url":"https:\/\/pubeurope.com\/@fr\/115128246206468320","error":""},"_links":{"self":[{"href":"https:\/\/www.europesays.com\/fr\/wp-json\/wp\/v2\/posts\/357949","targetHints":{"allow":["GET"]}}],"collection":[{"href":"https:\/\/www.europesays.com\/fr\/wp-json\/wp\/v2\/posts"}],"about":[{"href":"https:\/\/www.europesays.com\/fr\/wp-json\/wp\/v2\/types\/post"}],"author":[{"embeddable":true,"href":"https:\/\/www.europesays.com\/fr\/wp-json\/wp\/v2\/users\/2"}],"replies":[{"embeddable":true,"href":"https:\/\/www.europesays.com\/fr\/wp-json\/wp\/v2\/comments?post=357949"}],"version-history":[{"count":0,"href":"https:\/\/www.europesays.com\/fr\/wp-json\/wp\/v2\/posts\/357949\/revisions"}],"wp:featuredmedia":[{"embeddable":true,"href":"https:\/\/www.europesays.com\/fr\/wp-json\/wp\/v2\/media\/94169"}],"wp:attachment":[{"href":"https:\/\/www.europesays.com\/fr\/wp-json\/wp\/v2\/media?parent=357949"}],"wp:term":[{"taxonomy":"category","embeddable":true,"href":"https:\/\/www.europesays.com\/fr\/wp-json\/wp\/v2\/categories?post=357949"},{"taxonomy":"post_tag","embeddable":true,"href":"https:\/\/www.europesays.com\/fr\/wp-json\/wp\/v2\/tags?post=357949"}],"curies":[{"name":"wp","href":"https:\/\/api.w.org\/{rel}","templated":true}]}}