{"id":357954,"date":"2025-09-01T09:08:14","date_gmt":"2025-09-01T09:08:14","guid":{"rendered":"https:\/\/www.europesays.com\/fr\/357954\/"},"modified":"2025-09-01T09:08:14","modified_gmt":"2025-09-01T09:08:14","slug":"premier-arrive-premier-servi-lhorrible-justification-du-pdg-polonais-qui-a-vole-la-casquette-offerte-a-un-enfant","status":"publish","type":"post","link":"https:\/\/www.europesays.com\/fr\/357954\/","title":{"rendered":"\u00ab\u00a0Premier arriv\u00e9, premier servi\u00a0\u00bb, l&rsquo;horrible justification du PDG polonais qui a vol\u00e9 la casquette offerte \u00e0 un enfant"},"content":{"rendered":"<p>Apr\u00e8s avoir fait un toll\u00e9 en volant la casquette offerte \u00e0 un enfant par Kamil Majchrzak \u00e0 l&rsquo;US Open, un communiqu\u00e9 de Piotr Szczerek a \u00e9t\u00e9 publi\u00e9 sur internet. Il y menace de poursuites judiciaires tout commentaires offensant et diffamatoire.<\/p>\n<p>C&rsquo;est le feuilleton du week-end \u00e0 l&rsquo;US Open. Pas les doutes sur l&rsquo;\u00e9tat de sant\u00e9 de Jannik Sinner. Ni la <a href=\"https:\/\/rmcsport.bfmtv.com\/tennis\/us-open\/us-open-c-est-horrible-meconnaissable-alcaraz-se-fait-chambrer-sur-sa-nouvelle-coupe-de-cheveux_AV-202508260217.html\" title=\"US Open: &quot;C&#039;est horrible!&quot; M\u00e9connaissable, Alcaraz se fait chambrer sur sa nouvelle coupe de cheveux\" class=\"internal_link\" rel=\"nofollow noopener\" target=\"_blank\">nouvelle coupe de Carlos Alcaraz<\/a>. Mais bien <a href=\"https:\/\/rmcsport.bfmtv.com\/tennis\/us-open\/us-open-un-enfant-se-fait-voler-une-casquette-donnee-par-majchrzak-qui-finit-par-le-retrouver_AV-202508300246.html\" title=\"US Open: un enfant se fait voler une casquette donn\u00e9e par Majchrzak... qui finit par le retrouver\" class=\"internal_link\" rel=\"nofollow noopener\" target=\"_blank\">la pol\u00e9mique autour de la casquette de Kamil Majchrzak<\/a>. Apr\u00e8s sa victoire au 2e tour de l&rsquo;US Open jeudi, le joueur polonais a tendu sa casquette \u00e0 un enfant qui la r\u00e9clamait&#8230; avant qu&rsquo;un adulte ne s&rsquo;en empare.<\/p>\n<p>La vid\u00e9o a rapidement fait le tour du monde. Et gr\u00e2ce \u00e0 la recherche active des internautes sur les r\u00e9seaux sociaux, le voleur a \u00e9t\u00e9 identifi\u00e9. Il s&rsquo;agit de Piotr Szczerek, PDG et riche propri\u00e9taire d&rsquo;une entreprise polonaise de pavage appel\u00e9e Drogbruk.<\/p>\n<p>Des poursuites judiciaires?<\/p>\n<p>L&rsquo;indignation des r\u00e9seaux sociaux a \u00e9t\u00e9 telle que Szczerek a \u00e9t\u00e9 contraint de restreindre l&rsquo;acc\u00e8s \u00e0 tous ses moyens de communication. Avant de contre-attaquer. C&rsquo;est en tout cas ce que laisse entendre un communiqu\u00e9 publi\u00e9 &#8211; puis supprim\u00e9 &#8211; sur le forum polonais GoWork, relay\u00e9 par le site sp\u00e9cialis\u00e9 <a href=\"https:\/\/www.dexerto.com\/entertainment\/polish-ceos-company-review-bombed-after-stealing-hat-from-a-child-at-tennis-game-3244263\/\" target=\"_blank\" class=\"external_link\" rel=\"nofollow noopener\">Dexerto<\/a>.<\/p>\n<p>\u00ab\u00a0L&rsquo;incident r\u00e9cent lors du match de tennis a provoqu\u00e9 un toll\u00e9 disproportionn\u00e9 en ligne. Tout tourne autour du c\u00e9l\u00e8bre chapeau, bien s\u00fbr, a-t-il \u00e9crit. Oui, je l&rsquo;ai pris. Oui, je l&rsquo;ai fait rapidement. Mais comme je l&rsquo;ai toujours dit, dans la vie, le premier arriv\u00e9 est le premier servi.\u00a0\u00bb<\/p>\n<p>Le patron polonais a ensuite menac\u00e9 d&rsquo;engager des poursuites judiciaires contre tout message haineux. \u00ab\u00a0Je comprends que cela puisse d\u00e9plaire \u00e0 certains, mais s&rsquo;il vous pla\u00eet, ne cr\u00e9ons pas un scandale mondial. Ce n&rsquo;est qu&rsquo;un chapeau. Si vous \u00e9tiez plus rapide, vous l&rsquo;auriez. Concernant la haine en ligne, je vous rappelle qu&rsquo;insulter une personnalit\u00e9 publique est passible de poursuites judiciaires. Tous les commentaires offensants, diffamatoires et insinuations seront analys\u00e9s en vue d&rsquo;une \u00e9ventuelle poursuite judiciaire.\u00a0\u00bb<\/p>\n<p>Depuis, l&rsquo;entreprise voit ses notes d\u00e9gringoler sur les duff\u00e9rentes sites polonais, ou m\u00eame trustpilot.<\/p>\n<p>Cet incident aura au moins eu pour bienfait de permettre \u00e0 l&rsquo;enfant flou\u00e9 de retrouver une casquette. Gr\u00e2ce aux r\u00e9seaux sociaux, Kamil Majchrzak a pu retrouver le jeune supporter. Et le couvrir de cadeaux.<\/p>\n","protected":false},"excerpt":{"rendered":"Apr\u00e8s avoir fait un toll\u00e9 en volant la casquette offerte \u00e0 un enfant par Kamil Majchrzak \u00e0 l&rsquo;US&hellip;\n","protected":false},"author":2,"featured_media":357955,"comment_status":"","ping_status":"","sticky":false,"template":"","format":"standard","meta":{"footnotes":""},"categories":[1415],"tags":[1011,27,60,1467],"class_list":{"0":"post-357954","1":"post","2":"type-post","3":"status-publish","4":"format-standard","5":"has-post-thumbnail","7":"category-tennis","8":"tag-fr","9":"tag-france","10":"tag-sports","11":"tag-tennis"},"share_on_mastodon":{"url":"https:\/\/pubeurope.com\/@fr\/115128257884134322","error":""},"_links":{"self":[{"href":"https:\/\/www.europesays.com\/fr\/wp-json\/wp\/v2\/posts\/357954","targetHints":{"allow":["GET"]}}],"collection":[{"href":"https:\/\/www.europesays.com\/fr\/wp-json\/wp\/v2\/posts"}],"about":[{"href":"https:\/\/www.europesays.com\/fr\/wp-json\/wp\/v2\/types\/post"}],"author":[{"embeddable":true,"href":"https:\/\/www.europesays.com\/fr\/wp-json\/wp\/v2\/users\/2"}],"replies":[{"embeddable":true,"href":"https:\/\/www.europesays.com\/fr\/wp-json\/wp\/v2\/comments?post=357954"}],"version-history":[{"count":0,"href":"https:\/\/www.europesays.com\/fr\/wp-json\/wp\/v2\/posts\/357954\/revisions"}],"wp:featuredmedia":[{"embeddable":true,"href":"https:\/\/www.europesays.com\/fr\/wp-json\/wp\/v2\/media\/357955"}],"wp:attachment":[{"href":"https:\/\/www.europesays.com\/fr\/wp-json\/wp\/v2\/media?parent=357954"}],"wp:term":[{"taxonomy":"category","embeddable":true,"href":"https:\/\/www.europesays.com\/fr\/wp-json\/wp\/v2\/categories?post=357954"},{"taxonomy":"post_tag","embeddable":true,"href":"https:\/\/www.europesays.com\/fr\/wp-json\/wp\/v2\/tags?post=357954"}],"curies":[{"name":"wp","href":"https:\/\/api.w.org\/{rel}","templated":true}]}}