{"id":357956,"date":"2025-09-01T09:14:21","date_gmt":"2025-09-01T09:14:21","guid":{"rendered":"https:\/\/www.europesays.com\/fr\/357956\/"},"modified":"2025-09-01T09:14:21","modified_gmt":"2025-09-01T09:14:21","slug":"enjeux-strategies-et-liste-des-pilotes-pour-2026-%f0%9f%9a%a6","status":"publish","type":"post","link":"https:\/\/www.europesays.com\/fr\/357956\/","title":{"rendered":"enjeux, strat\u00e9gies et liste des pilotes pour 2026 \ud83d\udea6"},"content":{"rendered":"<p><img decoding=\"async\" src=\"https:\/\/www.europesays.com\/fr\/wp-content\/uploads\/2025\/09\/68b56085cd83e9294f5a8442_GnG_1254824_HiRes.jpeg\" alt=\"La d\u00e9cision de Honda pour 2026 en MotoGP accentue la pression sur les places de 2027\"\/> <\/p>\n<p>La saison 2026 de MotoGP s\u2019annonce d\u00e9j\u00e0 captivante, en grande partie gr\u00e2ce aux choix strat\u00e9giques de <a href=\"https:\/\/www.honda.fr\/motorcycles.html\" target=\"_blank\" rel=\"noopener\">Honda<\/a> concernant la composition de ses \u00e9quipes. Entre renouvellements de contrats, mont\u00e9es en puissance de jeunes talents et pressions croissantes pour 2027, Honda se positionne \u00e0 la crois\u00e9e des chemins. Plongez dans l&rsquo;univers passionnant du constructeur japonais \u00e0 travers l\u2019analyse compl\u00e8te de ses enjeux, ses forces et ses ambitions face \u00e0 une concurrence f\u00e9roce et \u00e0 un paddock plus comp\u00e9titif que jamais.<\/p>\n<p> \ud83d\udd0d Les enjeux du mercato MotoGP 2026 : Honda joue la carte de la stabilit\u00e9 et de l\u2019innovation <\/p>\n<p>En confirmant Luca Marini au sein de son \u00e9quipe officielle pour une saison suppl\u00e9mentaire et Johann Zarco chez LCR Honda pour deux ans, Honda affiche une strat\u00e9gie m\u00ealant stabilit\u00e9 et ouverture vers l\u2019avenir. La prolongation de Marini est le fruit de semaines d\u2019incertitudes et de tractations, notamment li\u00e9es aux mouvements du march\u00e9 des pilotes et \u00e0 la volte-face de Jorge Martin concernant son avenir chez <a href=\"https:\/\/www.aprilia.com\/fr_FR\/\" target=\"_blank\" rel=\"noopener\">Aprilia<\/a>. Alors que l\u2019itin\u00e9raire de Marini a failli \u00eatre boulevers\u00e9 par ces rebondissements, le choix de Honda r\u00e9v\u00e8le sa volont\u00e9 de capitaliser sur des profils capables d\u2019allier exp\u00e9rience, feedback technique pr\u00e9cis et potentiel de progression.<\/p>\n<p>Johann Zarco, pour sa part, s\u2019impose comme un pilier chez LCR Honda. Parti pour rester deux saisons suppl\u00e9mentaires, il b\u00e9n\u00e9ficie d\u2019un contrat garantissant l\u2019\u00e9galit\u00e9 de traitement au niveau des \u00e9volutions techniques. Malgr\u00e9 une ann\u00e9e 2025 marqu\u00e9e par des r\u00e9sultats en dents de scie, il est aujourd\u2019hui le chef de file du clan Honda en termes de performances et de points au championnat.<\/p>\n<p>L\u2019arriv\u00e9e probable de Diogo Moreira chez LCR Honda en remplacement de Somkiat Chantra d\u00e9montre \u00e9galement la volont\u00e9 de Honda d\u2019int\u00e9grer des jeunes \u00e0 fort potentiel. Cette ouverture sur l\u2019avenir s\u2019inscrit dans une double logique : pr\u00e9parer le renouvellement du team pour 2027 tout en maintenant un niveau de comp\u00e9tition \u00e9lev\u00e9.<\/p>\n<p> \ud83c\udfcd\ufe0f Luca Marini &amp; Joan Mir : piloter, d\u00e9velopper, s\u2019imposer <\/p>\n<p>Luca Marini, ancien pilote VR46 <a href=\"https:\/\/www.ducati.fr\/\" target=\"_blank\" rel=\"noopener\">Ducati<\/a>, a rapidement su se distinguer en tant que nouvel atout d\u2019Honda. Convaincu par ses comp\u00e9tences analytiques et sa capacit\u00e9 \u00e0 travailler m\u00e9thodiquement, Honda lui a fait confiance pour d\u00e9velopper la RC213V. La saison 2025 a pourtant \u00e9t\u00e9 \u00e9maill\u00e9e de difficult\u00e9s, dont une grave blessure lors d\u2019essais \u00e0 Suzuka. Mais Marini est revenu encore plus d\u00e9termin\u00e9, signant des r\u00e9sultats solides d\u00e8s son retour en piste, notamment un impressionnant quatri\u00e8me et cinqui\u00e8me places lors du Grand Prix de Hongrie.<\/p>\n<p>Joan Mir, champion du monde 2020, compl\u00e8te ce duo. Moins r\u00e9gulier, il demeure n\u00e9anmoins une pi\u00e8ce ma\u00eetresse du projet Honda, notamment en vue des r\u00e9glementations techniques majeures pr\u00e9vues pour 2027. Les deux pilotes savent qu\u2019ils devront afficher une constance irr\u00e9prochable pour pr\u00e9tendre conserver leur place \u00e0 l\u2019aube de la prochaine \u00e8re MotoGP.<\/p>\n<p> <img decoding=\"async\" src=\"https:\/\/www.europesays.com\/fr\/wp-content\/uploads\/2025\/09\/68b56086cd83e9294f5a8472_GnG_1256695_HiRes.jpeg\" alt=\"Luca Marini c\u00e9l\u00e8bre son retour apr\u00e8s blessure avec Honda en MotoGP\"\/> <\/p>\n<p>Face \u00e0 une comp\u00e9tition de plus en plus aff\u00fbt\u00e9e, Honda n\u2019h\u00e9site pas \u00e0 miser sur le duo Mir-Marini, alliant ainsi exp\u00e9rience du tr\u00e8s haut-niveau, capacit\u00e9 \u00e0 d\u00e9velopper la moto et d\u00e9termination \u00e0 redorer le blason de la marque. Pourtant, la course au poste de leader pour 2027 reste plus ouverte que jamais\u2026<\/p>\n<p> \ud83c\udfaf Pression sur 2027 : talents \u00e9mergents et ambitions affich\u00e9es <\/p>\n<p>La saison 2026 fa\u00e7onne d\u00e9j\u00e0 les grands mouvements de 2027, ann\u00e9e qui marquera l\u2019entr\u00e9e en vigueur de nouvelles r\u00e9glementations en MotoGP. Honda, conscient de la n\u00e9cessit\u00e9 de retrouver un champion charismatique capable de guider l\u2019\u00e9quipe vers les sommets, surveille les r\u00e9sultats de ses pilotes titulaires autant que ceux des nouveaux venus. La position de Marini et Mir n\u2019est pas immuable : le talentueux Diogo Moreira, issu de la Moto2, suscite d\u00e9j\u00e0 de fortes attentes et pourrait b\u00e9n\u00e9ficier d\u2019une option sur un guidon officiel pour 2027 en cas de saison rookie \u00e9clatante.<\/p>\n<p>La strat\u00e9gie de Honda est claire : anticiper, se pr\u00e9parer aux bouleversements technologiques, et tester les limites de l\u2019effectif actuel tout en int\u00e9grant des jeunes lanc\u00e9s \u00e0 pleine vitesse. La pr\u00e9sence suppos\u00e9e dans le contrat de Moreira d\u2019une possible insertion en \u00e9quipe officielle d\u00e8s 2027 en est le signe fort. Pour r\u00e9ussir cette transition sans heurt, Honda mise sur une \u00e9mulation interne stimul\u00e9e par la concurrence et l\u2019envie de faire \u00e9merger une nouvelle g\u00e9n\u00e9ration de champions.<\/p>\n<p>En parall\u00e8le, la concurrence s\u2019organise. Ducati, KTM, Aprilia et Yamaha multiplient les annonces et les strat\u00e9gies pour composer les line-ups les plus comp\u00e9titifs, ce qui accentue la pression sur Honda pour se d\u00e9marquer et conserver son lustre d\u2019antan.<\/p>\n<p> \ud83d\ude80 Johann Zarco, l\u2019exp\u00e9rience satellite au service d\u2019Honda <img decoding=\"async\" src=\"https:\/\/www.europesays.com\/fr\/wp-content\/uploads\/2025\/09\/68b56086cd83e9294f5a8475_GnG_1256776_HiRes.jpeg\" alt=\"Johann Zarco c\u00e9l\u00e8bre son podium MotoGP avec LCR Honda\"\/> <\/p>\n<p>Johann Zarco, solide artisan des performances de l\u2019\u00e9quipe satellite de Honda, s\u2019est distingu\u00e9 par ses victoires de prestige, notamment lors du Grand Prix de France sous la pluie, ainsi que par un excellent podium en Grande-Bretagne. Malgr\u00e9 des phases plus complexes en deuxi\u00e8me partie de saison, il devance nettement ses co\u00e9quipiers au classement, preuve de sa r\u00e9gularit\u00e9 et de sa capacit\u00e9 \u00e0 rentabiliser au mieux le mat\u00e9riel mis \u00e0 disposition.<\/p>\n<p>Zarco a su n\u00e9gocier une condition primordiale \u00e0 son renouvellement : recevoir les m\u00eames \u00e9volutions techniques que l\u2019\u00e9quipe officielle. \u00c0 37 ans en 2027, il pourrait alors conclure sa carri\u00e8re MotoGP sur une note \u00e9lev\u00e9e, \u00e0 moins qu\u2019il ne prolonge l\u2019aventure sur d\u2019autres challenges, galvanis\u00e9 par cette saison d\u00e9cisive.<\/p>\n<p>L\u2019id\u00e9e d\u2019un transfert dans l\u2019\u00e9quipe d\u2019usine a \u00e9t\u00e9 soulev\u00e9e par ses exploits, mais l\u2019\u00e9galit\u00e9 des chances garanties chez LCR Honda a \u00e9t\u00e9 jug\u00e9e suffisante par le pilote fran\u00e7ais. Pour Honda, la stabilit\u00e9 et l\u2019exp\u00e9rience de Zarco permettent \u00e0 la fois d\u2019assurer un score r\u00e9gulier au championnat constructeur et de faire progresser la moto dans la bonne direction.<\/p>\n<p> \ud83c\udfc1 La grille MotoGP 2026 : revue compl\u00e8te des forces en pr\u00e9sence <\/p>\n<p>Alors que le march\u00e9 des transferts bat son plein, voici un aper\u00e7u de la future grille MotoGP pour 2026, int\u00e9grant les derni\u00e8res confirmations et rumeurs les plus cr\u00e9dibles :<\/p>\n<p><strong>Ducati<\/strong><br \/>Marc Marquez<br \/>Pecco Bagnaia<\/p>\n<p><strong>Gresini Ducati<\/strong><br \/>Alex Marquez<br \/>Fermin Aldeguer<\/p>\n<p><strong>VR46 Ducati<\/strong><br \/>Franco Morbidelli*<br \/>Fabio Di Giannantonio<\/p>\n<p><strong>KTM<\/strong><br \/>Pedro Acosta<br \/>Brad Binder<\/p>\n<p><strong>Tech3 KTM<\/strong><br \/>Maverick Vinales<br \/>Enea Bastianini<\/p>\n<p><strong>Aprilia<\/strong><br \/>Marco Bezzecchi<br \/>Jorge Martin<\/p>\n<p><strong>Trackhouse Aprilia<\/strong><br \/>Raul Fernandez<br \/>Ai Ogura<\/p>\n<p><strong>Honda<\/strong><br \/>Luca Marini<br \/>Joan Mir<\/p>\n<p><strong>LCR Honda<\/strong><br \/>Johann Zarco<br \/>Diogo Moreira*<\/p>\n<p><strong>Yamaha<\/strong><br \/>Fabio Quartararo<br \/>Alex Rins<\/p>\n<p><strong>Pramac Yamaha<\/strong><br \/>Jack Miller*<br \/>Toprak Razgatlioglu<\/p>\n<p>* Non officiellement annonc\u00e9 <\/p>\n<p> \ud83d\udd2e Conclusion : l\u2019ambition, moteur du renouveau Honda <\/p>\n<p>Alors que les projecteurs sont tourn\u00e9s vers l\u2019avenir, Honda se positionne pour \u00e9crire une nouvelle page de son histoire en MotoGP. Entre stabilit\u00e9 de ses \u00e9quipages, attractivit\u00e9 de nouveaux talents et pr\u00e9paration anticip\u00e9e aux d\u00e9fis technologiques futurs, la saison 2026 cristallise autant d\u2019attentes que d\u2019espoirs. Face \u00e0 une concurrence redoutable, l\u2019\u00e9quipe japonaise doit faire preuve de cr\u00e9ativit\u00e9 et d\u2019audace pour redevenir une puissance incontournable en Grand Prix.<\/p>\n<p>Que ce soit \u00e0 travers la r\u00e9silience de Luca Marini, la technicit\u00e9 de Joan Mir, la g\u00e9n\u00e9rosit\u00e9 de Johann Zarco ou la fougue de Diogo Moreira, chaque acteur a un r\u00f4le cl\u00e9 \u00e0 jouer. Pour Honda, la victoire ne sera possible qu\u2019en alliant exp\u00e9rience, jeunesse, innovation et esprit de comp\u00e9tition.<\/p>\n<p>Unis autour d\u2019un objectif commun, les pilotes et ing\u00e9nieurs Honda poursuivent le r\u00eave d\u2019excellence. L\u2019aventure MotoGP continue\u2026 et elle ne fait que commencer. \ud83c\udfc6<\/p>\n<p>Dans l\u2019univers de la course comme du r\u00eave automobile, viser la performance rime avec fiabilit\u00e9. Vous imaginez-vous au volant d\u2019une Audi RS6, sans compromis gr\u00e2ce au <a href=\"https:\/\/www.joinsteer.com\" target=\"_blank\" rel=\"noopener\">leasing propos\u00e9 par Joinsteer<\/a> ? L\u2019exp\u00e9rience premium, directement \u00e0 port\u00e9e de main.<\/p>\n","protected":false},"excerpt":{"rendered":"La saison 2026 de MotoGP s\u2019annonce d\u00e9j\u00e0 captivante, en grande partie gr\u00e2ce aux choix strat\u00e9giques de Honda concernant&hellip;\n","protected":false},"author":2,"featured_media":357957,"comment_status":"","ping_status":"","sticky":false,"template":"","format":"standard","meta":{"footnotes":""},"categories":[1413],"tags":[1011,27,1457,1456,60],"class_list":{"0":"post-357956","1":"post","2":"type-post","3":"status-publish","4":"format-standard","5":"has-post-thumbnail","7":"category-moto","8":"tag-fr","9":"tag-france","10":"tag-moto","11":"tag-motocycle","12":"tag-sports"},"share_on_mastodon":{"url":"https:\/\/pubeurope.com\/@fr\/115128281949762811","error":""},"_links":{"self":[{"href":"https:\/\/www.europesays.com\/fr\/wp-json\/wp\/v2\/posts\/357956","targetHints":{"allow":["GET"]}}],"collection":[{"href":"https:\/\/www.europesays.com\/fr\/wp-json\/wp\/v2\/posts"}],"about":[{"href":"https:\/\/www.europesays.com\/fr\/wp-json\/wp\/v2\/types\/post"}],"author":[{"embeddable":true,"href":"https:\/\/www.europesays.com\/fr\/wp-json\/wp\/v2\/users\/2"}],"replies":[{"embeddable":true,"href":"https:\/\/www.europesays.com\/fr\/wp-json\/wp\/v2\/comments?post=357956"}],"version-history":[{"count":0,"href":"https:\/\/www.europesays.com\/fr\/wp-json\/wp\/v2\/posts\/357956\/revisions"}],"wp:featuredmedia":[{"embeddable":true,"href":"https:\/\/www.europesays.com\/fr\/wp-json\/wp\/v2\/media\/357957"}],"wp:attachment":[{"href":"https:\/\/www.europesays.com\/fr\/wp-json\/wp\/v2\/media?parent=357956"}],"wp:term":[{"taxonomy":"category","embeddable":true,"href":"https:\/\/www.europesays.com\/fr\/wp-json\/wp\/v2\/categories?post=357956"},{"taxonomy":"post_tag","embeddable":true,"href":"https:\/\/www.europesays.com\/fr\/wp-json\/wp\/v2\/tags?post=357956"}],"curies":[{"name":"wp","href":"https:\/\/api.w.org\/{rel}","templated":true}]}}