{"id":357960,"date":"2025-09-01T09:16:10","date_gmt":"2025-09-01T09:16:10","guid":{"rendered":"https:\/\/www.europesays.com\/fr\/357960\/"},"modified":"2025-09-01T09:16:10","modified_gmt":"2025-09-01T09:16:10","slug":"furax-pauline-ferrand-prevot-balance-sur-cette-icone-du-sport-cest-sa-gueule-dabord","status":"publish","type":"post","link":"https:\/\/www.europesays.com\/fr\/357960\/","title":{"rendered":"Furax, Pauline Ferrand-Pr\u00e9vot balance sur cette ic\u00f4ne du sport : \u00ab\u00a0C\u2019est sa gueule d\u2019abord\u00a0\u00bb"},"content":{"rendered":"<p>Elle fait incontestablement partie des nouveaux visages du sport<br \/>\nfran\u00e7ais. \u00c0 33 ans, Pauline Ferrand-Pr\u00e9vot a d\u00e9j\u00e0 r\u00e9alis\u00e9 de<br \/>\ngrandes choses dans sa carri\u00e8re. Proclam\u00e9e championne mondiale de<br \/>\ncyclo-cross et VTT cross-country en 2015, la jeune femme originaire<br \/>\nde Reims r\u00e9alise une autre prouesse en remportant l\u00a0\u00bbor \u00e0 l\u2019issue de<br \/>\nl\u2019\u00e9preuve de cross-country aux Jeux Olympiques de Paris l\u2019ann\u00e9e<br \/>\nderni\u00e8re. Mieux encore, Pauline Ferrand-Pr\u00e9vot accomplit le 3 ao\u00fbt<br \/>\ndernier l\u2019impossible en gagnant le Tour de France f\u00e9minin, 36 ans<br \/>\napr\u00e8s Jeannie Longo.<\/p>\n<p>Pauline Ferrand-Pr\u00e9vot r\u00e8gle ses comptes avec Jeannie<br \/>\nLongo<\/p>\n<p>Etonnant mais vrai, <strong>la jeune championne ne porte pas<br \/>\nvraiment Jeannie Longo dans son c\u0153ur<\/strong>. Lors des<br \/>\nchampionnats de France en juin 2012 o\u00f9 elle avait r\u00e9ussi \u00e0<br \/>\n<strong>d\u00e9tr\u00f4ner l\u2019ic\u00f4ne du cyclisme f\u00e9minin<\/strong> apr\u00e8s une<br \/>\nchute et une cinqui\u00e8me place, Pauline Ferrand-Pr\u00e9vot n\u2019avait<br \/>\n<strong>pas m\u00e2ch\u00e9 ses mots<\/strong>.<\/p>\n<p><strong>\u00ab\u00a0Pour elle, c&rsquo;est une fin de r\u00e8gne\u00a0\u00bb<\/strong>,<br \/>\nestimait alors celle qui a par ailleurs livr\u00e9 <a href=\"https:\/\/www.melty.fr\/sportz\/pauline-ferrand-prevot-brutalement-honnete-sur-le-dopage-javoue-que-2257993.html\" target=\"_blank\" rel=\"noopener\"><br \/>\nun avis franc sur le dopage dans le monde du sport<\/a>. Pauline<br \/>\nFerrand-Pr\u00e9vot poursuivait ainsi : \u00ab\u00a0Il ne faut pas d\u00e9nigrer ce<br \/>\nqu&rsquo;elle a fait, mais je suis soulag\u00e9e. <strong>Jusque-l\u00e0, on<br \/>\nparlait beaucoup de Longo, mais maintenant, \u00e7a va<br \/>\nchanger&#8230;\u00a0\u00bb<\/strong>.<\/p>\n<p>Selon la jeune championne, pour Jeannie Longo, \u00ab\u00a0c&rsquo;est sa gueule<br \/>\nd&rsquo;abord et les autres passent apr\u00e8s\u00a0\u00bb<\/p>\n<p>Lors d\u2019un pr\u00e9c\u00e9dent entretien accord\u00e9 \u00e0 L&rsquo;\u00c9quipe,<br \/>\n<strong>Pauline Ferrand-Pr\u00e9vot avait de nouveau charg\u00e9 Jeannie<br \/>\nLongo<\/strong> et ne s\u2019\u00e9tait pas montr\u00e9e tendre envers elle :<br \/>\n<strong>\u00ab\u00a0En 2012, quand je l&rsquo;avais battue sur le chrono,<br \/>\nj&rsquo;avais dit : &lsquo;Voil\u00e0, Longo, c&rsquo;est fini.&rsquo; Et je m&rsquo;\u00e9tais fait mal<br \/>\nvoir<\/strong>. On m&rsquo;avait dit : &lsquo;Mais tu te prends pour qui ? Tu<br \/>\nn&rsquo;auras jamais son palmar\u00e8s&#8230;&rsquo; Du coup, je n&rsquo;aime pas trop parler<br \/>\nd&rsquo;elle et je ne sais pas comment en parler. Je la respecte pour son<br \/>\npalmar\u00e8s mais je me dis aussi qu&rsquo;<strong>elle ne nous a rien<br \/>\napport\u00e9, \u00e0 nous, les jeunes\u00a0\u00bb<\/strong>.<\/p>\n<p>Et d\u2019enfoncer un peu plus le clou en \u00e9voquant son a\u00een\u00e9e :<br \/>\n\u00ab\u00a0Elle s&rsquo;est accapar\u00e9 les m\u00e9dias mais ne nous a jamais transmis<br \/>\nson savoir, n&rsquo;a <strong>jamais fait un pas vers nous<\/strong>. Un<br \/>\nSMS, \u00e7a ne co\u00fbte rien&#8230; <strong>C&rsquo;est sa gueule d&rsquo;abord et les<br \/>\nautres passent apr\u00e8s<\/strong>. La seule fois qu&rsquo;elle ma f\u00e9licit\u00e9e,<br \/>\nc&rsquo;\u00e9tait devant une cam\u00e9ra\u00a0\u00bb. Ouch !<\/p>\n<p>Pauline Ferrand-Pr\u00e9vot d\u00e9voile ce qui<br \/>\nl\u2019agace chez la championne<\/p>\n<p>Continuant sur sa lanc\u00e9e, Pauline Ferrand-Pr\u00e9vot, qui <a href=\"https:\/\/www.melty.fr\/people\/visee-par-une-rumeur-sur-sa-vie-intime-pauline-ferrand-prevot-met-les-choses-au-clair-ca-parle-beaucoup-2257566.html\" target=\"_blank\" rel=\"noopener\"><br \/>\nde toute \u00e9vidence ose dire les choses<\/a>, a dress\u00e9 <strong>un<br \/>\nportrait peu flatteur de celle qui a aujourd\u2019hui 66 ans<\/strong>.<br \/>\n\u00ab\u00a0Elle ne faisait que les Championnats de France, juste pour<br \/>\npouvoir dire : <strong>&lsquo;Regardez, les jeunes n&rsquo;ont pas le<br \/>\nniveau.&rsquo;<\/strong> C&rsquo;est ce qui m&rsquo;agace un peu. En gros,<br \/>\n<strong>elle veut nous ridiculiser<\/strong>. Je pense qu&rsquo;elle ne<br \/>\nveut pas tourner la page\u00a0\u00bb, estime-t-elle alors.<\/p>\n<p>Si Pauline Ferrand-Pr\u00e9vot n\u2019a visiblement aucun mal \u00e0 tacler<br \/>\nJeannie Longo sur sa carri\u00e8re, elle s\u2019en \u00e9tait \u00e9galement prise \u00e0<br \/>\nelle <strong>sur un plan plus personnel<\/strong>. \u00ab\u00a0Apr\u00e8s, c&rsquo;est<br \/>\ncompr\u00e9hensible, dans sa vie, elle n&rsquo;a peut-\u00eatre que cela.<br \/>\n<strong>Elle n&rsquo;a pas d&rsquo;enfants, son mari est aussi son<br \/>\nentra\u00eeneur<\/strong>. C\u2019est compliqu\u00e9 de passer \u00e0 autre chose quand<br \/>\non reste dans un contexte uniquement v\u00e9lo\u00a0\u00bb, lan\u00e7ait-elle<br \/>\naupr\u00e8s de nos confr\u00e8res. Des d\u00e9clarations qui n\u2019ont certainement<br \/>\npas d\u00fb faire plaisir \u00e0 la principale int\u00e9ress\u00e9e.<\/p>\n","protected":false},"excerpt":{"rendered":"Elle fait incontestablement partie des nouveaux visages du sport fran\u00e7ais. \u00c0 33 ans, Pauline Ferrand-Pr\u00e9vot a d\u00e9j\u00e0 r\u00e9alis\u00e9&hellip;\n","protected":false},"author":2,"featured_media":357961,"comment_status":"","ping_status":"","sticky":false,"template":"","format":"standard","meta":{"footnotes":""},"categories":[1411],"tags":[905,1154,207,1011,27,60],"class_list":{"0":"post-357960","1":"post","2":"type-post","3":"status-publish","4":"format-standard","5":"has-post-thumbnail","7":"category-cyclisme","8":"tag-a-la-une-melty","9":"tag-cycling","10":"tag-cyclisme","11":"tag-fr","12":"tag-france","13":"tag-sports"},"share_on_mastodon":{"url":"https:\/\/pubeurope.com\/@fr\/115128289765218127","error":""},"_links":{"self":[{"href":"https:\/\/www.europesays.com\/fr\/wp-json\/wp\/v2\/posts\/357960","targetHints":{"allow":["GET"]}}],"collection":[{"href":"https:\/\/www.europesays.com\/fr\/wp-json\/wp\/v2\/posts"}],"about":[{"href":"https:\/\/www.europesays.com\/fr\/wp-json\/wp\/v2\/types\/post"}],"author":[{"embeddable":true,"href":"https:\/\/www.europesays.com\/fr\/wp-json\/wp\/v2\/users\/2"}],"replies":[{"embeddable":true,"href":"https:\/\/www.europesays.com\/fr\/wp-json\/wp\/v2\/comments?post=357960"}],"version-history":[{"count":0,"href":"https:\/\/www.europesays.com\/fr\/wp-json\/wp\/v2\/posts\/357960\/revisions"}],"wp:featuredmedia":[{"embeddable":true,"href":"https:\/\/www.europesays.com\/fr\/wp-json\/wp\/v2\/media\/357961"}],"wp:attachment":[{"href":"https:\/\/www.europesays.com\/fr\/wp-json\/wp\/v2\/media?parent=357960"}],"wp:term":[{"taxonomy":"category","embeddable":true,"href":"https:\/\/www.europesays.com\/fr\/wp-json\/wp\/v2\/categories?post=357960"},{"taxonomy":"post_tag","embeddable":true,"href":"https:\/\/www.europesays.com\/fr\/wp-json\/wp\/v2\/tags?post=357960"}],"curies":[{"name":"wp","href":"https:\/\/api.w.org\/{rel}","templated":true}]}}