{"id":357962,"date":"2025-09-01T09:17:10","date_gmt":"2025-09-01T09:17:10","guid":{"rendered":"https:\/\/www.europesays.com\/fr\/357962\/"},"modified":"2025-09-01T09:17:10","modified_gmt":"2025-09-01T09:17:10","slug":"de-zerbi-voit-arriver-deux-joueurs-au-lieu-de-florentino-luis-et-geertruida","status":"publish","type":"post","link":"https:\/\/www.europesays.com\/fr\/357962\/","title":{"rendered":"De Zerbi voit arriver deux joueurs au lieu de Florentino Luis et Geertruida"},"content":{"rendered":"<p><strong>Apr\u00e8s avoir boucl\u00e9 l\u2019arriv\u00e9e d\u2019Emerson (on attend l\u2019officialisation), la direction de <a href=\"https:\/\/www.les-transferts.com\/club\/marseille\/actualite\/\" rel=\"nofollow noopener\" target=\"_blank\">l\u2019Olympique de Marseille<\/a> aurait boucl\u00e9 deux autres dossiers.<\/strong><\/p>\n<p>En effet, les dixi\u00e8mes et onzi\u00e8mes recrues phoc\u00e9ennes devraient \u00eatre <strong><a href=\"https:\/\/www.les-transferts.com\/joueur\/nayef-aguerd\/\" rel=\"nofollow noopener\" target=\"_blank\">Nayef Aguerd<\/a> (<a href=\"https:\/\/www.les-transferts.com\/club\/west-ham\/\" rel=\"nofollow noopener\" target=\"_blank\">West Ham<\/a>) <\/strong>et <strong><a href=\"https:\/\/www.les-transferts.com\/joueur\/matthew-oriley\/\" rel=\"nofollow noopener\" target=\"_blank\">Matt O\u2019Riley<\/a> (<a href=\"https:\/\/www.les-transferts.com\/club\/brighton\/\" rel=\"nofollow noopener\" target=\"_blank\">Brighton<\/a>).<\/strong><\/p>\n<p>Si l\u2019on en croit le journaliste italien O\u2019Riley qui \u00e9tait suivi par la Juve arrive sous la forme d\u2019un pr\u00eat payant de 2 millions d\u2019euros, sans option d\u2019achat.<\/p>\n<blockquote class=\"twitter-tweet\" data-width=\"500\" data-dnt=\"true\">\n<p lang=\"en\" dir=\"ltr\">\ud83d\udea8\u26aa\ufe0f\ud83d\udd35 Matt O\u2019Riley, in Marseille today to sign in as new OM player as replacement for Rabiot.<\/p>\n<p>\u20ac2m plus add-ons loan fee, salary covered and green light from Brighton.<\/p>\n<p>The deal does NOT include any buy option. <a href=\"https:\/\/twitter.com\/hashtag\/OM?src=hash&amp;ref_src=twsrc%5Etfw\" rel=\"nofollow noopener\" target=\"_blank\">#OM<\/a> <a href=\"https:\/\/twitter.com\/hashtag\/BHAFC?src=hash&amp;ref_src=twsrc%5Etfw\" rel=\"nofollow noopener\" target=\"_blank\">#BHAFC<\/a><\/p>\n<p>All sealed, here we go. <a href=\"https:\/\/t.co\/chHCTxmY4G\" rel=\"nofollow\">pic.twitter.com\/chHCTxmY4G<\/a><\/p>\n<p>\u2014 Fabrizio Romano (@FabrizioRomano) <a href=\"https:\/\/twitter.com\/FabrizioRomano\/status\/1962397508795294205?ref_src=twsrc%5Etfw\" rel=\"nofollow noopener\" target=\"_blank\">September 1, 2025<\/a><\/p><\/blockquote>\n<p>En ce qui concerne l\u2019international marocain, les Hammers travailleraient d\u00e9j\u00e0 sur la venue de son rempla\u00e7ant : Igor (Brighton).<\/p>\n<blockquote class=\"twitter-tweet\" data-width=\"500\" data-dnt=\"true\">\n<p lang=\"en\" dir=\"ltr\">\ud83d\udea8\u2692\ufe0f EXCL: West Ham exploring move to sign Igor as new centre back from Brighton.<\/p>\n<p>No agreement yet but talks took place for Brazilian CB to replace Aguerd, joining OM. \ud83c\udde7\ud83c\uddf7 <a href=\"https:\/\/t.co\/7PFZbidhnD\" rel=\"nofollow\">pic.twitter.com\/7PFZbidhnD<\/a><\/p>\n<p>\u2014 Fabrizio Romano (@FabrizioRomano) <a href=\"https:\/\/twitter.com\/FabrizioRomano\/status\/1962410095339253999?ref_src=twsrc%5Etfw\" rel=\"nofollow noopener\" target=\"_blank\">September 1, 2025<\/a><\/p><\/blockquote>\n<p>A noter que ces deux noms \u00e9taient d\u00e9j\u00e0 \u00e9voqu\u00e9s en d\u00e9but de mercato, bien avant les pistes <strong><a href=\"https:\/\/www.les-transferts.com\/joueur\/florentino-luis\/\" rel=\"nofollow noopener\" target=\"_blank\">Florentino Luis<\/a><\/strong> qui va finalement rejoindre <strong>Burnley<\/strong>, toujours selon la m\u00eame source, et <a href=\"https:\/\/www.les-transferts.com\/joueur\/lutsharel-geertruida\/\" rel=\"nofollow noopener\" target=\"_blank\"><strong>Lutsharel<\/strong> <strong>Geertuida<\/strong><\/a><strong> <\/strong>qui lui d\u00e9barque \u00e0 <strong><a href=\"https:\/\/www.les-transferts.com\/club\/sunderland\/\" rel=\"nofollow noopener\" target=\"_blank\">Sunderland<\/a><\/strong>.<\/p>\n<p>Le milieu de terrain de <strong><a href=\"https:\/\/www.les-transferts.com\/club\/benfica\/\" rel=\"nofollow noopener\" target=\"_blank\">Benfica <\/a><\/strong>est transf\u00e9r\u00e9 sous la forme d\u2019un pr\u00eat payant de 2 millions d\u2019euros avec une option d\u2019achat obligatoire de 24 millions d\u2019euros.<\/p>\n<blockquote class=\"twitter-tweet\" data-width=\"500\" data-dnt=\"true\">\n<p lang=\"en\" dir=\"ltr\">\ud83d\udea8\ud83d\udfe3 Florentino Luis to Burnley, confirmed and here we go! Documents exchanged right now with Benfica.<\/p>\n<p>\u20ac2m loan fee, \u20ac24m buy obligation clause. <a href=\"https:\/\/t.co\/ULLnPJFzH5\" rel=\"nofollow\">pic.twitter.com\/ULLnPJFzH5<\/a><\/p>\n<p>\u2014 Fabrizio Romano (@FabrizioRomano) <a href=\"https:\/\/twitter.com\/FabrizioRomano\/status\/1962414758704943273?ref_src=twsrc%5Etfw\" rel=\"nofollow noopener\" target=\"_blank\">September 1, 2025<\/a><\/p><\/blockquote>\n<p>Le transfert du d\u00e9fenseur de <strong><a href=\"https:\/\/www.les-transferts.com\/club\/rb-leipzig\/\" rel=\"nofollow noopener\" target=\"_blank\">Leipzig <\/a><\/strong>vers les Blak Cats est sur les m\u00eames bases : un pr\u00eat payant d\u2019environ 2,5 millions d\u2019euros avec une option d\u2019achat de 23 millions d\u2019euros.<\/p>\n<blockquote class=\"twitter-tweet\" data-width=\"500\" data-dnt=\"true\">\n<p lang=\"en\" dir=\"ltr\">\ud83d\udea8\ud83d\udd34\u26aa\ufe0f Lutsharel Geertruida to Sunderland, here we go! Medical completed right now for the centre back joining from Leipzig.<\/p>\n<p>\u20ac2.5m loan fee, \u20ac23m buy option clause and deal sealed with <a href=\"https:\/\/twitter.com\/hashtag\/SAFC?src=hash&amp;ref_src=twsrc%5Etfw\" rel=\"nofollow noopener\" target=\"_blank\">#SAFC<\/a>. <a href=\"https:\/\/t.co\/7VAQ7b1GHJ\" rel=\"nofollow\">pic.twitter.com\/7VAQ7b1GHJ<\/a><\/p>\n<p>\u2014 Fabrizio Romano (@FabrizioRomano) <a href=\"https:\/\/twitter.com\/FabrizioRomano\/status\/1962423783941099602?ref_src=twsrc%5Etfw\" rel=\"nofollow noopener\" target=\"_blank\">September 1, 2025<\/a><\/p><\/blockquote>\n<p>On attend donc ces officialisations en plus d\u2019Emerson Palmieri du c\u00f4t\u00e9 de l\u2019OM.<\/p>\n<p>        \u00cates-vous satisfaits par ces deux recrues ?     <\/p>\n<p>Passionn\u00e9 de football et de l\u2019Olympique de Marseille, je partage ma passion \u00e0 travers mes br\u00e8ves pour renseigner tous les supporters sur l\u2019actualit\u00e9 transfert de leurs clubs pr\u00e9f\u00e9r\u00e9s.<\/p>\n<p><script async src=\"https:\/\/platform.twitter.com\/widgets.js\" charset=\"utf-8\"><\/script><\/p>\n","protected":false},"excerpt":{"rendered":"Apr\u00e8s avoir boucl\u00e9 l\u2019arriv\u00e9e d\u2019Emerson (on attend l\u2019officialisation), la direction de l\u2019Olympique de Marseille aurait boucl\u00e9 deux autres&hellip;\n","protected":false},"author":2,"featured_media":357963,"comment_status":"","ping_status":"","sticky":false,"template":"","format":"standard","meta":{"footnotes":""},"categories":[1410],"tags":[63,1011,27,60],"class_list":{"0":"post-357962","1":"post","2":"type-post","3":"status-publish","4":"format-standard","5":"has-post-thumbnail","7":"category-football","8":"tag-football","9":"tag-fr","10":"tag-france","11":"tag-sports"},"share_on_mastodon":{"url":"https:\/\/pubeurope.com\/@fr\/115128293421927840","error":""},"_links":{"self":[{"href":"https:\/\/www.europesays.com\/fr\/wp-json\/wp\/v2\/posts\/357962","targetHints":{"allow":["GET"]}}],"collection":[{"href":"https:\/\/www.europesays.com\/fr\/wp-json\/wp\/v2\/posts"}],"about":[{"href":"https:\/\/www.europesays.com\/fr\/wp-json\/wp\/v2\/types\/post"}],"author":[{"embeddable":true,"href":"https:\/\/www.europesays.com\/fr\/wp-json\/wp\/v2\/users\/2"}],"replies":[{"embeddable":true,"href":"https:\/\/www.europesays.com\/fr\/wp-json\/wp\/v2\/comments?post=357962"}],"version-history":[{"count":0,"href":"https:\/\/www.europesays.com\/fr\/wp-json\/wp\/v2\/posts\/357962\/revisions"}],"wp:featuredmedia":[{"embeddable":true,"href":"https:\/\/www.europesays.com\/fr\/wp-json\/wp\/v2\/media\/357963"}],"wp:attachment":[{"href":"https:\/\/www.europesays.com\/fr\/wp-json\/wp\/v2\/media?parent=357962"}],"wp:term":[{"taxonomy":"category","embeddable":true,"href":"https:\/\/www.europesays.com\/fr\/wp-json\/wp\/v2\/categories?post=357962"},{"taxonomy":"post_tag","embeddable":true,"href":"https:\/\/www.europesays.com\/fr\/wp-json\/wp\/v2\/tags?post=357962"}],"curies":[{"name":"wp","href":"https:\/\/api.w.org\/{rel}","templated":true}]}}