{"id":357966,"date":"2025-09-01T09:24:27","date_gmt":"2025-09-01T09:24:27","guid":{"rendered":"https:\/\/www.europesays.com\/fr\/357966\/"},"modified":"2025-09-01T09:24:27","modified_gmt":"2025-09-01T09:24:27","slug":"urgent-alerte-meteo-rentree-reportee","status":"publish","type":"post","link":"https:\/\/www.europesays.com\/fr\/357966\/","title":{"rendered":"Urgent \u2022 Alerte m\u00e9t\u00e9o \u2022 Rentr\u00e9e report\u00e9e \u2022"},"content":{"rendered":"<p>               <img width=\"960\" height=\"272\" src=\"https:\/\/www.europesays.com\/fr\/wp-content\/uploads\/2025\/09\/2024_09_03_Accueil-L12-scaled-e1756656017972-960x272.jpg\" class=\"attachment-agenda-images size-agenda-images wp-post-image\" alt=\"\" decoding=\"async\" fetchpriority=\"high\"\/>               <\/p>\n<p>Le d\u00e9partement des Bouches-du-Rh\u00f4ne est class\u00e9 en alerte orange par M\u00e9t\u00e9o France, ce lundi 1er septembre jusqu\u2019\u00e0 10h. Le pr\u00e9fet et le Recteur ont d\u00e9cid\u00e9 d\u2019un commun accord de d\u00e9caler la rentr\u00e9e scolaire dans les \u00e9coles, coll\u00e8ges et lyc\u00e9es, en vertu du principe de pr\u00e9caution. De m\u00eame,\u00a0 la direction de l\u2019ensa \u2022 m, pour garantir la s\u00e9curit\u00e9 de tous, vous informe :<\/p>\n<ul>\n<li>La rentr\u00e9e des L1 est inchang\u00e9e, elle aura lieu le mardi 2 septembre \u00e0 9h, Amphi \u00a0250<\/li>\n<li>La rentr\u00e9e des L2 est report\u00e9e au mardi 2 septembre \u00e0 9h, \u00a0Amphi 200<\/li>\n<li>Le voyage \u00e0 Barcelone des L3, \u00a0est maintenu avec un RDV fix\u00e9 \u00e0 10h et non 9h.<\/li>\n<li>Les intensifs de E. Dussol, L. Roccaro, JM Hueber,\u00a0 E. Serre, et \u00a0JC Grosso d\u00e9marreront \u00e0 14H.<\/li>\n<li>Les \u00e9tudiants du workshop de Master de Julien Montfort est invit\u00e9 \u00e0 reprendre, \u00e0 \u00a0partir de midi, sans prendre de risque pour rejoindre l\u2019\u00e9cole ou le terrain.<\/li>\n<li>La r\u00e9ouverture de la biblioth\u00e8que aura lieu mardi 2 septembre \u00e0 14h.<\/li>\n<li>Les enseignants et le personnel administratif pourront rester en t\u00e9l\u00e9travail le lundi matin, sachant que le d\u00e9jeuner de travail et le s\u00e9minaire de rentr\u00e9e sont maintenus \u00e0 partir de 12H30.<\/li>\n<\/ul>\n<p>            INFOS MINUTES<\/p>\n","protected":false},"excerpt":{"rendered":"Le d\u00e9partement des Bouches-du-Rh\u00f4ne est class\u00e9 en alerte orange par M\u00e9t\u00e9o France, ce lundi 1er septembre jusqu\u2019\u00e0 10h.&hellip;\n","protected":false},"author":2,"featured_media":357967,"comment_status":"","ping_status":"","sticky":false,"template":"","format":"standard","meta":{"footnotes":""},"categories":[1358],"tags":[1348,1384,1385,1386,58,59,1011,27],"class_list":{"0":"post-357966","1":"post","2":"type-post","3":"status-publish","4":"format-standard","5":"has-post-thumbnail","7":"category-arts-et-design","8":"tag-arts","9":"tag-arts-and-design","10":"tag-arts-et-design","11":"tag-design","12":"tag-divertissement","13":"tag-entertainment","14":"tag-fr","15":"tag-france"},"share_on_mastodon":{"url":"https:\/\/pubeurope.com\/@fr\/115128320945579336","error":""},"_links":{"self":[{"href":"https:\/\/www.europesays.com\/fr\/wp-json\/wp\/v2\/posts\/357966","targetHints":{"allow":["GET"]}}],"collection":[{"href":"https:\/\/www.europesays.com\/fr\/wp-json\/wp\/v2\/posts"}],"about":[{"href":"https:\/\/www.europesays.com\/fr\/wp-json\/wp\/v2\/types\/post"}],"author":[{"embeddable":true,"href":"https:\/\/www.europesays.com\/fr\/wp-json\/wp\/v2\/users\/2"}],"replies":[{"embeddable":true,"href":"https:\/\/www.europesays.com\/fr\/wp-json\/wp\/v2\/comments?post=357966"}],"version-history":[{"count":0,"href":"https:\/\/www.europesays.com\/fr\/wp-json\/wp\/v2\/posts\/357966\/revisions"}],"wp:featuredmedia":[{"embeddable":true,"href":"https:\/\/www.europesays.com\/fr\/wp-json\/wp\/v2\/media\/357967"}],"wp:attachment":[{"href":"https:\/\/www.europesays.com\/fr\/wp-json\/wp\/v2\/media?parent=357966"}],"wp:term":[{"taxonomy":"category","embeddable":true,"href":"https:\/\/www.europesays.com\/fr\/wp-json\/wp\/v2\/categories?post=357966"},{"taxonomy":"post_tag","embeddable":true,"href":"https:\/\/www.europesays.com\/fr\/wp-json\/wp\/v2\/tags?post=357966"}],"curies":[{"name":"wp","href":"https:\/\/api.w.org\/{rel}","templated":true}]}}