{"id":357972,"date":"2025-09-01T09:27:12","date_gmt":"2025-09-01T09:27:12","guid":{"rendered":"https:\/\/www.europesays.com\/fr\/357972\/"},"modified":"2025-09-01T09:27:12","modified_gmt":"2025-09-01T09:27:12","slug":"florent-pagny-se-confie-sur-sa-sante-la-ca-va-apres-le-cancer","status":"publish","type":"post","link":"https:\/\/www.europesays.com\/fr\/357972\/","title":{"rendered":"Florent Pagny se confie sur sa sant\u00e9 : \u00ab L\u00e0, \u00e7a va \u00bb apr\u00e8s le cancer"},"content":{"rendered":"<p>Publi\u00e91. septembre 2025, 10:32<\/p>\n<p>Cancer: Rares confidences de Florent Pagny sur sa sant\u00e9: \u00abL\u00e0, \u00e7a va\u00bb<\/p>\n<p>Le chanteur, install\u00e9 en Bourgogne, confie dans \u00abSept \u00e0 Huit\u00bb avoir retrouv\u00e9 un \u00e9quilibre apr\u00e8s ses traitements. Et qu&rsquo;il pr\u00e9pare sa prochaine tourn\u00e9e.<\/p>\n<p><img decoding=\"async\" alt=\"Fabio Dell'Anna\" src=\"https:\/\/www.europesays.com\/fr\/wp-content\/uploads\/2025\/09\/0b94a1ca-9e37-419c-9ad0-cfd4479593f2.jpeg\" class=\"sc-b1f21c84-1 juVSAe\"\/><img loading=\"lazy\" decoding=\"async\" src=\"https:\/\/www.europesays.com\/fr\/wp-content\/uploads\/2025\/09\/47f25291-a029-4f2d-97d2-3c6a256d53f2.png\" alt=\"Florent Pagny lors de son entretien pour \u00abSept \u00e0 Huit\u00bb diffus\u00e9 le 31 ao\u00fbt 2025.\" title=\"Florent Pagny lors de son entretien pour \u00abSept \u00e0 Huit\u00bb diffus\u00e9 le 31 ao\u00fbt 2025.\"  width=\"1200\" height=\"813\"\/><\/p>\n<p>Florent Pagny lors de son entretien pour \u00abSept \u00e0 Huit\u00bb diffus\u00e9 le 31 ao\u00fbt 2025.<\/p>\n<p>Capture d&rsquo;\u00e9cran TF1<\/p>\n<p>\u00c0 63 ans, Florent Pagny se dit en pleine \u00abphase retour aux sources\u00bb. C\u2019est dans sa maison de Bourgogne, sa r\u00e9gion natale, qu\u2019il a re\u00e7u Audrey Crespo-Mara pour la rentr\u00e9e de l\u2019\u00e9mission \u00abSept \u00e0 huit\u00bb, diffus\u00e9e ce 31 ao\u00fbt. L\u2019artiste raconte avoir convaincu son \u00e9pouse Azucena de s\u2019y installer, malgr\u00e9 ses r\u00e9ticences initiales, s\u00e9duite \u00e0 son tour par l\u2019\u00e9nergie et les \u00abbonnes vibrations\u00bb du lieu.<\/p>\n<p>L\u2019entretien s\u2019est d\u00e9roul\u00e9 dans une atmosph\u00e8re intimiste, autour d\u2019un feu de chemin\u00e9e et sous le regard tranquille du chien Terre-Neuve du chanteur. Deux ans et demi plus t\u00f4t, <a href=\"https:\/\/www.lematin.ch\/story\/florent-pagny-annonce-la-recidive-probable-de-son-cancer-367364682968\" rel=\"nofollow noopener\" target=\"_blank\">Florent Pagny confiait face aux cam\u00e9ras que son cancer du poumon, diagnostiqu\u00e9 en 2022, avait r\u00e9cidiv\u00e9<\/a>. Aujourd\u2019hui, son discours se veut plus optimiste: suivi tous les trois mois, il assure que \u00abpour l\u2019instant, le r\u00e9sultat est \u00e0 chaque fois positif\u00bb.<\/p>\n<p>S\u2019il sait que la vigilance restera n\u00e9cessaire, \u00abce n\u2019est pas une bronchite, je vais encore avoir des contr\u00f4les pendant dix ans\u00bb, l\u2019artiste affiche un large sourire. \u00abL\u00e0, \u00e7a va. Si, deux ans et demi apr\u00e8s, je suis en train de te parler comme je te parle et que j\u2019ai la banane, c\u2019est que \u00e7a va\u00bb, glisse-t-il avec humour, avant de qualifier sa carri\u00e8re actuelle de \u00abcoup du mort-vivant\u00bb, en r\u00e9f\u00e9rence \u00e0 la rapidit\u00e9 avec laquelle sa nouvelle tourn\u00e9e, Le Retour, a \u00e9t\u00e9 sold out. \u00abTu mets au moins une bonne ann\u00e9e \u00e0 vendre tes 6000 ou 7000 billets. L\u00e0, je les ai vendus en 4 jours\u00bb, dit-il<\/p>\n<p>Il a arr\u00eat\u00e9 de fumer<\/p>\n<p>Le chanteur souligne \u00e9galement ce que la maladie l&rsquo;a chang\u00e9: sa carri\u00e8re, ses priorit\u00e9s, mais pas son rapport \u00e0 la vie. \u00abJamais je ne me suis dit que j\u2019allais mourir\u00bb, insiste-t-il, \u00e9voquant d\u2019autres amis emport\u00e9s par des pathologies plus graves. Une pens\u00e9e qu\u2019il adresse notamment \u00e0 <a href=\"https:\/\/www.lematin.ch\/story\/television-thierry-ardisson-est-decede-103382062\" rel=\"nofollow noopener\" target=\"_blank\">Thierry Ardisson, d\u00e9c\u00e9d\u00e9 en juillet dernier<\/a>, qu\u2019il avait c\u00f4toy\u00e9 durant sa maladie.<\/p>\n<p>Florent Pagny assure par ailleurs que sa voix n\u2019a rien perdu de sa puissance, bien au contraire. \u00abElle va mieux qu\u2019avant\u00bb, affirme-t-il, expliquant avoir cess\u00e9 de fumer. Plus que jamais, il rend hommage \u00e0 sa femme Azucena, son pilier depuis 32 ans, et \u00e0 leurs deux enfants \u00abextraordinaires, mais normaux\u00bb, comme il aime \u00e0 les d\u00e9crire.<\/p>\n<p>Alors qu\u2019il publie un nouvel album, \u00abGrandeur nature\u00bb, le chanteur envisage son avenir entre Paris, la Bourgogne et la Patagonie. \u00abIl me faut toujours des projets\u00bb, confie-t-il. \u00abComme \u00e7a, ma vie, elle ne s\u2019arr\u00eate jamais.\u00bb<\/p>\n","protected":false},"excerpt":{"rendered":"Publi\u00e91. septembre 2025, 10:32 Cancer: Rares confidences de Florent Pagny sur sa sant\u00e9: \u00abL\u00e0, \u00e7a va\u00bb Le chanteur,&hellip;\n","protected":false},"author":2,"featured_media":357973,"comment_status":"","ping_status":"","sticky":false,"template":"","format":"standard","meta":{"footnotes":""},"categories":[1355],"tags":[58,59,1011,27,1361,873],"class_list":{"0":"post-357972","1":"post","2":"type-post","3":"status-publish","4":"format-standard","5":"has-post-thumbnail","7":"category-musique","8":"tag-divertissement","9":"tag-entertainment","10":"tag-fr","11":"tag-france","12":"tag-music","13":"tag-musique"},"share_on_mastodon":{"url":"https:\/\/pubeurope.com\/@fr\/115128332883200103","error":""},"_links":{"self":[{"href":"https:\/\/www.europesays.com\/fr\/wp-json\/wp\/v2\/posts\/357972","targetHints":{"allow":["GET"]}}],"collection":[{"href":"https:\/\/www.europesays.com\/fr\/wp-json\/wp\/v2\/posts"}],"about":[{"href":"https:\/\/www.europesays.com\/fr\/wp-json\/wp\/v2\/types\/post"}],"author":[{"embeddable":true,"href":"https:\/\/www.europesays.com\/fr\/wp-json\/wp\/v2\/users\/2"}],"replies":[{"embeddable":true,"href":"https:\/\/www.europesays.com\/fr\/wp-json\/wp\/v2\/comments?post=357972"}],"version-history":[{"count":0,"href":"https:\/\/www.europesays.com\/fr\/wp-json\/wp\/v2\/posts\/357972\/revisions"}],"wp:featuredmedia":[{"embeddable":true,"href":"https:\/\/www.europesays.com\/fr\/wp-json\/wp\/v2\/media\/357973"}],"wp:attachment":[{"href":"https:\/\/www.europesays.com\/fr\/wp-json\/wp\/v2\/media?parent=357972"}],"wp:term":[{"taxonomy":"category","embeddable":true,"href":"https:\/\/www.europesays.com\/fr\/wp-json\/wp\/v2\/categories?post=357972"},{"taxonomy":"post_tag","embeddable":true,"href":"https:\/\/www.europesays.com\/fr\/wp-json\/wp\/v2\/tags?post=357972"}],"curies":[{"name":"wp","href":"https:\/\/api.w.org\/{rel}","templated":true}]}}