{"id":357990,"date":"2025-09-01T09:37:11","date_gmt":"2025-09-01T09:37:11","guid":{"rendered":"https:\/\/www.europesays.com\/fr\/357990\/"},"modified":"2025-09-01T09:37:11","modified_gmt":"2025-09-01T09:37:11","slug":"loire-jour-de-greve-au-lycee-albert-camus-a-firminy-la-rentree-scolaire-reportee","status":"publish","type":"post","link":"https:\/\/www.europesays.com\/fr\/357990\/","title":{"rendered":"Loire. Jour de gr\u00e8ve au lyc\u00e9e Albert-Camus \u00e0 Firminy, la rentr\u00e9e scolaire report\u00e9e"},"content":{"rendered":"<p>La reprise a un go\u00fbt bien amer pour les enseignants et personnels administratifs de la cit\u00e9 scolaire Albert-Camus, ce lundi 1er septembre.<\/p>\n<p>Au lieu d\u2019accueillir les \u00e9l\u00e8ves comme pour toute rentr\u00e9e scolaire, ils font barrage, devant l\u2019\u00e9tablissement. La raison de leur col\u00e8re\u00a0?<\/p>\n<p>\u00ab Le poste de proviseur adjoint du lyc\u00e9e professionnel \u00e9tait supprim\u00e9\u00a0\u00bb<\/p>\n<p>\u00ab\u00a0Nous avons appris vendredi, lors de la r\u00e9union de pr\u00e9-rentr\u00e9e que le poste de proviseur adjoint du lyc\u00e9e professionnel \u00e9tait supprim\u00e9, s\u2019agacent Marc Dupuit et Murielle Dantony, tous deux enseignants. C\u2019est la gestion m\u00eame de la cit\u00e9 scolaire qui est en question. \u00bb<\/p>\n<p>Une demande de rencontre avec l\u2019inspection acad\u00e9mique a \u00e9t\u00e9 faite pour ce lundi apr\u00e8s-midi. Les lyc\u00e9ens, eux, n\u2019ont plus qu\u2019\u00e0 rebrousser chemin en attendant la reprise des cours, report\u00e9e d\u2019un jour, a priori\u2026<\/p>\n","protected":false},"excerpt":{"rendered":"La reprise a un go\u00fbt bien amer pour les enseignants et personnels administratifs de la cit\u00e9 scolaire Albert-Camus,&hellip;\n","protected":false},"author":2,"featured_media":357991,"comment_status":"","ping_status":"","sticky":false,"template":"","format":"standard","meta":{"footnotes":""},"categories":[9653],"tags":[1111,11,2430,9671,7539,1057,4854,1777,674,10282,1011,27,3367,12,25,4001,801],"class_list":{"0":"post-357990","1":"post","2":"type-post","3":"status-publish","4":"format-standard","5":"has-post-thumbnail","7":"category-saint-etienne","8":"tag-actu","9":"tag-actualites","10":"tag-auvergne-rhone-alpes","11":"tag-conflit-social","12":"tag-edition-loire-sud","13":"tag-education","14":"tag-enseignement-superieur","15":"tag-eu","16":"tag-europe","17":"tag-firminy","18":"tag-fr","19":"tag-france","20":"tag-loire","21":"tag-news","22":"tag-republique-francaise","23":"tag-saint-etienne","24":"tag-social"},"share_on_mastodon":{"url":"https:\/\/pubeurope.com\/@fr\/115128372028666918","error":""},"_links":{"self":[{"href":"https:\/\/www.europesays.com\/fr\/wp-json\/wp\/v2\/posts\/357990","targetHints":{"allow":["GET"]}}],"collection":[{"href":"https:\/\/www.europesays.com\/fr\/wp-json\/wp\/v2\/posts"}],"about":[{"href":"https:\/\/www.europesays.com\/fr\/wp-json\/wp\/v2\/types\/post"}],"author":[{"embeddable":true,"href":"https:\/\/www.europesays.com\/fr\/wp-json\/wp\/v2\/users\/2"}],"replies":[{"embeddable":true,"href":"https:\/\/www.europesays.com\/fr\/wp-json\/wp\/v2\/comments?post=357990"}],"version-history":[{"count":0,"href":"https:\/\/www.europesays.com\/fr\/wp-json\/wp\/v2\/posts\/357990\/revisions"}],"wp:featuredmedia":[{"embeddable":true,"href":"https:\/\/www.europesays.com\/fr\/wp-json\/wp\/v2\/media\/357991"}],"wp:attachment":[{"href":"https:\/\/www.europesays.com\/fr\/wp-json\/wp\/v2\/media?parent=357990"}],"wp:term":[{"taxonomy":"category","embeddable":true,"href":"https:\/\/www.europesays.com\/fr\/wp-json\/wp\/v2\/categories?post=357990"},{"taxonomy":"post_tag","embeddable":true,"href":"https:\/\/www.europesays.com\/fr\/wp-json\/wp\/v2\/tags?post=357990"}],"curies":[{"name":"wp","href":"https:\/\/api.w.org\/{rel}","templated":true}]}}