{"id":357994,"date":"2025-09-01T09:39:13","date_gmt":"2025-09-01T09:39:13","guid":{"rendered":"https:\/\/www.europesays.com\/fr\/357994\/"},"modified":"2025-09-01T09:39:13","modified_gmt":"2025-09-01T09:39:13","slug":"vandoeuvre-les-nancy-le-centre-culturel-andre-malraux-ccam-varie-les-plaisirs-de-nouvelle-saison","status":"publish","type":"post","link":"https:\/\/www.europesays.com\/fr\/357994\/","title":{"rendered":"Vand\u0153uvre-l\u00e8s-Nancy. Le Centre Culturel Andr\u00e9-Malraux (CCAM) varie les plaisirs de (nouvelle) saison"},"content":{"rendered":"<p>Complice. On peut \u00eatre d\u00e9sign\u00e9 coupable, mais <a href=\"https:\/\/www.estrepublicain.fr\/p\/nicolas-mathieu\" target=\"_blank\" rel=\"noopener\">Nicolas Mathieu<\/a> a, lui, \u00e9t\u00e9 d\u00e9sign\u00e9 \u00ab\u00a0complice\u00a0\u00bb.<\/p>\n<p>Deux fois d\u00e9j\u00e0, le CCAM s\u2019\u00e9tait offert par le pass\u00e9 l\u2019aide d\u2019artistes. Cette fois, c\u2019est vers un \u00e9crivain qu\u2019Olivier Perry, le directeur, s\u2019est tourn\u00e9 pour composer son programme de saison. \u00ab\u00a0Et c\u2019est plut\u00f4t int\u00e9ressant qu\u2019il ne soit pas issu du spectacle vivant. Il nous pousse \u00e0 explorer des champs auxquels on n\u2019aurait pas forc\u00e9ment pens\u00e9.\u00a0\u00bb<\/p>\n<p>Ainsi <a href=\"https:\/\/www.estrepublicain.fr\/culture-loisirs\/2025\/08\/29\/rentree-du-centre-culturel-malraux-une-fete-acrobatique\" target=\"_blank\" rel=\"noopener\">le Centre Culturel Andr\u00e9-Malraux poursuit-il \u00e0 Vand\u0153uvre son d\u00e9ploiement vers un public le plus h\u00e9t\u00e9roclite possible.<\/a><\/p>\n<p>Non qu\u2019il ait besoin particuli\u00e8rement d\u2019occuper ses trav\u00e9es. \u00ab\u00a0En fait, le centre va plut\u00f4t bien, dans un secteur qu\u2019on sait pourtant compliqu\u00e9, se r\u00e9jouit <a href=\"https:\/\/www.estrepublicain.fr\/edition-de-nancy-agglomeration\/2017\/09\/28\/olivier-perry-veut-decloisonner\" target=\"_blank\" rel=\"noopener\">Olivier Perry.<\/a> Et le public s\u2019est montr\u00e9 tr\u00e8s pr\u00e9sent ces deux derni\u00e8res ann\u00e9es.\u00a0\u00bb Tendance qui semble vouloir se confirmer.<\/p>\n<p>  Ovnis or not ovnis\u00a0?<\/p>\n<p>\u00ab\u00a0Mais si, \u00e0 mon arriv\u00e9e, l\u2019enjeu \u00e9tait d\u2019abord de rassembler des gens dans la salle. Aujourd\u2019hui, on veut aussi aller \u00e0 la recherche des gens en dehors.\u00a0\u00bb Une intention qui se mat\u00e9rialise d\u2019embl\u00e9e avec Inertie , le spectacle acro-po\u00e9tique, offert du 11 au 14\u00a0septembre non dans les murs du th\u00e9\u00e2tre, mais sur les parterres du parc Pouille.<\/p>\n<p>Quant \u00e0 la suite, elle tient en une dizaine de propositions sur le seul dernier trimestre 2025. Avec notamment un temps fort, autrement appel\u00e9 \u00ab\u00a0Passeport\u00a0\u00bb, constitu\u00e9 autour des id\u00e9es souffl\u00e9es par Nicolas Mathieu.<\/p>\n<p>On y rep\u00e8re La Place , d\u2019Annie Ernaux, mis en sc\u00e8ne par Hugo Roux (les 18 et 19\u00a0novembre)\u00a0; L\u2019usine secr\u00e8te , documentaire d\u2019Emmanuel Graff qui nous \u00e9pargne le regard mis\u00e9rabiliste sur le monde sid\u00e9rurgique lorrain (20\u00a0novembre)\u00a0; enfin, dans Au Travail , l\u2019\u00e9crivain lui-m\u00eame se livre \u00e0 une lecture dessin\u00e9e\u2026 avec la complicit\u00e9 (encore\u00a0!) du b\u00e9d\u00e9iste Pierre-Henry Gomont (21\u00a0novembre).<\/p>\n<p>Nicolas Mathieu a aussi souffl\u00e9 le nom d\u2019Alexa Brunet, pour l\u2019expo \u00ab\u00a0Sommes-nous seuls (dans l\u2019univers)\u00a0?\u00a0\u00bb, qui s\u2019int\u00e9resse aux individus persuad\u00e9s d\u2019avoir vu des OVNIS. \u00ab\u00a0En alternance avec des images li\u00e9es au monde scientifique et astronomique. Sa fa\u00e7on d\u2019interroger notre rapport \u00e0 l\u2019hypoth\u00e8se d\u2019une vie extraterrestre.\u00a0\u00bb (du 17\u00a0septembre au 5\u00a0d\u00e9cembre).<\/p>\n<p>  Faites-le vous-m\u00eames\u00a0!<\/p>\n<p>\u00c0 cette m\u00eame Alexa Brunet, le CCAM a emprunt\u00e9 son image de saison 2025-2026, o\u00f9 tr\u00f4ne un cheval de bois orphelin de son man\u00e8ge dans un d\u00e9cor d\u00e9labr\u00e9. Apr\u00e8s les grandes esp\u00e9rances, l\u2019heure est-elle venue du d\u00e9senchantement\u00a0?<\/p>\n<p>Au moins, on a sauv\u00e9 l\u2019humour, plus que jamais pr\u00e9sent cette ann\u00e9e au CCAM. L\u00e9o Cohen-Paperman poursuit sa s\u00e9rie de portraits-spectacles des pr\u00e9sidents de la V e \u00a0R\u00e9publique dans SarkHollande \u2013 com\u00e9die identitaire (7 et 8\u00a0octobre).<\/p>\n<p>Handle With Care , spectacle des Flamands de l\u2019Ontroerend Goed, lui, tient dans un carton. Litt\u00e9ralement. En mode \u00ab\u00a0Faites-le vous-m\u00eames\u00a0\u00bb. \u00ab\u00a0Avec l\u2019\u00e9quipe, on l\u2019a test\u00e9, et c\u2019\u00e9tait compl\u00e8tement d\u00e9lirant.\u00a0\u00bb Une sc\u00e8ne de th\u00e9\u00e2tre est bien le lieu, en effet, o\u00f9 l\u2019on peut, encore, se permettre de d\u00e9lirer.<\/p>\n<p>        &#13;<br \/>\n          <a href=\"https:\/\/cdn-s-www.estrepublicain.fr\/images\/9b98d1f8-c99b-41f1-a8e4-c08613bec887\/NW_raw\/melaine-dalibert-reproduira-le-concert-a-cologne-de-keith-jarrett-le-16-octobre-2025-1756712027.jpg\" title=\"Melaine Dalibert reproduira le concert \u00e0 Cologne de Keith Jarrett, le 16\u00a0octobre 2025.\" class=\"chocolat-image GA-tracking\" data-ga_type=\"click\" data-ga_category=\"D\u00e9tail\" data-ga_action=\"zoomer\" data-ga_label=\"agrandir image\" target=\"_blank\" rel=\"noopener\">&#13;<br \/>\n            <img loading=\"lazy\" decoding=\"async\" src=\"https:\/\/www.europesays.com\/fr\/wp-content\/uploads\/2025\/09\/melaine-dalibert-reproduira-le-concert-a-cologne-de-keith-jarrett-le-16-octobre-2025-1756712027.jpg\" alt=\"Melaine Dalibert reproduira le concert \u00e0 Cologne de Keith Jarrett, le 16\u00a0octobre 2025.\"\/>&#13;<br \/>\n          <\/a>&#13;<br \/>\n          &#13;<\/p>\n<p class=\"insetTitle\">C\u00f4t\u00e9 musique<\/p>\n<p>Dans les prochaines semaines, plusieurs rendez-vous rythm\u00e9s m\u00e9ritent \u00e9galement le d\u00e9tour au CCAM. Dont la reprise du mythique concert de Cologne de Keith Jarrett en 1975 par le virtuose Melaine Dalibert (en photo), le 16\u00a0octobre.<\/p>\n<p>Walid Ben Selim, le 6\u00a0novembre, m\u00ealera le souffle de sa voix \u00e0 la harpe de Marie-Marguerite Cano, pour une exp\u00e9rience d\u2019une rare intensit\u00e9 aux confins du soufisme et de la po\u00e9sie (l6\u00a0novembre).<\/p>\n<p>Quant \u00e0 Yves Mwamba, il partage la sc\u00e8ne avec sa propre m\u00e8re, pour permettre au hip-hop de dialoguer avec le Mutuashi, danse traditionnelle congolaise (4\u00a0novembre).<\/p>\n","protected":false},"excerpt":{"rendered":"Complice. On peut \u00eatre d\u00e9sign\u00e9 coupable, mais Nicolas Mathieu a, lui, \u00e9t\u00e9 d\u00e9sign\u00e9 \u00ab\u00a0complice\u00a0\u00bb. Deux fois d\u00e9j\u00e0, le&hellip;\n","protected":false},"author":2,"featured_media":357995,"comment_status":"","ping_status":"","sticky":false,"template":"","format":"standard","meta":{"footnotes":""},"categories":[9635],"tags":[1111,11,1687,1704,1777,674,2271,1011,27,775,6364,873,1702,12,25,3140,5711],"class_list":{"0":"post-357994","1":"post","2":"type-post","3":"status-publish","4":"format-standard","5":"has-post-thumbnail","7":"category-nancy","8":"tag-actu","9":"tag-actualites","10":"tag-culture-loisirs","11":"tag-edition-nancy-et-agglomeration","12":"tag-eu","13":"tag-europe","14":"tag-exposition-arts-plastiques","15":"tag-fr","16":"tag-france","17":"tag-grand-est","18":"tag-metropole-du-grand-nancy-54b1","19":"tag-musique","20":"tag-nancy","21":"tag-news","22":"tag-republique-francaise","23":"tag-spectacle","24":"tag-vandoeuvre-les-nancy"},"share_on_mastodon":{"url":"https:\/\/pubeurope.com\/@fr\/115128379907978983","error":""},"_links":{"self":[{"href":"https:\/\/www.europesays.com\/fr\/wp-json\/wp\/v2\/posts\/357994","targetHints":{"allow":["GET"]}}],"collection":[{"href":"https:\/\/www.europesays.com\/fr\/wp-json\/wp\/v2\/posts"}],"about":[{"href":"https:\/\/www.europesays.com\/fr\/wp-json\/wp\/v2\/types\/post"}],"author":[{"embeddable":true,"href":"https:\/\/www.europesays.com\/fr\/wp-json\/wp\/v2\/users\/2"}],"replies":[{"embeddable":true,"href":"https:\/\/www.europesays.com\/fr\/wp-json\/wp\/v2\/comments?post=357994"}],"version-history":[{"count":0,"href":"https:\/\/www.europesays.com\/fr\/wp-json\/wp\/v2\/posts\/357994\/revisions"}],"wp:featuredmedia":[{"embeddable":true,"href":"https:\/\/www.europesays.com\/fr\/wp-json\/wp\/v2\/media\/357995"}],"wp:attachment":[{"href":"https:\/\/www.europesays.com\/fr\/wp-json\/wp\/v2\/media?parent=357994"}],"wp:term":[{"taxonomy":"category","embeddable":true,"href":"https:\/\/www.europesays.com\/fr\/wp-json\/wp\/v2\/categories?post=357994"},{"taxonomy":"post_tag","embeddable":true,"href":"https:\/\/www.europesays.com\/fr\/wp-json\/wp\/v2\/tags?post=357994"}],"curies":[{"name":"wp","href":"https:\/\/api.w.org\/{rel}","templated":true}]}}