{"id":357998,"date":"2025-09-01T09:41:09","date_gmt":"2025-09-01T09:41:09","guid":{"rendered":"https:\/\/www.europesays.com\/fr\/357998\/"},"modified":"2025-09-01T09:41:09","modified_gmt":"2025-09-01T09:41:09","slug":"toulon-vigilance-orange-dans-le-var-aucune-intervention-majeure-liee-aux-intemperies","status":"publish","type":"post","link":"https:\/\/www.europesays.com\/fr\/357998\/","title":{"rendered":"TOULON : Vigilance ORANGE dans le Var, aucune intervention majeure li\u00e9e aux intemp\u00e9ries"},"content":{"rendered":"<p><strong>Les sapeurs-pompiers du Var ont tenu un point relatif aux intemp\u00e9ries \u00e0 l\u2019issue d\u2019une r\u00e9union interservices.<\/strong><\/p>\n<p><strong>Le point \u00e0 9 heures :<\/strong><\/p>\n<p>\ud83d\udd39Aucune intervention majeure li\u00e9e aux intemp\u00e9ries<\/p>\n<p>\ud83d\udd39 Les pr\u00e9visions sont amoindries<\/p>\n<p>\ud83d\udd39 Fin de l\u2019\u00e9pisode vers 18h<\/p>\n<p>Dans l\u2019Ouest du d\u00e9partement \u2935\ufe0f<\/p>\n<p>3 unit\u00e9s de sauvetage inondation<\/p>\n<p>1 Groupe polyvalent inondation<\/p>\n<p>Dans le Centre du d\u00e9partement \u2935\ufe0f<\/p>\n<p>2 unit\u00e9s de sauvetage inondation<\/p>\n<p>1 Groupe polyvalent inondation<\/p>\n<p>Dans l\u2019Est du d\u00e9partement \u2935\ufe0f<\/p>\n<p>2 unit\u00e9s de sauvetage inondation<\/p>\n<p>Soit : 60 sapeurs-pompiers.<\/p>\n","protected":false},"excerpt":{"rendered":"Les sapeurs-pompiers du Var ont tenu un point relatif aux intemp\u00e9ries \u00e0 l\u2019issue d\u2019une r\u00e9union interservices. Le point&hellip;\n","protected":false},"author":2,"featured_media":53040,"comment_status":"","ping_status":"","sticky":false,"template":"","format":"standard","meta":{"footnotes":""},"categories":[9619],"tags":[1111,11,1777,674,1011,27,12,882,25,2310],"class_list":{"0":"post-357998","1":"post","2":"type-post","3":"status-publish","4":"format-standard","5":"has-post-thumbnail","7":"category-toulon","8":"tag-actu","9":"tag-actualites","10":"tag-eu","11":"tag-europe","12":"tag-fr","13":"tag-france","14":"tag-news","15":"tag-provence-alpes-cote-dazur","16":"tag-republique-francaise","17":"tag-toulon"},"share_on_mastodon":{"url":"https:\/\/pubeurope.com\/@fr\/115128387745433934","error":""},"_links":{"self":[{"href":"https:\/\/www.europesays.com\/fr\/wp-json\/wp\/v2\/posts\/357998","targetHints":{"allow":["GET"]}}],"collection":[{"href":"https:\/\/www.europesays.com\/fr\/wp-json\/wp\/v2\/posts"}],"about":[{"href":"https:\/\/www.europesays.com\/fr\/wp-json\/wp\/v2\/types\/post"}],"author":[{"embeddable":true,"href":"https:\/\/www.europesays.com\/fr\/wp-json\/wp\/v2\/users\/2"}],"replies":[{"embeddable":true,"href":"https:\/\/www.europesays.com\/fr\/wp-json\/wp\/v2\/comments?post=357998"}],"version-history":[{"count":0,"href":"https:\/\/www.europesays.com\/fr\/wp-json\/wp\/v2\/posts\/357998\/revisions"}],"wp:featuredmedia":[{"embeddable":true,"href":"https:\/\/www.europesays.com\/fr\/wp-json\/wp\/v2\/media\/53040"}],"wp:attachment":[{"href":"https:\/\/www.europesays.com\/fr\/wp-json\/wp\/v2\/media?parent=357998"}],"wp:term":[{"taxonomy":"category","embeddable":true,"href":"https:\/\/www.europesays.com\/fr\/wp-json\/wp\/v2\/categories?post=357998"},{"taxonomy":"post_tag","embeddable":true,"href":"https:\/\/www.europesays.com\/fr\/wp-json\/wp\/v2\/tags?post=357998"}],"curies":[{"name":"wp","href":"https:\/\/api.w.org\/{rel}","templated":true}]}}