{"id":357999,"date":"2025-09-01T09:42:11","date_gmt":"2025-09-01T09:42:11","guid":{"rendered":"https:\/\/www.europesays.com\/fr\/357999\/"},"modified":"2025-09-01T09:42:11","modified_gmt":"2025-09-01T09:42:11","slug":"vigilances-oranges-pluie-inondation-et-orages-le-plus-gros-de-cet-episode-mediterraneen-sest-concentre-au-large-de-toulon-mais-il-nest-pas-termine","status":"publish","type":"post","link":"https:\/\/www.europesays.com\/fr\/357999\/","title":{"rendered":"Vigilances oranges \u00ab\u00a0pluie-inondation\u00a0\u00bb et \u00ab\u00a0orages\u00a0\u00bb: le plus gros de cet \u00e9pisode m\u00e9diterran\u00e9en s&rsquo;est concentr\u00e9 au large de Toulon, mais il n&rsquo;est pas termin\u00e9"},"content":{"rendered":"<p>Ce lundi 1er septembre au matin, les services de la pr\u00e9fectures ont estim\u00e9 dans un communiqu\u00e9 que \u00ab\u00a0la prudence reste n\u00e9cessaire\u00a0\u00bb quant au risque d\u2019intemp\u00e9ries dans le Var.<\/p>\n<p>Ainsi, \u00ab\u00a0apr\u00e8s une premi\u00e8re ligne orageuse qui a touch\u00e9 la fa\u00e7ade ouest du d\u00e9partement, les masses pluvieuses s\u2019encha\u00eenent avec des intensit\u00e9s plus ou moins marqu\u00e9es. A ce stade, les cumuls \u00e0 terre ont atteint jusqu\u2019\u00e0 25 \u00e0 30 mm.\u00a0\u00bb <\/p>\n<p>\u00ab\u00a0Le plus gros du ph\u00e9nom\u00e8ne s\u2019est pour le moment concentr\u00e9 en mer, au large de Toulon et Carqueiranne, avec des cumuls tr\u00e8s importants qui ont atteint jusqu\u2019\u00e0 177 mm\/h.\u00a0\u00bb<\/p>\n<p>                                Pas de rel\u00e2chement, \u00ab\u00a0un nouveau front\u00a0\u00bb arrive<\/p>\n<p>Un volume \u00e9lev\u00e9, dont les cons\u00e9quences, sur terre auraient pu \u00eatre probl\u00e9matiques.<\/p>\n<p>L\u2019heure n\u2019est pas au rel\u00e2chement: \u00ab\u00a0Un nouveau front, plus consistant, s\u2019est form\u00e9 dans le Golfe du Lion qui atteindra les c\u00f4tes dans la journ\u00e9e et impactera le littoral et le sud du d\u00e9partement.\u00a0\u00bb<\/p>\n<p>Pour faire face \u00e0 cet \u00e9pisode de pluies m\u00e9diterran\u00e9ennes annonc\u00e9 d\u00e8s dimanche par M\u00e9t\u00e9o France, \u00ab\u00a0les services de l\u2019\u00c9tat et de secours sont mobilis\u00e9s. Ainsi, 60 sapeurs-pompiers avec des \u00e9quipes sp\u00e9cialis\u00e9es en sauvetage aquatique et des moyens nautiques sont pr\u00e9-positionn\u00e9s, en particulier sur la partie ouest et le centre du d\u00e9partement.\u00a0\u00bb<\/p>\n<p>\u00ab\u00a0La cellule de crise pr\u00e9fectorale en veille depuis hier a \u00e9t\u00e9 activ\u00e9e ce lundi \u00e0 partir de 6h30. Elle regroupe des cadres de la pr\u00e9fecture, du service d\u00e9partemental d\u2019incendie et de secours, de la police et de la gendarmerie nationales, ainsi que du conseil d\u00e9partemental.\u00a0\u00bb<\/p>\n","protected":false},"excerpt":{"rendered":"Ce lundi 1er septembre au matin, les services de la pr\u00e9fectures ont estim\u00e9 dans un communiqu\u00e9 que \u00ab\u00a0la&hellip;\n","protected":false},"author":2,"featured_media":358000,"comment_status":"","ping_status":"","sticky":false,"template":"","format":"standard","meta":{"footnotes":""},"categories":[9619],"tags":[1111,11,1777,674,1011,27,2487,12,882,25,2310],"class_list":{"0":"post-357999","1":"post","2":"type-post","3":"status-publish","4":"format-standard","5":"has-post-thumbnail","7":"category-toulon","8":"tag-actu","9":"tag-actualites","10":"tag-eu","11":"tag-europe","12":"tag-fr","13":"tag-france","14":"tag-meteo","15":"tag-news","16":"tag-provence-alpes-cote-dazur","17":"tag-republique-francaise","18":"tag-toulon"},"share_on_mastodon":{"url":"https:\/\/pubeurope.com\/@fr\/115128391705310898","error":""},"_links":{"self":[{"href":"https:\/\/www.europesays.com\/fr\/wp-json\/wp\/v2\/posts\/357999","targetHints":{"allow":["GET"]}}],"collection":[{"href":"https:\/\/www.europesays.com\/fr\/wp-json\/wp\/v2\/posts"}],"about":[{"href":"https:\/\/www.europesays.com\/fr\/wp-json\/wp\/v2\/types\/post"}],"author":[{"embeddable":true,"href":"https:\/\/www.europesays.com\/fr\/wp-json\/wp\/v2\/users\/2"}],"replies":[{"embeddable":true,"href":"https:\/\/www.europesays.com\/fr\/wp-json\/wp\/v2\/comments?post=357999"}],"version-history":[{"count":0,"href":"https:\/\/www.europesays.com\/fr\/wp-json\/wp\/v2\/posts\/357999\/revisions"}],"wp:featuredmedia":[{"embeddable":true,"href":"https:\/\/www.europesays.com\/fr\/wp-json\/wp\/v2\/media\/358000"}],"wp:attachment":[{"href":"https:\/\/www.europesays.com\/fr\/wp-json\/wp\/v2\/media?parent=357999"}],"wp:term":[{"taxonomy":"category","embeddable":true,"href":"https:\/\/www.europesays.com\/fr\/wp-json\/wp\/v2\/categories?post=357999"},{"taxonomy":"post_tag","embeddable":true,"href":"https:\/\/www.europesays.com\/fr\/wp-json\/wp\/v2\/tags?post=357999"}],"curies":[{"name":"wp","href":"https:\/\/api.w.org\/{rel}","templated":true}]}}