{"id":358006,"date":"2025-09-01T09:46:37","date_gmt":"2025-09-01T09:46:37","guid":{"rendered":"https:\/\/www.europesays.com\/fr\/358006\/"},"modified":"2025-09-01T09:46:37","modified_gmt":"2025-09-01T09:46:37","slug":"cest-une-excellente-nouvelle","status":"publish","type":"post","link":"https:\/\/www.europesays.com\/fr\/358006\/","title":{"rendered":"\u00ab C&rsquo;est une excellente nouvelle \u00bb"},"content":{"rendered":"<p>            Par<br \/>\n        <strong><br \/>\n            <a href=\"https:\/\/actu.fr\/auteur\/emilien-jacques\" title=\"Consulter tous les articles de Emilien Jacques\" target=\"_blank\" rel=\"noopener\">Emilien Jacques<\/a><br \/>\n        <\/strong><\/p>\n<p>        Publi\u00e9 le<\/p>\n<p>            1 sept. 2025 \u00e0 8h00        <\/p>\n<p>\u00ab <strong>Une excellente nouvelle<\/strong> pour la commune \u00bb. C\u2019est ainsi qu\u2019est d\u00e9crite l\u2019ouverture du nouveau p\u00f4le sant\u00e9 de <a href=\"https:\/\/actu.fr\/normandie\/preaux_76509\" target=\"_blank\" rel=\"noopener\">Pr\u00e9aux (Seine-Maritime)<\/a> par le maire, <strong>Anthony Aguado<\/strong>.<\/p>\n<p class=\" wall-content\">Depuis le 19\u00a0ao\u00fbt,<strong> la chirurgienne-dentiste<\/strong> et d\u00e9sormais propri\u00e9taire, Pauline Figard, est en activit\u00e9 dans son nouvel \u00e9tablissement. Les <strong>infirmi\u00e8res<\/strong> Emmanuelle Cruveiller et l\u2019ost\u00e9opathe Jean-Baptiste Oyer-Mallet s\u2019y installeront \u00e9galement d\u00e8s septembre prochain.<\/p>\n<p>Une nouvelle dentiste<\/p>\n<p class=\" wall-content\">Dentiste depuis une dizaine d\u2019ann\u00e9es \u00e0 Rouen, la Pr\u00e9autaise Pauline Figard avait le d\u00e9sir de se rapprocher de son lieu de travail. Finalement,<strong> c\u2019est son lieu de travail qui s\u2019est rapproch\u00e9 d\u2019elle<\/strong>, et il ne pouvait pas \u00eatre plus pr\u00e8s. Elle a fait construire son nouveau p\u00f4le sant\u00e9 \u00e0 quelques pas de son domicile.<\/p>\n<p class=\" wall-content\">Cette op\u00e9ration parfaite a \u00e9t\u00e9 rendue possible par une division parcellaire ayant eu lieu sur la route de Roncherolles, en 2024.<strong> Pauline Figard<\/strong> est rapidement mise en contact avec les vendeurs par l\u2019interm\u00e9diaire d\u2019Anthony Aguado, qui a vu l\u00e0 une belle opportunit\u00e9 pour la commune. Un an apr\u00e8s, le nouveau p\u00f4le sant\u00e9 de Pr\u00e9aux sort de terre. \u00ab Au d\u00e9but, je voulais juste mon cabinet dentaire, puis je me suis dit pourquoi pas \u00eatre avec d\u2019autres praticiens \u00bb, explique la propri\u00e9taire. Son v\u0153u sera exauc\u00e9 d\u00e8s le 1er\u00a0septembre.<\/p>\n<p>Puis deux infirmi\u00e8res<\/p>\n<p class=\" wall-content\">\u00c0 cette date, Pauline Figard et son assistante Marine Fontaine ne seront plus seules dans ce b\u00e2timent de 170 m\u00b2.<strong> Emmanuelle Cruveiller et Clara Cantrel<\/strong>, deux infirmi\u00e8res bien connues des Pr\u00e9autais, les rejoindront en provenance de leur cabinet de la zone du Petit Verger. Ce cabinet ne pouvant \u00eatre agrandi pour accueillir d\u2019autres professionnels de sant\u00e9, elles ont choisi l\u2019option du d\u00e9m\u00e9nagement.<\/p>\n<p class=\" wall-content\">\u00ab Se regrouper en une seule structure de soin \u00e9tait int\u00e9ressant \u00bb, commentent les deux collaboratrices. Leur future coll\u00e8gue souligne \u00e9galement la position pr\u00e9f\u00e9rentielle, entre les \u00e9coles et le centre-bourg : \u00ab Le gros avantage qu\u2019on a, pour des professionnels de sant\u00e9, c\u2019est d\u2019avoir la pharmacie pas loin \u00bb, compl\u00e8te Pauline Figard.<\/p>\n<p>Et un ost\u00e9opathe<\/p>\n<p class=\" wall-content\">La nouvelle \u00e9quipe m\u00e9dicale s\u2019agrandira encore le 15 septembre, avec l\u2019arriv\u00e9e de l\u2019ost\u00e9opathe Jean-Baptiste Oyer-Mallet, aujourd\u2019hui en poste \u00e0 Isneauville, et qui a \u00e9t\u00e9 s\u00e9duit par l\u2019offre n\u00e9e \u00e0 Pr\u00e9aux, qu\u2019il avait d\u00e9j\u00e0 identifi\u00e9e comme une \u00ab ville d\u2019int\u00e9r\u00eat \u00bb. Il pr\u00e9cise : \u00ab Pr\u00e9aux est au milieu d\u2019un r\u00e9seau dans lequel il n\u2019y a pas d\u2019ost\u00e9opathe. Et<strong> beaucoup de patients<\/strong> que j\u2019ai \u00e0 Isneauville habitent Pr\u00e9aux \u00bb.<\/p>\n<p>Votre r\u00e9gion, votre actu !<\/p>\n<p>Recevez chaque jour les infos qui comptent pour vous.<\/p>\n<p>\t<a href=\"https:\/\/actu.fr\/newsletter\" class=\"ac-btn ac-btn--corner ac-btn--medium ac-btn--blue800\" target=\"_blank\" rel=\"noopener\">S&rsquo;incrire<\/a><br \/>\nUn cabinet \u00e0 taille humaine<\/p>\n<p class=\" wall-content\">La proximit\u00e9 avec le patient est une volont\u00e9 de d\u00e9part de la porteuse de projet. Ainsi, le nouveau p\u00f4le sant\u00e9 de Pr\u00e9aux restera un cabinet \u00e0 taille humaine, qui sera seulement investi \u00e0 terme par un autre dentiste, et un praticien qui reste \u00e0 d\u00e9terminer : \u00ab on aimerait bien compl\u00e9ter avec<strong> un m\u00e9decin g\u00e9n\u00e9raliste<\/strong>. Un orthophoniste serait aussi int\u00e9ressant \u00bb, ajoute Pauline Figard. Puis ce sera tout, l\u2019objectif \u00e9tant de faciliter le suivi des patients et instaurer une atmosph\u00e8re conviviale.<\/p>\n<p class=\" wall-content\">\u00ab M\u00eame si c\u2019est moi qui ai achet\u00e9, c\u2019est aussi un projet commun, avec une belle dynamique \u00bb, estime la chirurgienne-dentiste. \u00ab C\u2019est presque un cabinet familial ! En tout cas, c\u2019est l\u2019ambiance recherch\u00e9e \u00bb, reconna\u00eet-elle.<\/p>\n<p>Les projets priv\u00e9s encourag\u00e9s par la commune<\/p>\n<p class=\" wall-content\">Naturellement, le maire <strong>Anthony Aguado<\/strong> se r\u00e9jouit de l\u2019apparition de cette nouvelle offre de soin, \u00ab qui montre l\u2019attractivit\u00e9 de la commune \u00bb, et qui, selon lui, va \u00e0 l\u2019encontre \u00ab de ce qu\u2019on entend partout, comme quoi les professionnels de sant\u00e9 d\u00e9sertent les zones rurales. \u00bb<\/p>\n<p class=\" wall-content\">Il f\u00e9licite la prise d\u2019initiative de Pauline Figard, et en profite pour marquer son soutien \u00e0 tous les \u00e9ventuels porteurs de projets priv\u00e9s : \u00ab Je pousse toujours ces projets-l\u00e0. Je trouve que c\u2019est une bonne chose que ce ne soit pas toujours des projets publics. Les projets priv\u00e9s sont tout aussi importants pour la commune \u00bb.<\/p>\n<p>P\u00f4le Sant\u00e9 Pr\u00e9aux, 426B Route de Roncherolles 76160 Pr\u00e9auxContacts : Pauline Figard, chirurgienne-dentiste : 06.21.65.67.32 Emmanuelle Cruveiller et Clara Cantrel, infirmi\u00e8res : 06.52.97.39.78 Jean-Baptiste Oyer-Mallet, ost\u00e9opathe : 07.88.06.74.30<\/p>\n<p class=\" wall-content\">Personnalisez votre actualit\u00e9 en ajoutant vos villes et m\u00e9dias en favori avec <a href=\"https:\/\/moncompte.actu.fr\" title=\"D\u00e9couvez Mon Actu\" rel=\"nofollow noopener\" data-trk=\"{&quot;cta&quot;:{&quot;action&quot;:&quot;https:\\\/\\\/moncompte.actu.fr&quot;,&quot;category&quot;:&quot;mon compte&quot;,&quot;from&quot;:&quot;article footer&quot;,&quot;name&quot;:&quot;Mon actu&quot;,&quot;type&quot;:&quot;cta&quot;}}\" target=\"_blank\">Mon Actu<\/a>.<\/p>\n","protected":false},"excerpt":{"rendered":"Par Emilien Jacques Publi\u00e9 le 1 sept. 2025 \u00e0 8h00 \u00ab Une excellente nouvelle pour la commune \u00bb.&hellip;\n","protected":false},"author":2,"featured_media":358007,"comment_status":"","ping_status":"","sticky":false,"template":"","format":"standard","meta":{"footnotes":""},"categories":[9587],"tags":[1111,11,1777,674,1011,27,2673,12,5161,25,9590,71,104],"class_list":{"0":"post-358006","1":"post","2":"type-post","3":"status-publish","4":"format-standard","5":"has-post-thumbnail","7":"category-rouen","8":"tag-actu","9":"tag-actualites","10":"tag-eu","11":"tag-europe","12":"tag-fr","13":"tag-france","14":"tag-medecins","15":"tag-news","16":"tag-normandie","17":"tag-republique-francaise","18":"tag-rouen","19":"tag-sante","20":"tag-societe"},"share_on_mastodon":{"url":"https:\/\/pubeurope.com\/@fr\/115128407354439681","error":""},"_links":{"self":[{"href":"https:\/\/www.europesays.com\/fr\/wp-json\/wp\/v2\/posts\/358006","targetHints":{"allow":["GET"]}}],"collection":[{"href":"https:\/\/www.europesays.com\/fr\/wp-json\/wp\/v2\/posts"}],"about":[{"href":"https:\/\/www.europesays.com\/fr\/wp-json\/wp\/v2\/types\/post"}],"author":[{"embeddable":true,"href":"https:\/\/www.europesays.com\/fr\/wp-json\/wp\/v2\/users\/2"}],"replies":[{"embeddable":true,"href":"https:\/\/www.europesays.com\/fr\/wp-json\/wp\/v2\/comments?post=358006"}],"version-history":[{"count":0,"href":"https:\/\/www.europesays.com\/fr\/wp-json\/wp\/v2\/posts\/358006\/revisions"}],"wp:featuredmedia":[{"embeddable":true,"href":"https:\/\/www.europesays.com\/fr\/wp-json\/wp\/v2\/media\/358007"}],"wp:attachment":[{"href":"https:\/\/www.europesays.com\/fr\/wp-json\/wp\/v2\/media?parent=358006"}],"wp:term":[{"taxonomy":"category","embeddable":true,"href":"https:\/\/www.europesays.com\/fr\/wp-json\/wp\/v2\/categories?post=358006"},{"taxonomy":"post_tag","embeddable":true,"href":"https:\/\/www.europesays.com\/fr\/wp-json\/wp\/v2\/tags?post=358006"}],"curies":[{"name":"wp","href":"https:\/\/api.w.org\/{rel}","templated":true}]}}