{"id":358008,"date":"2025-09-01T09:48:37","date_gmt":"2025-09-01T09:48:37","guid":{"rendered":"https:\/\/www.europesays.com\/fr\/358008\/"},"modified":"2025-09-01T09:48:37","modified_gmt":"2025-09-01T09:48:37","slug":"grenoble-le-climat-libe-tour-sarretera-a-la-mc2-les-24-et-25-septembre","status":"publish","type":"post","link":"https:\/\/www.europesays.com\/fr\/358008\/","title":{"rendered":"Grenoble. Le Climat Lib\u00e9 Tour s\u2019arr\u00eatera \u00e0 la MC2 les 24 et 25\u00a0septembre"},"content":{"rendered":"<p>Apr\u00e8s une <a href=\"https:\/\/www.ledauphine.com\/culture-loisirs\/2024\/07\/10\/grenoble-alpes-metropole-accueillera-le-climat-libe-tour-en-octobre?login=1\" target=\"_blank\" rel=\"noopener\">premi\u00e8re \u00e9dition l\u2019an dernier<\/a> , le Climat Lib\u00e9 Tour, organis\u00e9 par le journal Lib\u00e9ration en partenariat avec Grenoble Alpes M\u00e9tropole, sera de retour mercredi 24 et jeudi 25\u00a0septembre \u00e0 la MC2 de Grenoble. Les habitants de la m\u00e9tropole sont invit\u00e9s \u00e0 se retrouver autour d\u2019une s\u00e9rie de rendez-vous gratuits, d\u00e9bats, rencontres, ateliers, animations durant deux jours sur le th\u00e8me \u201cQuand la science r\u00e9siste\u201d. L\u2019objectif\u00a0: \u201cS\u2019outiller face \u00e0 la trumpisation du d\u00e9bat public et \u00e0 l\u2019\u00e8re de la post-v\u00e9rit\u00e9 sur les questions li\u00e9es au climat.\u201d<\/p>\n<p>Parmi les premiers intervenants confirm\u00e9s\u00a0: Camille Parmesan, \u00e9cologue am\u00e9ricaine et \u201cr\u00e9fugi\u00e9e scientifique\u201d, Hugo Duminil-Copin, math\u00e9maticien, laur\u00e9at de la m\u00e9daille Fields en 2022, Lauren Boudard, cofondatrice du m\u00e9dia Climax , Dominique Bourg, philosophe et universitaire franco-suisse, Fanny Brun, glaciologue, laur\u00e9ate 2024 du prix du Coll\u00e8ge de France pour les jeunes chercheuses et chercheurs, Pierre Rouvi\u00e8re, ing\u00e9nieur-influenceur (alias Ecolo mon cul sur Instagram), et bien d\u2019autres encore en pr\u00e9sence de <a href=\"https:\/\/www.ledauphine.com\/p\/christophe-ferrari\" target=\"_blank\" rel=\"noopener\">Christophe Ferrari<\/a>, pr\u00e9sident de Grenoble Alpes M\u00e9tropole.<\/p>\n<p class=\"note\">Programme et inscription gratuite\u00a0: <a href=\"https:\/\/www.climat-libe-tour.liberation.fr\/\" target=\"_blank\" rel=\"noopener\">climat-libe-tour.liberation.fr<\/a> \ufeff<\/p>\n","protected":false},"excerpt":{"rendered":"Apr\u00e8s une premi\u00e8re \u00e9dition l\u2019an dernier , le Climat Lib\u00e9 Tour, organis\u00e9 par le journal Lib\u00e9ration en partenariat&hellip;\n","protected":false},"author":2,"featured_media":358009,"comment_status":"","ping_status":"","sticky":false,"template":"","format":"standard","meta":{"footnotes":""},"categories":[9566],"tags":[1111,11,2430,6211,1687,112,1777,674,1011,27,2731,2732,108,12,5486,25],"class_list":{"0":"post-358008","1":"post","2":"type-post","3":"status-publish","4":"format-standard","5":"has-post-thumbnail","7":"category-grenoble","8":"tag-actu","9":"tag-actualites","10":"tag-auvergne-rhone-alpes","11":"tag-conference","12":"tag-culture-loisirs","13":"tag-edition-grenoble-agglomeration","14":"tag-eu","15":"tag-europe","16":"tag-fr","17":"tag-france","18":"tag-grenoble","19":"tag-grenoble-bassin","20":"tag-isere","21":"tag-news","22":"tag-rencontre","23":"tag-republique-francaise"},"share_on_mastodon":{"url":"https:\/\/pubeurope.com\/@fr\/115128415307813740","error":""},"_links":{"self":[{"href":"https:\/\/www.europesays.com\/fr\/wp-json\/wp\/v2\/posts\/358008","targetHints":{"allow":["GET"]}}],"collection":[{"href":"https:\/\/www.europesays.com\/fr\/wp-json\/wp\/v2\/posts"}],"about":[{"href":"https:\/\/www.europesays.com\/fr\/wp-json\/wp\/v2\/types\/post"}],"author":[{"embeddable":true,"href":"https:\/\/www.europesays.com\/fr\/wp-json\/wp\/v2\/users\/2"}],"replies":[{"embeddable":true,"href":"https:\/\/www.europesays.com\/fr\/wp-json\/wp\/v2\/comments?post=358008"}],"version-history":[{"count":0,"href":"https:\/\/www.europesays.com\/fr\/wp-json\/wp\/v2\/posts\/358008\/revisions"}],"wp:featuredmedia":[{"embeddable":true,"href":"https:\/\/www.europesays.com\/fr\/wp-json\/wp\/v2\/media\/358009"}],"wp:attachment":[{"href":"https:\/\/www.europesays.com\/fr\/wp-json\/wp\/v2\/media?parent=358008"}],"wp:term":[{"taxonomy":"category","embeddable":true,"href":"https:\/\/www.europesays.com\/fr\/wp-json\/wp\/v2\/categories?post=358008"},{"taxonomy":"post_tag","embeddable":true,"href":"https:\/\/www.europesays.com\/fr\/wp-json\/wp\/v2\/tags?post=358008"}],"curies":[{"name":"wp","href":"https:\/\/api.w.org\/{rel}","templated":true}]}}