{"id":358023,"date":"2025-09-01T09:56:15","date_gmt":"2025-09-01T09:56:15","guid":{"rendered":"https:\/\/www.europesays.com\/fr\/358023\/"},"modified":"2025-09-01T09:56:15","modified_gmt":"2025-09-01T09:56:15","slug":"lacces-a-lavenue-de-morges-desormais-ferme","status":"publish","type":"post","link":"https:\/\/www.europesays.com\/fr\/358023\/","title":{"rendered":"L&rsquo;acc\u00e8s \u00e0 l&rsquo;Avenue de Morges d\u00e9sormais ferm\u00e9"},"content":{"rendered":"<p>                            <strong>La ville de Vertou vient d\u2019annoncer l\u2019installation d\u2019une barri\u00e8re automatique afin de limiter l\u2019acc\u00e8s \u00e0 l\u2019avenue de Morges.<\/strong><\/p>\n<p class=\"p1\">La ville de Vertou a annonc\u00e9 ce matin par la voie d\u2019un post publi\u00e9 sur sa page Facebook officielle, l\u2019installation d\u2019une barri\u00e8re automatique afin de fermer l\u2019acc\u00e8s \u00e0 l\u2019avenue de Morges. Une d\u00e9cision qui a eu de quoi surprendre en ce jour de rentr\u00e9e scolaire \u00ab\u00a0l\u2019avenue de Morges sera ferm\u00e9 de 08h30 \u00e0 08h55 et de 16h35 \u00e0 17h de mani\u00e8re automatique afin de garantir la s\u00e9curit\u00e9 des enfants aux abords des \u00e9tablissements scolaires\u00a0\u00bb pr\u00e9cise la municipalit\u00e9.<\/p>\n<blockquote><p>\n<strong>\u00ab\u00a0Mais du coup tu te gare ou??\u00a0\u00bb<\/strong>\n<\/p><\/blockquote>\n<p class=\"p1\">De mani\u00e8re concr\u00e8te le parking des 10 Otages sera ferm\u00e9 pendant ces deux tranches horaires. Une annonce qui a suscit\u00e9 quelques r\u00e9actions depuis ce matin \u00ab\u00a0Mais du coup tu te gare ou??\u00a0\u00bb s\u2019interroge une internaute quand une autre demande \u00ab\u00a0Et les ambulances qui viennent chercher quelqu\u2019un pour un rdv et les personnes qui ont des rdv chez le kin\u00e9 de la rue et qui ont des difficult\u00e9s \u00e0 marcher ?\u00a0\u00bb <strong><a href=\"https:\/\/hellogazettenantes.fr\/nantes-les-mairies-de-quartier-harmonisent-leurs-horaires-douverture\/\" rel=\"nofollow noopener\" target=\"_blank\">La municipalit\u00e9<\/a> <\/strong>quant \u00e0 elle l\u2019assure, les riverains et les personnes disposant d\u2019une carte mobilit\u00e9 inclusion disposeront d\u2019un code d\u2019acc\u00e8s.<\/p>\n<p><img fetchpriority=\"high\" decoding=\"async\" width=\"696\" height=\"683\" src=\"data:image\/svg+xml,%3Csvg%20xmlns=\" http:=\"\" alt=\"\" class=\"wp-image-19884\" data-lazy- data-lazy- data-lazy-src=\"https:\/\/www.europesays.com\/fr\/wp-content\/uploads\/2025\/09\/Capture-decran-2025-09-01-a-11.42.45.png\"\/><\/p>\n<p>            <img decoding=\"async\" alt=\"Advertisement\" src=\"data:image\/svg+xml,%3Csvg%20xmlns=\" http:=\"\" data-lazy-src=\"https:\/\/www.europesays.com\/fr\/wp-content\/uploads\/2025\/04\/Application-mobile-hello-gazette-nantes.gif\"\/>        &#13;<\/p>\n","protected":false},"excerpt":{"rendered":"La ville de Vertou vient d\u2019annoncer l\u2019installation d\u2019une barri\u00e8re automatique afin de limiter l\u2019acc\u00e8s \u00e0 l\u2019avenue de Morges.&hellip;\n","protected":false},"author":2,"featured_media":46610,"comment_status":"","ping_status":"","sticky":false,"template":"","format":"standard","meta":{"footnotes":""},"categories":[2818],"tags":[1111,11,1777,674,1011,27,766,12,2636,25],"class_list":{"0":"post-358023","1":"post","2":"type-post","3":"status-publish","4":"format-standard","5":"has-post-thumbnail","7":"category-nantes","8":"tag-actu","9":"tag-actualites","10":"tag-eu","11":"tag-europe","12":"tag-fr","13":"tag-france","14":"tag-nantes","15":"tag-news","16":"tag-pays-de-la-loire","17":"tag-republique-francaise"},"share_on_mastodon":{"url":"https:\/\/pubeurope.com\/@fr\/115128446810322483","error":""},"_links":{"self":[{"href":"https:\/\/www.europesays.com\/fr\/wp-json\/wp\/v2\/posts\/358023","targetHints":{"allow":["GET"]}}],"collection":[{"href":"https:\/\/www.europesays.com\/fr\/wp-json\/wp\/v2\/posts"}],"about":[{"href":"https:\/\/www.europesays.com\/fr\/wp-json\/wp\/v2\/types\/post"}],"author":[{"embeddable":true,"href":"https:\/\/www.europesays.com\/fr\/wp-json\/wp\/v2\/users\/2"}],"replies":[{"embeddable":true,"href":"https:\/\/www.europesays.com\/fr\/wp-json\/wp\/v2\/comments?post=358023"}],"version-history":[{"count":0,"href":"https:\/\/www.europesays.com\/fr\/wp-json\/wp\/v2\/posts\/358023\/revisions"}],"wp:featuredmedia":[{"embeddable":true,"href":"https:\/\/www.europesays.com\/fr\/wp-json\/wp\/v2\/media\/46610"}],"wp:attachment":[{"href":"https:\/\/www.europesays.com\/fr\/wp-json\/wp\/v2\/media?parent=358023"}],"wp:term":[{"taxonomy":"category","embeddable":true,"href":"https:\/\/www.europesays.com\/fr\/wp-json\/wp\/v2\/categories?post=358023"},{"taxonomy":"post_tag","embeddable":true,"href":"https:\/\/www.europesays.com\/fr\/wp-json\/wp\/v2\/tags?post=358023"}],"curies":[{"name":"wp","href":"https:\/\/api.w.org\/{rel}","templated":true}]}}