{"id":358025,"date":"2025-09-01T09:58:15","date_gmt":"2025-09-01T09:58:15","guid":{"rendered":"https:\/\/www.europesays.com\/fr\/358025\/"},"modified":"2025-09-01T09:58:15","modified_gmt":"2025-09-01T09:58:15","slug":"la-nouvelle-equipe-de-direction-nourrit-ambitions-et-projets-pour-les-eleves-du-lycee-leonard-de-vinci","status":"publish","type":"post","link":"https:\/\/www.europesays.com\/fr\/358025\/","title":{"rendered":"La nouvelle \u00e9quipe de direction nourrit ambitions et projets pour les \u00e9l\u00e8ves du lyc\u00e9e L\u00e9onard-de-Vinci"},"content":{"rendered":"<p>Jeudi 28\u00a0ao\u00fbt en fin d\u2019apr\u00e8s-midi, \u00e0 la veille de la rentr\u00e9e des professeurs, la nouvelle \u00e9quipe de direction du lyc\u00e9e des m\u00e9tiers L\u00e9onard-de-Vinci \u00e9tait d\u00e9tendue, mais studieuse. Ce trio est compos\u00e9 de Yannick Marmiesse, le proviseur, St\u00e9phane Saubusse, le proviseur-adjoint, Marylis Laborde, la secr\u00e9taire g\u00e9n\u00e9rale et agent comptable pour six \u00e9tablissements (les coll\u00e8ges de Blanquefort, Parempuyre, Le Pian-M\u00e9doc, Arsac, Castelnau-de-M\u00e9doc et le lyc\u00e9e Jean-Monnet), en plus du sien.<\/p>\n<p>\u00ab\u00a0Des facilitateurs\u00a0\u00bb<\/p>\n<p>\u00ab\u00a0Pour le lyc\u00e9e L\u00e9onard-de-Vinci, j\u2019assure aussi la gestion financi\u00e8re et les opportunit\u00e9s de d\u00e9penses\u2026 explique la Landaise, les agents techniques, d\u2019entretien et de restauration, des postes tr\u00e8s importants.\u00a0\u00bb C\u00f4t\u00e9 \u00e9ducation, le nouveau proviseur, qui a \u00e9t\u00e9 professeur d\u2019\u00e9lectrotech, contr\u00f4le et r\u00e9gulation industrielle, puis directeur de coll\u00e8ges et lyc\u00e9es d\u2019enseignement g\u00e9n\u00e9ral, professionnel et technique, dont le dernier en date \u00e0 Sainte-Foy-la-Grande, souhaite valoriser les \u00e9quipes et les fili\u00e8res, f\u00e9d\u00e9rer les professeurs et personnels\u2026 \u00ab\u00a0Je suis disponible et la porte de mon bureau est ouverte, m\u00eame si je serai souvent sur le terrain, au plus proche des \u00e9quipes. Sourires, \u00e9nergie et ambitions seront nos guides.\u00a0\u00bb<\/p>\n<p>Quant au nouveau proviseur-adjoint, pr\u00e9c\u00e9demment au m\u00eame poste dans les lyc\u00e9es de B\u00e8gles et Camille-Julian, apr\u00e8s avoir \u00e9t\u00e9 professeur de math\u00e9matiques \u00e0 Pauillac, \u00ab\u00a0c\u2019est un retour \u00e0 la maison pour le Pianais que je suis depuis 1975\u00a0\u00bb. Pour lui, ancr\u00e9 dans son territoire, tout commence par l\u2019\u00e9ducation. \u00ab\u00a0Je suis tr\u00e8s fier d\u2019\u00eatre au service de cet \u00e9tablissement et comme le chef, je donnerai le meilleur de moi-m\u00eame, nous serons des facilitateurs.\u00a0\u00bb<\/p>\n<p>Avec sa fibre \u00e9cologique, St\u00e9phane Saubusse soutiendra les projets d\u00e9veloppement durable, environnement, biodiversit\u00e9, tri et valorisation d\u00e9j\u00e0 entrepris les ann\u00e9es pr\u00e9c\u00e9dentes. \u00ab\u00a0Ensemble, poursuit Yannick Marmiesse, nous avons beaucoup d\u2019ambitions et de projets pour l\u2019\u00e9tablissement dont nous devons vanter les formations et leurs d\u00e9bouch\u00e9s. Par exemple le bac techno STI2D pour lequel il reste des places et dans lequel les jeunes peuvent encore s\u2019inscrire.\u00a0\u00bb<\/p>\n<p>    La rentr\u00e9e<br \/>\nLundi\u00a01er et mardi 2\u00a0septembre\u00a0: rentr\u00e9e des \u00e9l\u00e8ves de toutes les classes de seconde, en fait tous les nouveaux dans l\u2019\u00e9tablissement pour une journ\u00e9e d\u2019int\u00e9gration et de rencontre avec le professeur principal\u00a0; accueil des internes. Mercredi 3\u00a0septembre\u00a0: accueil des \u00e9l\u00e8ves des classes de premi\u00e8re et terminale de toutes les sections\u00a0; des ateliers seront propos\u00e9s aux classes de seconde. Jeudi 4\u00a0septembre\u00a0: d\u00e9but des cours.<\/p>\n<p>Site\u00a0: <a href=\"https:\/\/www.lyceevinciblanquefort.fr\/\" target=\"_blank\" rel=\"nofollow noopener\">www.lyceevinciblanquefort.fr\/<\/a><\/p>\n","protected":false},"excerpt":{"rendered":"Jeudi 28\u00a0ao\u00fbt en fin d\u2019apr\u00e8s-midi, \u00e0 la veille de la rentr\u00e9e des professeurs, la nouvelle \u00e9quipe de direction&hellip;\n","protected":false},"author":2,"featured_media":358026,"comment_status":"","ping_status":"","sticky":false,"template":"","format":"standard","meta":{"footnotes":""},"categories":[2817],"tags":[1111,11,1997,1777,674,1011,27,12,2219,25],"class_list":{"0":"post-358025","1":"post","2":"type-post","3":"status-publish","4":"format-standard","5":"has-post-thumbnail","7":"category-bordeaux","8":"tag-actu","9":"tag-actualites","10":"tag-bordeaux","11":"tag-eu","12":"tag-europe","13":"tag-fr","14":"tag-france","15":"tag-news","16":"tag-nouvelle-aquitaine","17":"tag-republique-francaise"},"share_on_mastodon":{"url":"https:\/\/pubeurope.com\/@fr\/115128454688193626","error":""},"_links":{"self":[{"href":"https:\/\/www.europesays.com\/fr\/wp-json\/wp\/v2\/posts\/358025","targetHints":{"allow":["GET"]}}],"collection":[{"href":"https:\/\/www.europesays.com\/fr\/wp-json\/wp\/v2\/posts"}],"about":[{"href":"https:\/\/www.europesays.com\/fr\/wp-json\/wp\/v2\/types\/post"}],"author":[{"embeddable":true,"href":"https:\/\/www.europesays.com\/fr\/wp-json\/wp\/v2\/users\/2"}],"replies":[{"embeddable":true,"href":"https:\/\/www.europesays.com\/fr\/wp-json\/wp\/v2\/comments?post=358025"}],"version-history":[{"count":0,"href":"https:\/\/www.europesays.com\/fr\/wp-json\/wp\/v2\/posts\/358025\/revisions"}],"wp:featuredmedia":[{"embeddable":true,"href":"https:\/\/www.europesays.com\/fr\/wp-json\/wp\/v2\/media\/358026"}],"wp:attachment":[{"href":"https:\/\/www.europesays.com\/fr\/wp-json\/wp\/v2\/media?parent=358025"}],"wp:term":[{"taxonomy":"category","embeddable":true,"href":"https:\/\/www.europesays.com\/fr\/wp-json\/wp\/v2\/categories?post=358025"},{"taxonomy":"post_tag","embeddable":true,"href":"https:\/\/www.europesays.com\/fr\/wp-json\/wp\/v2\/tags?post=358025"}],"curies":[{"name":"wp","href":"https:\/\/api.w.org\/{rel}","templated":true}]}}