{"id":358027,"date":"2025-09-01T09:59:12","date_gmt":"2025-09-01T09:59:12","guid":{"rendered":"https:\/\/www.europesays.com\/fr\/358027\/"},"modified":"2025-09-01T09:59:12","modified_gmt":"2025-09-01T09:59:12","slug":"chantier-de-la-lgv-toulouse-bordeaux-trois-opposantes-jugees-en-comparution-immediate-ce-lundi","status":"publish","type":"post","link":"https:\/\/www.europesays.com\/fr\/358027\/","title":{"rendered":"Chantier de la LGV Toulouse -Bordeaux\u00a0: trois opposantes jug\u00e9es en comparution imm\u00e9diate ce lundi"},"content":{"rendered":"<p>\u00c0 l&rsquo;instar du mouvement anti-A69 dans le Tarn, les \u00ab\u00a0\u00e9cureuils\u00a0\u00bb anti-LGV tentent de perturber le chantier de la ligne \u00e0 grande vitesse entre Toulouse et Bordeaux  Quatre militantes ont \u00e9t\u00e9 interpell\u00e9es le 29 ao\u00fbt \u00e0 Saint-Jory (Haute-Garonne). Trois d&rsquo;entre elles sont jug\u00e9es ce lundi.<\/p>\n<p>Vendredi matin, les gendarmes de Haute-Garonne ont interpell\u00e9 plusieurs personnes <strong>install\u00e9es dans des arbres \u00e0 Saint-Jory<\/strong> (Haute-Garonne) dans la zone du chantier de la LGV, o\u00f9 ils avaient d\u00e9j\u00e0\u00a0<a class=\"IciLink ici-link IciArticleLink g-ici-body-regular-1 underline brand svelte-lu7k6w\" href=\"https:\/\/www.francebleu.fr\/infos\/environnement\/amenagements-ferroviaires-evacuation-de-militants-installes-pres-du-chantier-de-la-lgv-bordeaux-toulouse-6461600\" rel=\"nofollow noopener\" target=\"_blank\">d\u00e9mantel\u00e9 \u00e0 plusieurs reprises en d\u00e9but d&rsquo;ann\u00e9e<\/a>\u00a0des campements ou installations ill\u00e9gales d&rsquo;opposants.<\/p>\n<p>Quatre femmes, \u00e9quip\u00e9es de baudriers, cordes et mousquetons, ont \u00e9t\u00e9 arr\u00eat\u00e9es. <strong>Elles tentaient d&#8217;emp\u00eacher l&rsquo;abattage prochain d&rsquo;un arbre<\/strong> sur cette zone. La SNCF a port\u00e9 plainte pour d\u00e9gradations, la gendarmerie \u00e9galement car l&rsquo;interpellation fut, selon les militaires, muscl\u00e9e concernant l&rsquo;une des pr\u00e9venues.<\/p>\n<p>Deux en d\u00e9tention provisoire pour ne pas avoir respect\u00e9 leur contr\u00f4le judiciaire<\/p>\n<p>L&rsquo;une des quatre militantes n&rsquo;a pas de casier judiciaire et sera convoqu\u00e9e plms tard pour une simple mesure p\u00e9nale. En revanche, les trois autres seront jug\u00e9es ce lundi 1er septembre. Deux d&rsquo;entre elles, d\u00e9j\u00e0 sous contr\u00f4le judiciaire pour une affaire similaire pr\u00e9c\u00e9dente, ont \u00e9t\u00e9 plac\u00e9es en d\u00e9tention provisoire.<\/p>\n<p>Les deux jeunes femmes emprisonn\u00e9es en attendant le proc\u00e8s sont une Lotoise de 25 ans et une Angevine de 27 ans. La troisi\u00e8me personne jug\u00e9e est une Bordelaise de 37 ans, elle aussi d\u00e9j\u00e0 concern\u00e9e par d&rsquo;autres interpellations li\u00e9es \u00e0 des occupations ill\u00e9gales.<\/p>\n<p><a class=\"IciLink ici-link IciArticleLink g-ici-body-regular-1 underline brand svelte-lu7k6w\" href=\"https:\/\/www.francebleu.fr\/emissions\/le-quart-d-heure-toulousain\/le-directeur-de-l-agence-gpso-christophe-huau-4007723\" rel=\"nofollow noopener\" target=\"_blank\">Depuis son lancement officiel fin 2024,<\/a>\u00a0le chantier de la LGV en Haute-Garonne fait l&rsquo;objet d&rsquo;une contestation de la part de quelques dizaines de militants, <strong>auto-proclam\u00e9s \u00ab\u00a0\u00e9cureuils\u00a0\u00bb<\/strong>, du m\u00eame nom que les occupants des arbres sur le chantier de l&rsquo;autoroute A69 entre Toulouse et Castres. Depuis le d\u00e9but de l&rsquo;ann\u00e9e 2025, leurs diverses installations autour de Saint-Jory ont syst\u00e9matiquement donn\u00e9 lieu \u00e0 des d\u00e9mant\u00e8lements de la part des forces de l&rsquo;ordre.<\/p>\n<p><a class=\"IciLink ici-link IciArticleLink g-ici-body-regular-1 underline brand svelte-lu7k6w\" href=\"https:\/\/www.francebleu.fr\/infos\/transports\/le-tribunal-administratif-valide-le-plan-de-financement-de-la-ligne-lgv-bordeaux-toulouse-9110927\" rel=\"nofollow noopener\" target=\"_blank\">Tous les recours juridiques contre la LGV ont \u00e9t\u00e9 expi\u00e9s<\/a>. Les autorit\u00e9s esp\u00e8rent qu&rsquo;en 2032, les TGV qui relieront Toulouse \u00e0 Bordeaux mettront une heure et non deux, ce qui placera la Ville rose \u00e0 un peu plus de trois heures, contre au moins 4h30 aujourd&rsquo;hui.<\/p>\n<p>\u00c0 \u00e9couter aussi   <img decoding=\"async\" src=\"https:\/\/www.europesays.com\/fr\/wp-content\/uploads\/2025\/09\/1756720752_895_560x315\" alt=\"Les travaux 'am\u00e9nagements ferroviaires au nord de Toulouse' (AFNT), l'une des composantes du chantier de la LGV Bordeaux-Toulouse, ont d\u00e9but\u00e9 en f\u00e9vrier 2024.\" style=\"--_image-preview:url('data:image\/jpeg;base64,\/9j\/2wBDACgcHiMeGSgjISMtKygwPGRBPDc3PHtYXUlkkYCZlo+AjIqgtObDoKrarYqMyP\/L2u71\/\/\/\/m8H\/\/\/\/6\/+b9\/\/j\/2wBDASstLTw1PHZBQXb4pYyl+Pj4+Pj4+Pj4+Pj4+Pj4+Pj4+Pj4+Pj4+Pj4+Pj4+Pj4+Pj4+Pj4+Pj4+Pj4+Pj4+Pj\/wAARCAAXACoDASIAAhEBAxEB\/8QAFwABAQEBAAAAAAAAAAAAAAAAAAEDAv\/EABYQAQEBAAAAAAAAAAAAAAAAAAASEf\/EABcBAQEBAQAAAAAAAAAAAAAAAAABAgP\/xAAWEQEBAQAAAAAAAAAAAAAAAAAAEQH\/2gAMAwEAAhEDEQA\/AO6KY0UtI2opjRRUjalthRQMdXQZdF1dBWdTU0BH\/9k=');\" loading=\"lazy\" fetchpriority=\"low\" aria-hidden=\"true\" class=\"svelte-1pnmlwx rounded\" onload=\"this.__e=event\" onerror=\"this.__e=event\"\/><\/p>\n","protected":false},"excerpt":{"rendered":"\u00c0 l&rsquo;instar du mouvement anti-A69 dans le Tarn, les \u00ab\u00a0\u00e9cureuils\u00a0\u00bb anti-LGV tentent de perturber le chantier de la&hellip;\n","protected":false},"author":2,"featured_media":358028,"comment_status":"","ping_status":"","sticky":false,"template":"","format":"standard","meta":{"footnotes":""},"categories":[2817],"tags":[1111,11,1997,1777,674,1011,27,12,2219,25],"class_list":{"0":"post-358027","1":"post","2":"type-post","3":"status-publish","4":"format-standard","5":"has-post-thumbnail","7":"category-bordeaux","8":"tag-actu","9":"tag-actualites","10":"tag-bordeaux","11":"tag-eu","12":"tag-europe","13":"tag-fr","14":"tag-france","15":"tag-news","16":"tag-nouvelle-aquitaine","17":"tag-republique-francaise"},"share_on_mastodon":{"url":"https:\/\/pubeurope.com\/@fr\/115128458993440245","error":""},"_links":{"self":[{"href":"https:\/\/www.europesays.com\/fr\/wp-json\/wp\/v2\/posts\/358027","targetHints":{"allow":["GET"]}}],"collection":[{"href":"https:\/\/www.europesays.com\/fr\/wp-json\/wp\/v2\/posts"}],"about":[{"href":"https:\/\/www.europesays.com\/fr\/wp-json\/wp\/v2\/types\/post"}],"author":[{"embeddable":true,"href":"https:\/\/www.europesays.com\/fr\/wp-json\/wp\/v2\/users\/2"}],"replies":[{"embeddable":true,"href":"https:\/\/www.europesays.com\/fr\/wp-json\/wp\/v2\/comments?post=358027"}],"version-history":[{"count":0,"href":"https:\/\/www.europesays.com\/fr\/wp-json\/wp\/v2\/posts\/358027\/revisions"}],"wp:featuredmedia":[{"embeddable":true,"href":"https:\/\/www.europesays.com\/fr\/wp-json\/wp\/v2\/media\/358028"}],"wp:attachment":[{"href":"https:\/\/www.europesays.com\/fr\/wp-json\/wp\/v2\/media?parent=358027"}],"wp:term":[{"taxonomy":"category","embeddable":true,"href":"https:\/\/www.europesays.com\/fr\/wp-json\/wp\/v2\/categories?post=358027"},{"taxonomy":"post_tag","embeddable":true,"href":"https:\/\/www.europesays.com\/fr\/wp-json\/wp\/v2\/tags?post=358027"}],"curies":[{"name":"wp","href":"https:\/\/api.w.org\/{rel}","templated":true}]}}