{"id":358033,"date":"2025-09-01T10:02:11","date_gmt":"2025-09-01T10:02:11","guid":{"rendered":"https:\/\/www.europesays.com\/fr\/358033\/"},"modified":"2025-09-01T10:02:11","modified_gmt":"2025-09-01T10:02:11","slug":"a-lille-lecole-andre-ampere-symbolise-toute-la-rentree-scolaire-2025-voici-pourquoi","status":"publish","type":"post","link":"https:\/\/www.europesays.com\/fr\/358033\/","title":{"rendered":"A Lille, l&rsquo;\u00e9cole Andr\u00e9-Amp\u00e8re \u00ab\u00a0symbolise toute la rentr\u00e9e scolaire 2025\u00a0\u00bb : voici pourquoi"},"content":{"rendered":"<p>            Par<br \/>\n        <strong><br \/>\n            <a href=\"https:\/\/actu.fr\/auteur\/bastien-grossin\" title=\"Consulter tous les articles de Bastien Grossin\" target=\"_blank\" rel=\"noopener\">Bastien Grossin<\/a><br \/>\n        <\/strong><\/p>\n<p>        Publi\u00e9 le<\/p>\n<p>            1 sept. 2025 \u00e0 11h56        <\/p>\n<p>Rires, retrouvailles, mais aussi quelques pleurs\u2009: ce <b>1er\u00a0septembre 2025<\/b>, la rentr\u00e9e \u00e0 l\u2019\u00e9cole maternelle <b>Andr\u00e9-Amp\u00e8re,<\/b> \u00e0<a href=\"https:\/\/actu.fr\/tag\/lille\" target=\"_blank\" rel=\"noopener\"> Lille <\/a>(Nord), ressemble \u00e0 toutes les autres\u2026 ou presque. En entrant dans la cour de l\u2019\u00e9cole maternelle, les enfants sont accueillis par l\u2019\u00e9quipe p\u00e9dagogique comme chaque ann\u00e9e, mais \u00e9galement par <b>Arnaud Deslandes<\/b>, maire de Lille, <b>Charlotte Brun,<\/b> premi\u00e8re adjointe au maire, <b>Olivier Cottet,<\/b> directeur acad\u00e9mique des services de l\u2019\u00c9ducation nationale du Nord ou encore <b>Bertrand Gaume<\/b>, pr\u00e9fet de la r\u00e9gion des Hauts-de-France. Le choix de leur pr\u00e9sence dans cette \u00e9cole n\u2019est pas anodin. \u00ab\u2009Elle symbolise toute la rentr\u00e9e scolaire 2025\u2009\u00bb, explique Olivier Cottet. On vous explique tout.<\/p>\n<p>    <img   decoding=\"async\" loading=\"lazy\" class=\"size-large\" src=\"https:\/\/www.europesays.com\/fr\/wp-content\/uploads\/2025\/09\/13ad5fc865b8627ad5fc865b80bad5v-960x640.jpg\" alt=\"Ce 1er septembre, c'est la rentr\u00e9e \u00e0 l'\u00e9cole Andr\u00e9-Amp\u00e8re\" width=\"960\" height=\"640\"\/><br \/>\n    Ce 1er septembre, c\u2019est la rentr\u00e9e \u00e0 l\u2019\u00e9cole Andr\u00e9-Amp\u00e8re \u00a9Bastien GrossinUne rentr\u00e9e ensoleill\u00e9e \u00e0 Lille<\/p>\n<p class=\" wall-content\">C\u2019est sous un grand soleil que d\u00e9bute l\u2019ann\u00e9e <b>2025 \u2013 2026.<\/b> <b>D\u00e8s 8\u2009h\u200930<\/b>, parents, enfants et \u00e9quipe p\u00e9dagogique discutent. Quelques petits sont un peu impressionn\u00e9s, mais l\u2019ambiance reste sereine\u2009: pas une larme, m\u00eame chez les nouveaux venus. Et pour cause, Karen Cappele, directrice de l\u2019\u00e9cole maternelle explique\u2009: \u00ab\u2009<b>Depuis juin, on pr\u00e9pare la rentr\u00e9e<\/b>. On a emmen\u00e9 les \u00e9l\u00e8ves de petite section visiter les classes des moyens et des grands\u2009\u00bb. L\u2019objectif\u2009: les rassurer pour qu\u2019ils arrivent en territoire connu \u00e0 la rentr\u00e9e.<\/p>\n<p data-end=\"679\" class=\" wall-content\">Arnaud Deslande, Charlotte Brun, Olivier Cottet et Bertrand Gaume font le tour des classes pour saluer enseignants, parents et enfants. Leur passage ne passe pas inaper\u00e7u\u2009: autant de costumes, \u00e7a intrigue, surtout du c\u00f4t\u00e9 des CP. L\u2019un d\u2019eux demande\u2009: \u00ab\u2009Est-ce que vous travaillez avec monsieur Macron\u2009?\u2009\u00bb Le pr\u00e9fet sourit et r\u00e9pond\u2009: \u00ab\u2009On travaille un peu tous avec lui, et oui, \u00e7a nous est d\u00e9j\u00e0 arriv\u00e9 de le rencontrer.\u2009\u00bb Ce \u00e0 quoi Arnaud Deslande r\u00e9agit, amus\u00e9\u2009: \u00ab\u2009Moi non, je ne l\u2019ai jamais rencontr\u00e9. Il faut dire qu\u2019il ne vient pas souvent \u00e0 Lille.\u2009\u00bb<\/p>\n<p data-end=\"679\" class=\" wall-content\">\n<p>Des classes d\u00e9doubl\u00e9es<\/p>\n<p class=\" wall-content\">La pr\u00e9sence d\u2019autant de personnalit\u00e9s institutionnelles \u00e0 l\u2019\u00e9cole Andr\u00e9-Amp\u00e8re, n\u2019est pas un hasard. En effet, cet \u00e9tablissement est premi\u00e8rement class\u00e9<b> Rep +<\/b>. Celui-ci b\u00e9n\u00e9ficie notamment de classes d\u00e9doubl\u00e9es, d\u00e9fendues par la mairie et l\u2019acad\u00e9mie. Une des classes de CP \u00e9tait par exemple compos\u00e9e de <b>seulement 10\u00a0enfants<\/b>. Selon Olivier Cottet l\u2019objectif de la rentr\u00e9e c\u2019est d\u2019avoir<b> 98\u2009%<\/b> des classes de grande section, CP et CE1 qui soient d\u00e9doubl\u00e9es.<\/p>\n<p>    <img   decoding=\"async\" loading=\"lazy\" class=\"size-large\" src=\"https:\/\/www.europesays.com\/fr\/wp-content\/uploads\/2025\/09\/f70b9fc865b867c0b9fc865b8f01b9v-960x640.jpg\" alt=\"Apr\u00e8s plusieurs mois de travaux l'une des cours de r\u00e9cr\u00e9ation a \u00e9t\u00e9 compl\u00e8tement d\u00e9bitum\u00e9e.\" width=\"960\" height=\"640\"\/><br \/>\n    Apr\u00e8s plusieurs mois de travaux l\u2019une des cours de r\u00e9cr\u00e9ation a \u00e9t\u00e9 compl\u00e8tement d\u00e9bitum\u00e9e. \u00a9Bastien Grossin<\/p>\n<p>Votre r\u00e9gion, votre actu !<\/p>\n<p>Recevez chaque jour les infos qui comptent pour vous.<\/p>\n<p>\t<a href=\"https:\/\/actu.fr\/newsletter\" class=\"ac-btn ac-btn--corner ac-btn--medium ac-btn--blue800\" target=\"_blank\" rel=\"noopener\">S&rsquo;incrire<\/a><\/p>\n<p class=\" wall-content\">Par ailleurs, l\u2019\u00e9cole est quasiment enti\u00e8rement r\u00e9nov\u00e9e sur le plan \u00e9nerg\u00e9tique. Selon la mairie, apr\u00e8s une isolation totalement revue, c\u2019est environ 80\u2009% d\u2019\u00e9nergie en moins qui est consomm\u00e9e. En parall\u00e8le, comme dans <b>16 autres \u00e9tablissements<\/b> des<b> 80 \u00e9coles maternelles et \u00e9l\u00e9mentaires lilloises<\/b>, une des cours de r\u00e9cr\u00e9ation a \u00e9t\u00e9 v\u00e9g\u00e9talis\u00e9e et d\u00e9bitum\u00e9. L\u2019objectif est de cr\u00e9er des \u00eelots de fra\u00eecheur, notamment face aux fortes chaleurs de plus en plus fr\u00e9quentes \u00e0 cause du d\u00e9r\u00e8glement climatique.<\/p>\n<p class=\" wall-content\">Arnaud Deslande explique\u2009: \u00ab\u2009Dans les \u00e9coles des quartiers populaires on met les moyens qu\u2019il faut pour que chacun ait la chance de r\u00e9ussir\u2009\u00bb. Il rappelle \u00e9galement que l\u2019\u00e9ducation est la premi\u00e8re source de d\u00e9pense de la ville de Lille pour lutter contre le d\u00e9terminisme social.<\/p>\n<p class=\" wall-content\">Personnalisez votre actualit\u00e9 en ajoutant vos villes et m\u00e9dias en favori avec <a href=\"https:\/\/moncompte.actu.fr\" title=\"D\u00e9couvez Mon Actu\" rel=\"nofollow noopener\" data-trk=\"{&quot;cta&quot;:{&quot;action&quot;:&quot;https:\\\/\\\/moncompte.actu.fr&quot;,&quot;category&quot;:&quot;mon compte&quot;,&quot;from&quot;:&quot;article footer&quot;,&quot;name&quot;:&quot;Mon actu&quot;,&quot;type&quot;:&quot;cta&quot;}}\" target=\"_blank\">Mon Actu<\/a>.<\/p>\n","protected":false},"excerpt":{"rendered":"Par Bastien Grossin Publi\u00e9 le 1 sept. 2025 \u00e0 11h56 Rires, retrouvailles, mais aussi quelques pleurs\u2009: ce 1er\u00a0septembre&hellip;\n","protected":false},"author":2,"featured_media":358034,"comment_status":"","ping_status":"","sticky":false,"template":"","format":"standard","meta":{"footnotes":""},"categories":[2815],"tags":[1111,11,4019,1777,674,1011,27,811,1307,12,10918,25,104],"class_list":{"0":"post-358033","1":"post","2":"type-post","3":"status-publish","4":"format-standard","5":"has-post-thumbnail","7":"category-lille","8":"tag-actu","9":"tag-actualites","10":"tag-ecoles","11":"tag-eu","12":"tag-europe","13":"tag-fr","14":"tag-france","15":"tag-hauts-de-france","16":"tag-lille","17":"tag-news","18":"tag-rentree-scolaire","19":"tag-republique-francaise","20":"tag-societe"},"share_on_mastodon":{"url":"https:\/\/pubeurope.com\/@fr\/115128470408646018","error":""},"_links":{"self":[{"href":"https:\/\/www.europesays.com\/fr\/wp-json\/wp\/v2\/posts\/358033","targetHints":{"allow":["GET"]}}],"collection":[{"href":"https:\/\/www.europesays.com\/fr\/wp-json\/wp\/v2\/posts"}],"about":[{"href":"https:\/\/www.europesays.com\/fr\/wp-json\/wp\/v2\/types\/post"}],"author":[{"embeddable":true,"href":"https:\/\/www.europesays.com\/fr\/wp-json\/wp\/v2\/users\/2"}],"replies":[{"embeddable":true,"href":"https:\/\/www.europesays.com\/fr\/wp-json\/wp\/v2\/comments?post=358033"}],"version-history":[{"count":0,"href":"https:\/\/www.europesays.com\/fr\/wp-json\/wp\/v2\/posts\/358033\/revisions"}],"wp:featuredmedia":[{"embeddable":true,"href":"https:\/\/www.europesays.com\/fr\/wp-json\/wp\/v2\/media\/358034"}],"wp:attachment":[{"href":"https:\/\/www.europesays.com\/fr\/wp-json\/wp\/v2\/media?parent=358033"}],"wp:term":[{"taxonomy":"category","embeddable":true,"href":"https:\/\/www.europesays.com\/fr\/wp-json\/wp\/v2\/categories?post=358033"},{"taxonomy":"post_tag","embeddable":true,"href":"https:\/\/www.europesays.com\/fr\/wp-json\/wp\/v2\/tags?post=358033"}],"curies":[{"name":"wp","href":"https:\/\/api.w.org\/{rel}","templated":true}]}}