{"id":358037,"date":"2025-09-01T10:09:18","date_gmt":"2025-09-01T10:09:18","guid":{"rendered":"https:\/\/www.europesays.com\/fr\/358037\/"},"modified":"2025-09-01T10:09:18","modified_gmt":"2025-09-01T10:09:18","slug":"mise-en-securite-des-depots-de-scories-sur-le-littoral-sud-de-marseille","status":"publish","type":"post","link":"https:\/\/www.europesays.com\/fr\/358037\/","title":{"rendered":"Mise en s\u00e9curit\u00e9 des d\u00e9p\u00f4ts de scories sur le littoral sud de Marseille"},"content":{"rendered":"<p><strong>Depuis plus d\u2019un si\u00e8cle, des d\u00e9p\u00f4ts historiques de r\u00e9sidus industriels polluent le littoral des Calanques de Marseille entre la Madrague de Montredon et Callelongue. Appel\u00e9s \u00ab scories \u00bb, ces d\u00e9p\u00f4ts affleurent en bord de route, de plage, dans la nature et parfois m\u00eame dans l\u2019eau.<\/strong><\/p>\n<p><strong>L\u2019ADEME (Agence de l&rsquo;environnement et de la ma\u00eetrise de l&rsquo;\u00e9nergie) a \u00e9t\u00e9 missionn\u00e9e par l&rsquo;\u00c9tat pour traiter et s\u00e9curiser les sites identifi\u00e9s comme \u00e9tant les plus pollu\u00e9s. Ce chantier historique de d\u00e9pollution est men\u00e9 par l\u2019\u00c9tat avec l\u2019appui financier de la Ville de Marseille et d&rsquo;autres collectivit\u00e9s co-financeuses du chantier.\u00a0<\/strong><\/p>\n<p>\u00a0<\/p>\n<p>\u00a0<\/p>\n<p>\u00a0<\/p>\n<p>Un chantier d&rsquo;ampleur<\/p>\n<p>Cette intervention de mise en s\u00e9curit\u00e9 confi\u00e9e \u00e0 l\u2019ADEME par l\u2019\u00c9tat constitue <strong>une mission d\u2019int\u00e9r\u00eat public majeur \u00e9voqu\u00e9 depuis de nombreuses ann\u00e9es et qui se concr\u00e9tise enfin<\/strong>. Ce chantier vise \u00e0 <strong>r\u00e9duire les impacts environnementaux et l\u2019exposition sanitaire de la population \u00e0 cette pollution<\/strong>.<\/p>\n<p><strong>Les co-financeurs suivants : Ville de Marseille, D\u00e9partement, M\u00e9tropole<\/strong> sont impliqu\u00e9s dans ce chantier pilot\u00e9 par l\u2019ADEME. Ils si\u00e8gent \u00e9galement dans un Comit\u00e9 de suivi r\u00e9uni en Pr\u00e9fecture depuis plusieurs ann\u00e9es et qui associe des repr\u00e9sentants des habitants comme les CIQ de la zone ou des associations engag\u00e9es dans les domaines de l&rsquo;environnement et de la sant\u00e9.<\/p>\n<p>\u00a0<\/p>\n<p>\u00a0<\/p>\n<p>\u00a0<\/p>\n<p>Organisation du chantier<\/p>\n<p>Le chantier d\u00e9marrera le 1er septembre 2025 avec l&rsquo;am\u00e9nagement de la base vie de chantier et se d\u00e9roulera en deux temps, <strong>de septembre 2025 \u00e0 mars 2026, puis de septembre 2026 \u00e0 mars 2027<\/strong>.<\/p>\n<p><strong>Lors de la premi\u00e8re p\u00e9riode de travaux (septembre 2025 &#8211; mars 2026) :<\/strong><\/p>\n<ul class=\"list-disclosure-closed\">\n<li>les d\u00e9p\u00f4ts faisant l\u2019objet d\u2019une mise en s\u00e9curit\u00e9 sont localis\u00e9s <strong>entre Sam\u00e9na et la calanque des Trous, \u00e0 l\u2019exception du vallon de l\u2019Escalette<\/strong> qui sera trait\u00e9 lors de la 2\u1d49 p\u00e9riode de travaux.<\/li>\n<li>des installations de chantier \u00e0 proximit\u00e9 imm\u00e9diate des zones de travaux seront install\u00e9es <strong>sur les parkings les plus proches et\/ou sur une voie de circulation pour certains d\u00e9p\u00f4ts<\/strong>. Dans ces cas, <strong>une circulation altern\u00e9e sur une seule voie<\/strong> sera mise en place du lundi au vendredi,<\/li>\n<li><strong>les parkings Napol\u00e9on et du port de l\u2019Escalette seront mobilis\u00e9s<\/strong> pour la mise en place de la base vie du chantier et des installations mutualis\u00e9es.<\/li>\n<\/ul>\n<p><strong>La deuxi\u00e8me p\u00e9riode de travaux (septembre 2026 &#8211; mars 2027) :<\/strong><\/p>\n<ul class=\"list-disclosure-closed\">\n<li>concernera principalement les d\u00e9p\u00f4ts localis\u00e9s e<strong>ntre les Goudes et Callelongue<\/strong>,<\/li>\n<li>la localisation des installations de chantier associ\u00e9e <strong>sera publi\u00e9e avant l\u2019\u00e9t\u00e9 2026<\/strong>.<\/li>\n<\/ul>\n<p>\u00a0<\/p>\n<p class=\"box-arrondi\"><strong>Attention<\/strong>, durant les deux p\u00e9riodes de travaux, <strong>les zones de stationnement seront limit\u00e9es sur ce secteur et les conditions de circulation perturb\u00e9es<\/strong>. Il est donc demand\u00e9 aux visiteurs de <strong>privil\u00e9gier les transports publics<\/strong> pour se rendre sur la zone :<br \/>\u25ba Les transports publics (ligne 19, 20, stations LeV\u00e9lo) sont renforc\u00e9s avec une desserte jusqu\u2019\u00e0 23 h et une fr\u00e9quence toutes les 20 minutes toute l\u2019ann\u00e9e (<a href=\"https:\/\/www.rtm.fr\/\" target=\"_blank\" rel=\"nofollow noopener\">site de la RTM pour plus d&rsquo;infos<\/a>).<br \/>\u25ba Des zones de stationnement ont \u00e9t\u00e9 propos\u00e9es aux restaurateurs.<br \/>\u25ba Une zone d\u00e9lestage de stationnement sera cr\u00e9\u00e9e au dessus du parking Napol\u00e9on.<br \/>\u25ba Une zone d\u00e9lestage de stationnement r\u00e9serv\u00e9e aux riverains est \u00e0 l\u2019\u00e9tude sur le parking de la Maronaise.<\/p>\n<p>\u00a0<\/p>\n<p class=\"text-align-center\"><a class=\"btn btn-primary\" href=\"https:\/\/calanques-de-marseille.ademe.fr\/\" target=\"_blank\" rel=\"nofollow noopener\">Toutes les infos d\u00e9taill\u00e9es sur le chantier de l&rsquo;ADEME<\/a><\/p>\n<p>\u00a0<\/p>\n<p>Si vous avez des questions sur le d\u00e9roul\u00e9 du chantier, rdv sur la <a href=\"https:\/\/calanques-de-marseille.ademe.fr\/en-savoir-plus\/faq\/\" target=\"_blank\" rel=\"nofollow noopener\">FAQ<\/a> ou le <a href=\"https:\/\/calanques-de-marseille.ademe.fr\/contact\/\" target=\"_blank\" rel=\"nofollow noopener\">formulaire de questions<\/a> du site de l&rsquo;ADEME.<\/p>\n<p>\u00a0<\/p>\n<p>\u00a0<\/p>\n<p>\u00a0<\/p>\n<p>Pour en savoir plus<\/p>\n<p>\u00a0<\/p>\n<p><strong>Comptes-rendus du comit\u00e9 de suivi en charge de l&rsquo;information sur les travaux :<\/strong><\/p>\n<p>\u00a0<\/p>\n<p>\u00a0<\/p>\n","protected":false},"excerpt":{"rendered":"Depuis plus d\u2019un si\u00e8cle, des d\u00e9p\u00f4ts historiques de r\u00e9sidus industriels polluent le littoral des Calanques de Marseille entre&hellip;\n","protected":false},"author":2,"featured_media":358038,"comment_status":"","ping_status":"","sticky":false,"template":"","format":"standard","meta":{"footnotes":""},"categories":[2814],"tags":[1111,11,1777,674,1011,27,884,12,882,25],"class_list":{"0":"post-358037","1":"post","2":"type-post","3":"status-publish","4":"format-standard","5":"has-post-thumbnail","7":"category-marseille","8":"tag-actu","9":"tag-actualites","10":"tag-eu","11":"tag-europe","12":"tag-fr","13":"tag-france","14":"tag-marseille","15":"tag-news","16":"tag-provence-alpes-cote-dazur","17":"tag-republique-francaise"},"share_on_mastodon":{"url":"https:\/\/pubeurope.com\/@fr\/115128498088505062","error":""},"_links":{"self":[{"href":"https:\/\/www.europesays.com\/fr\/wp-json\/wp\/v2\/posts\/358037","targetHints":{"allow":["GET"]}}],"collection":[{"href":"https:\/\/www.europesays.com\/fr\/wp-json\/wp\/v2\/posts"}],"about":[{"href":"https:\/\/www.europesays.com\/fr\/wp-json\/wp\/v2\/types\/post"}],"author":[{"embeddable":true,"href":"https:\/\/www.europesays.com\/fr\/wp-json\/wp\/v2\/users\/2"}],"replies":[{"embeddable":true,"href":"https:\/\/www.europesays.com\/fr\/wp-json\/wp\/v2\/comments?post=358037"}],"version-history":[{"count":0,"href":"https:\/\/www.europesays.com\/fr\/wp-json\/wp\/v2\/posts\/358037\/revisions"}],"wp:featuredmedia":[{"embeddable":true,"href":"https:\/\/www.europesays.com\/fr\/wp-json\/wp\/v2\/media\/358038"}],"wp:attachment":[{"href":"https:\/\/www.europesays.com\/fr\/wp-json\/wp\/v2\/media?parent=358037"}],"wp:term":[{"taxonomy":"category","embeddable":true,"href":"https:\/\/www.europesays.com\/fr\/wp-json\/wp\/v2\/categories?post=358037"},{"taxonomy":"post_tag","embeddable":true,"href":"https:\/\/www.europesays.com\/fr\/wp-json\/wp\/v2\/tags?post=358037"}],"curies":[{"name":"wp","href":"https:\/\/api.w.org\/{rel}","templated":true}]}}