{"id":358039,"date":"2025-09-01T10:10:20","date_gmt":"2025-09-01T10:10:20","guid":{"rendered":"https:\/\/www.europesays.com\/fr\/358039\/"},"modified":"2025-09-01T10:10:20","modified_gmt":"2025-09-01T10:10:20","slug":"aguerd-est-arrive-a-marseille-suivez-le-dernier-jour-du-marche-des-transferts-en-live","status":"publish","type":"post","link":"https:\/\/www.europesays.com\/fr\/358039\/","title":{"rendered":"Aguerd est arriv\u00e9 \u00e0 Marseille, suivez le dernier jour du march\u00e9 des transferts en live"},"content":{"rendered":"<p>12h06<\/p>\n<p>Conrad Harder finalement au RB Leipzig<\/p>\n<p>Annonc\u00e9 ces derniers jours du c\u00f4t\u00e9 de Rennes et de l&rsquo;AC Milan, Conrad Harder va finalement s&rsquo;engager avec le RB Leipzig. L&rsquo;attaquant danois du Sporting (20 ans) va \u00eatre recrut\u00e9 pour 26 millions d&rsquo;euros.<\/p>\n<p>12h01<\/p>\n<p>\u00c9ni\u00e8me retournement de situation sur le dossier Nicolas Jackson, le Bayern proche de r\u00e9cup\u00e9rer le buteur s\u00e9n\u00e9galais en pr\u00eat<\/p>\n<p>Nouvelle volte-face dans le feuilleton Nicolas Jackson. Alors qu&rsquo;on pensait la piste d&rsquo;un transfert de l&rsquo;attaquant de Chelsea au Bayern totalement abandonn\u00e9e, voil\u00e0 que le club londonien n&rsquo;est plus si ferm\u00e9 \u00e0 cette \u00e9ventualit\u00e9, mais sous forme de pr\u00eat.<\/p>\n<p>Selon nos informations, avec le rappel de Marc Guiu de Sunderland, Chelsea dispose \u00e0 nouveau d&rsquo;une place en pr\u00eat et serait dispos\u00e9 \u00e0 l&rsquo;utiliser pour envoyer Jackson en Bavi\u00e8re, assorti d&rsquo;une option d&rsquo;achat. De son c\u00f4t\u00e9, le Bayern est toujours tr\u00e8s int\u00e9ress\u00e9 par le profil du buteur s\u00e9n\u00e9galais. La situation devrait \u00e9voluer dans les prochaines heures.<\/p>\n<p>FH<\/p>\n<p>Plus d&rsquo;informations <a href=\"https:\/\/rmcsport.bfmtv.com\/football\/transferts\/enieme-retournement-de-situation-sur-le-dossier-nicolas-jackson-le-bayern-proche-de-recuperer-le-buteur-de-chelsea-en-pret_AP-202509010396.html\" title=\"Mercato: \u00e9ni\u00e8me retournement de situation, le Bayern proche de r\u00e9cup\u00e9rer Nicolas Jackson en pr\u00eat\" class=\"internal_link\" rel=\"nofollow noopener\" target=\"_blank\">ici.<\/a><\/p>\n<p>11h58<\/p>\n<p>O&rsquo;Riley est \u00e0 Marseille<\/p>\n<p>Matt O&rsquo;Riley, le rempla\u00e7ant d&rsquo;Adrien Rabiot, est bien arriv\u00e9 \u00e0 Marseille pour signer son contrat. L&rsquo;international danois (24 ans) va s&rsquo;engager pour un pr\u00eat sec sans option d&rsquo;achat, en provenance de Brighton.<\/p>\n<p>11h41<\/p>\n<p>Ten Hag limog\u00e9 de Leverkusen<\/p>\n<p>D&rsquo;apr\u00e8s Fabrizio Romano, le Bayer Leverkusen a limog\u00e9 Erik ten Hag. Le technicien n\u00e9erlandais \u00e9tait arriv\u00e9 dans le club allemand cet \u00e9t\u00e9.<\/p>\n<p>11h28<\/p>\n<p>Bournemouth trouve un rempla\u00e7ant \u00e0 Zabarnyi<\/p>\n<p>Alex Jimenez quitte Milan pour rejoindre Bournemouth. Il s&rsquo;agit d&rsquo;un pr\u00eat avec obligation d&rsquo;achat.<\/p>\n<p>11h25<\/p>\n<p>Auxerre pr\u00eate un ailier \u00e0 Laval<\/p>\n<p>L&rsquo;AJA a annonc\u00e9 avoir pr\u00eat\u00e9 Eros Maddy \u00e0 Laval, pensionnaire de Ligue 2. Il n&rsquo;y a pas d&rsquo;option d&rsquo;achat dans le contrat.<\/p>\n<p>11h24<\/p>\n<p>Embolo privil\u00e9gie l&rsquo;AS Roma<\/p>\n<p>Pist\u00e9 par Rennes, l&rsquo;attaquant suisse semble privil\u00e9gier l&rsquo;AS Roma comme porte de sortie. Le club de la Louve est int\u00e9ress\u00e9 par ses services et discute depuis plusieurs semaines avec la direction mon\u00e9gasque pour s&rsquo;attacher ses services. Probl\u00e8me, pour enregistrer l&rsquo;arriv\u00e9e de Breel Embolo, la Roma doit d&rsquo;abord se d\u00e9lester de son attaquant urkrainien Artem Dovbyk.<\/p>\n<p>Le cas \u00e9ch\u00e9ant, Embolo ne ferme pas la porte au march\u00e9 saoudien dont le mercato se termine le 11 septembre.<\/p>\n<p>Maxime Tilliette<\/p>\n<p>11h19<\/p>\n<p>Wissa arrive \u00e0 Newcastle<\/p>\n<p>Newcastle a d\u00e9j\u00e0 trouv\u00e9 un rempla\u00e7ant \u00e0 Alexander Isak. D&rsquo;apr\u00e8s nos informations, un accord a \u00e9t\u00e9 trouv\u00e9 entre Brentford et Newcastle pour Yoann Wissa. Un transfert autour de 60 millions d&rsquo;euros. Le joueur passe actuellement sa visite m\u00e9dicale.<\/p>\n<p>Fabrice Hawkins<\/p>\n<p>11h13<\/p>\n<p>Officiel<\/p>\n<p>C&rsquo;est officiel pour Aguerd \u00e0 l&rsquo;OM<\/p>\n<p>C&rsquo;est officiel. Le d\u00e9fenseur marocain est arriv\u00e9 \u00e0 Marseille et a pos\u00e9 avec une \u00e9charpe marseillaise.<\/p>\n<p><img decoding=\"async\" class=\"lozad\" src=\"https:\/\/www.europesays.com\/fr\/wp-content\/uploads\/2025\/09\/Nayef-Aguerd-signe-a-l-OM-le-1er-septembre-2025-2130075.jpg\"  alt=\"Nayef Aguerd signe \u00e0 l'OM, le 1er septembre 2025\" title=\"Nayef Aguerd signe \u00e0 l'OM, le 1er septembre 2025\"\/>Nayef Aguerd signe \u00e0 l&rsquo;OM, le 1er septembre 2025 \u00a9 RMC Sport<\/p>\n<p>11h05<\/p>\n<p>Rennes veut d\u00e9graisser son effectif<\/p>\n<p>Le mercato rennais devrait \u00e9galement \u00eatre actif dans le sens des d\u00e9parts avec encore de nombreux joueurs \u00e0 exfiltrer. Le d\u00e9fenseur Mikayil Faye est en Italie et va signer \u00e0 la Cremonese dans le cadre d&rsquo;un pr\u00eat. Le Suisse Fabian Rieder est en Allemagne et va passer sa visite m\u00e9dicale pour s&rsquo;engager \u00e0 Augsbourg comme le rapporte le journal Bild dans le cadre d&rsquo;un transfert d\u00e9finitif.<\/p>\n<p>Des portes de sorties sont encore recherch\u00e9es pour Hans Hateboer, Glen Kamara, Jordan James, Ayanda Sishuba ou Ibrahim Salah.<\/p>\n<p>Xavier Grimault<\/p>\n<p>11h04<\/p>\n<p>Rennes proche d&rsquo;un accord avec Monaco pour Embolo, mais rien n&rsquo;est fait<\/p>\n<p>Le Stade Rennais va tenter de boucler l&rsquo;arriv\u00e9e d&rsquo;un deuxi\u00e8me renfort offensif apr\u00e8s Esteban Lepaul. Apr\u00e8s l&rsquo;\u00e9chec de la priorit\u00e9 Conrad Harder, le mon\u00e9gasque Breel Embolo est revenu dans la danse ces derniers jours.<\/p>\n<p>L&rsquo;attaquant de l&rsquo;ASM avait d\u00e9j\u00e0 \u00e9t\u00e9 propos\u00e9 au club en d\u00e9but de mercato sans que les Bretons ne poussent plus loin. Ils auraient revu leur plan. Un accord aurait \u00e9t\u00e9 trouv\u00e9 avec entre les clubs mais rien n&rsquo;est encore finalis\u00e9, la volont\u00e9 du joueur de rejoindre la Bretagne n&rsquo;\u00e9tant pas assur\u00e9.<\/p>\n<p>Xavier Grimault<\/p>\n<p>11h02<\/p>\n<p>PSG: d\u00e9part imminent de Soler<\/p>\n<p>Le milieu espagnol est arriv\u00e9 \u00e0 San Sebastian, selon <a href=\"https:\/\/www.marca.com\/futbol\/mercado-fichajes\/2025\/09\/01\/68b52ce8f49425d14de18490-directo.html\" target=\"_blank\" class=\"external_link\" rel=\"nofollow noopener\">Marca<\/a>, o\u00f9 il devrait s&rsquo;engager avec la Real Sociedad dans les prochaines heures.<\/p>\n<p>Le journal espagnol \u00e9voque un transfert de 7,5 millions d&rsquo;euros et un contrat jusqu&rsquo;en 2030.<\/p>\n<p>10h58<\/p>\n<p>Aguerd est arriv\u00e9 \u00e0 Marseille<\/p>\n<p>Nayef Aguerd a atterri \u00e0 Marseille. Le d\u00e9fenseur de West Ham va s&rsquo;engager avec l&rsquo;OM dans les prochaines heures.<\/p>\n<p>10h55<\/p>\n<p>Vanhoutte arrive \u00e0 Nice, Clauss et Louchet partis pour rester\u00a0<\/p>\n<p>Derni\u00e8re journ\u00e9e de mercato charg\u00e9e pour les dirigeants ni\u00e7ois au lendemain de la d\u00e9faite 3-1 au Havre. Une fois la visite m\u00e9dicale valid\u00e9e, le club azur\u00e9en doit enregistrer l\u2019arriv\u00e9e du milieu belge Charles Vanhoutte contre 7 millions d\u2019euros, bonus compris, en provenance de l\u2019Union Saint-Gilloise. Un joueur d\u2019\u00e9quilibre, stabilisateur, comme souhait\u00e9 par Franck Haise apr\u00e8s le d\u00e9part de Pablo Rosario.\u00a0<\/p>\n<p>Jonathan Clauss devrait lui rester sous le maillot des Aiglons. Contrairement \u00e0 ce que rapporte la presse italienne, aucune offre de la Juventus n\u2019est arriv\u00e9e dans les bureaux du Gym. Franck Haise et les dirigeants ni\u00e7ois comptent cette saison sur l\u2019international fran\u00e7ais.<\/p>\n<p>Enfin, Florian Maurice a ferm\u00e9 la porte \u00e0 un d\u00e9part de Tom Louchet malgr\u00e9 une approche de l\u2019AJ Auxerre. Le polyvalent milieu restera ni\u00e7ois.<\/p>\n<p>Maxime Tilliette<\/p>\n<p>10h49<\/p>\n<p>Lukebakio arrive \u00e0 Lisbonne<\/p>\n<p>L&rsquo;attaquant belge de S\u00e9ville Dodi Lukebakio s&rsquo;est envol\u00e9 pour signer un contrat avec Benfica, confirme Fabrizio Romano.<\/p>\n<p>10h44<\/p>\n<p>Openda a atterri en Italie<\/p>\n<p>L&rsquo;ancien lensois a atterri en Italie o\u00f9 il va s&rsquo;engager avec la Juventus en provenance du RB Leipzig.<\/p>\n<p>10h28<\/p>\n<p>Martinez vers Manchester United?<\/p>\n<p>D&rsquo;apr\u00e8s <a href=\"https:\/\/www.skysports.com\/football\/live-blog\/11095\/12476234\/transfer-centre-live-football-transfer-news-updates-and-rumours?postid=10110076#liveblog-body\" target=\"_blank\" class=\"external_link\" rel=\"nofollow noopener\">Sky Sports<\/a>, Manchester United est en pourparlers avec deux gardiens: Emiliano Martinez d&rsquo;Aston Villa et Senne Lammens du Royal Antwerp. La situation pourrait se d\u00e9bloquer dans les prochaines heures.<\/p>\n<p>10h17<\/p>\n<p>Les d\u00e9tails du transfert de Donnarumma \u00e0 Manchester City<\/p>\n<p>D&rsquo;apr\u00e8s nos informations, <a href=\"https:\/\/rmcsport.bfmtv.com\/football\/transferts\/mercato-c-est-fait-donnarumma-quitte-le-psg-pour-manchester-city_AV-202509010284.html\" title=\"Mercato: c&#039;est fait, Donnarumma quitte le PSG pour Manchester City\" class=\"internal_link\" rel=\"nofollow noopener\" target=\"_blank\">Gianluigi Donnarumma va rejoindre Manchester City<\/a> pour 30 millions d&rsquo;euros (+ bonus). Il s&rsquo;appr\u00eate \u00e0 signer un contrat \u00e0 long terme. Sa visite m\u00e9dicale est pr\u00e9vue dans l&rsquo;apr\u00e8s-midi.<\/p>\n<p>Fabrice Hawkins<\/p>\n<p>10h15<\/p>\n<p>Zhegrova est arriv\u00e9 \u00e0 Turin<\/p>\n<p>L&rsquo;attaquant lillois Edon Zhegrova est arriv\u00e9 \u00e0 Turin pour signer \u00e0 la Juventus.<\/p>\n<p>10h13<\/p>\n<p>Lyon a trouv\u00e9 un attaquant<\/p>\n<p>D&rsquo;apr\u00e8s nos informations, confirmant celles de L&rsquo;\u00c9quipe, l&rsquo;attaquant Martin Satriano va rejoindre Lyon en pr\u00eat avec option d&rsquo;achat obligatoire en provenance de Lens.<\/p>\n<p>Le RC Lens va de son c\u00f4t\u00e9 pr\u00eater \u00e0 Boulogne-sur-Mer (Ligue 2) le jeune attaquant Gabin Capuano.<\/p>\n<p>Jean Bommel<\/p>\n<p>10h11<\/p>\n<p>Lorient prolonge son gardien<\/p>\n<p>Les Merlus ont annonc\u00e9 la prolongation de leur gardien Yvon Mvogo jusqu&rsquo;en 2027, trois mois apr\u00e8s la fin de son pr\u00e9c\u00e9dent contrat.<\/p>\n<p>10h10<\/p>\n<p>Milan a fait une offre pour un d\u00e9fenseur de Liverpool<\/p>\n<p><a href=\"https:\/\/sport.sky.it\/calciomercato\/2025\/09\/01\/calciomercato-milan-acquisti-cessioni-diretta-news?query=active\" target=\"_blank\" class=\"external_link\" rel=\"nofollow noopener\">Sky Italia<\/a> rapporte que l&rsquo;AC Milan a fait une offre \u00e0 Liverpool pour Joe Gomez. En attendant la r\u00e9ponse des Reds, le joueur serait ouvert \u00e0 un transfert en Italie.<\/p>\n<p>10h00<\/p>\n<p>La Juve s&rsquo;int\u00e9resse \u00e0 Clauss<\/p>\n<p>La lateral de l&rsquo;OGC Nice est pist\u00e9 par la Juventus, selon <a href=\"https:\/\/gianlucadimarzio.com\/clauss-juventus-calciomercato-serie-a-news-1-settembre-2025\/\" target=\"_blank\" class=\"external_link\" rel=\"nofollow noopener\">Gianluca Di Marzio<\/a>. La Vieille Dame cherche un lat\u00e9ral droit et a pris contact avec Nice pour Jonathan Clauss. Elle attend d\u00e9sormais le retour du Gym.<\/p>\n<p>09h49<\/p>\n<p>\u00c7a se bouscule pour Kolo Muani<\/p>\n<p>Apr\u00e8s la fin des n\u00e9gociations avec la Juventus, le Paris Saint-Germain pourrait trouver d&rsquo;autres pr\u00e9tendants \u00e0 Randal Kolo Muani. D&rsquo;apr\u00e8s nos informations, Tottenham, Aston Villa et Newcastle sont int\u00e9ress\u00e9s par le Fran\u00e7ais.<\/p>\n<p><a href=\"https:\/\/rmcsport.bfmtv.com\/football\/transferts\/mercato-tottenham-newcastle-ca-se-bouscule-pour-kolo-muani_AV-202509010252.html\" title=\"Mercato: Tottenham, Newcastle... \u00e7a se bouscule pour Kolo Muani\" class=\"internal_link\" rel=\"nofollow noopener\" target=\"_blank\">&gt;&gt; Tottenham, Newcastle&#8230; \u00e7a se bouscule pour Kolo Muani<\/a><\/p>\n<p>09h46<\/p>\n<p>Le Paris FC veut un dernier gros coup et vise Stassin<\/p>\n<p>Le Paris FC veut encore renforcer son attaque malgr\u00e9 les arriv\u00e9es de Geubbels et d&rsquo;Ikon\u00e9 (pas encore officielle).<\/p>\n<p>Les parisiens vont acc\u00e9l\u00e9rer sur Lucas Stassin. D\u00e9j\u00e0 int\u00e9ress\u00e9s depuis la fin de saison derni\u00e8re, le PFC va se lancer \u00e0 l&rsquo;offensive dans ces derni\u00e8res heures de mercato pour arracher le jeune buteur belge \u00e0 Saint \u00c9tienne m\u00eame si les Verts se montrent fermes sur le dossier. Ils r\u00e9clament 20 millions pour Lucas Stassin.<\/p>\n<p>Pour rappel, Un milieu box to box, \u00a0plut\u00f4t jeune et \u00e0 d\u00e9velopper, est esp\u00e9r\u00e9 aussi d&rsquo;ici ce soir.<\/p>\n<p>Aurelien Tiercin<\/p>\n<p>09h43<\/p>\n<p>Donnarumma \u00e0 City, c&rsquo;est fait<\/p>\n<p>Le gardien du PSG va signer \u00e0 Manchester City. Comme expliqu\u00e9 depuis plusieurs semaines, l&rsquo;arriv\u00e9e de l&rsquo;Italien en Angleterre d\u00e9pendait du d\u00e9part d&rsquo;Ederson, qui devrait rejoindre Fenerbah\u00e7e.<\/p>\n<p>Fabrice Hawkins<\/p>\n<p>09h39<\/p>\n<p>Une piste de l&rsquo;OM s&rsquo;envole vers Sunderland<\/p>\n<p>Le club anglais ne s&rsquo;arr\u00eate plus de recruter. D&rsquo;apr\u00e8s <a href=\"https:\/\/www.kicker.de\/geertruida-verlaesst-leipzig-richtung-england-4000000070144\/transfermeldung\" target=\"_blank\" class=\"external_link\" rel=\"nofollow noopener\">Kicker<\/a>, Lutsharel Geertruida pourrait \u00eatre pr\u00eat\u00e9 \u00e0 Sunderland par le RB Leipzig.<\/p>\n<p>09h36<\/p>\n<p>West Ham aurait trouv\u00e9 un rempla\u00e7ant \u00e0 Aguerd<\/p>\n<p>Alors que Nayef Aguerd est pist\u00e9 par l&rsquo;OM, West Ham aurait d\u00e9j\u00e0 trouv\u00e9 son rempla\u00e7ant. Et il joue en Ligue 1. Selon <a href=\"https:\/\/www.skysports.com\/football\/live-blog\/11095\/12476234\/transfer-centre-live-football-transfer-news-updates-and-rumours?postid=10109671#liveblog-body\" target=\"_blank\" class=\"external_link\" rel=\"nofollow noopener\">Sky Sports<\/a>, les Hammers s&rsquo;int\u00e9ressent au Toulousain Charlie Cresswell.<\/p>\n<p>09h33<\/p>\n<p>Antony va quitter Manchester United<\/p>\n<p>Pr\u00eat\u00e9 la saison derni\u00e8re au Betis Seville, Antony va s&rsquo;engager d\u00e9finitivement avec le club andalou. D&rsquo;apr\u00e8s Fabrizio Romano, un accord a \u00e9t\u00e9 trouv\u00e9 avec Manchester United autour de 25 millions d&rsquo;euros.<\/p>\n<p>09h31<\/p>\n<p>Alexis Sanchez a trouv\u00e9 son nouveau club<\/p>\n<p>\u00c0 36 ans, le Chilien pourrait quitter l&rsquo;Udinese et revenir en Liga. D&rsquo;apr\u00e8s la presse espagnole, Alexis Sanchez est attendu du c\u00f4t\u00e9 de S\u00e9ville.<\/p>\n<p>09h26<\/p>\n<p>Pist\u00e9 par l\u2019OM, Florentino Luis file en Premier League<\/p>\n<p>Un temps suivi par l\u2019OM pour renforcer son milieu de terrain, Florentino Luis va signer en Premier League. Selon Fabrizio Romano, le Portugais va s\u2019engager avec Burnley. Benfica a trouv\u00e9 un accord avec le club anglais pour un pr\u00eat de 2 millions d\u2019euros et une clause obligatoire d\u2019achat \u00e0 24 millions d\u2019euros.<\/p>\n<p>09h15<\/p>\n<p>Une nouvelle recrue \u00e0 Strasbourg<\/p>\n<p>Strasbourg continue son mercato XXL. Comme confirm\u00e9 par RMC Sport, Martial Godo arrive en Alsace. D&rsquo;apr\u00e8s Fabrizio Romano, un accord a \u00e9t\u00e9 trouv\u00e9 avec Fulham pour un transfert de l&rsquo;ailier aux alentours de 7 millions d&rsquo;euros.<\/p>\n<p>09h05<\/p>\n<p>INFO RMC Sport &#8211; Accord entre Lens et Crystal Palace pour Odsonne \u00c9douard<\/p>\n<p>Lens et Crystal Palace ont trouv\u00e9 un accord pour le transfert d&rsquo;Odsonne \u00c9douard. Le montant du transfert est estim\u00e9 \u00e0 5 millions d&rsquo;euros, bonus compris.<\/p>\n<p>L&rsquo;attaquant est attendu \u00e0 Lens dans les prochaines heures pour passer sa visite m\u00e9dicale et signer son contrat de trois ans.<\/p>\n<p>08h58<\/p>\n<p>Un ancien lensois arrive \u00e0 la Juve<\/p>\n<p>Lo\u00efs Openda va quitter le RB Leipzig pour rejoindre la Juventus, rapporte Fabrizio Romano. L&rsquo;ancien attaquant lensois va voyager aujourd&rsquo;hui en Italie pour un transfert estim\u00e9 \u00e0 40 millions d&rsquo;euros.<\/p>\n<p>La Juventus devrait aussi signer Edon Zhegrova.<\/p>\n<p>08h55<\/p>\n<p>Nouveau rebond de Sancho en Premier League?<\/p>\n<p>D&rsquo;apr\u00e8s <a href=\"https:\/\/www.skysports.com\/football\/live-blog\/11095\/12476234\/transfer-centre-live-football-transfer-news-updates-and-rumours?postid=10108802#liveblog-body\" target=\"_blank\" class=\"external_link\" rel=\"nofollow noopener\">Sky Sports<\/a>, Aston Villa est en n\u00e9gociations avanc\u00e9es avec Manchester United pour Jadon Sancho. Les Red Devils pr\u00e9f\u00e8reraient un transfert d\u00e9finitif, mais les Villans privil\u00e9fgient un pr\u00eat.<\/p>\n<p>08h53<\/p>\n<p>Un joueur pist\u00e9 par Rennes s&rsquo;envole vers l&rsquo;Angleterre<\/p>\n<p>Bryan Brobbey, longtemps suivi de pr\u00e8s par Rennes, va quitter l&rsquo;Ajax et rejoindre Sunderland, selon Fabrizio Romano. Le montant du transfert est estim\u00e9 \u00e0 20 millions d&rsquo;euros et cinq de bonus.<\/p>\n<p>L&rsquo;attaquant remplace l&rsquo;arriv\u00e9e avort\u00e9e de Marc Guiu, rappel\u00e9 par Chelsea apr\u00e8s la blessure ce week-end de Liam Delap.<\/p>\n<p>07h08<\/p>\n<p>La place lib\u00e9r\u00e9e pour Donnarumma \u00e0 City?<\/p>\n<p>Ederson \u00e0 Fernerbahce, c&rsquo;est fait, selon Frabrizio Romano. Le gardien br\u00e9silien de Manchester City va rejoindre le club turc pour un peu moins de 15 millions d&rsquo;euros.<\/p>\n<p>Un transfert qui pourrait en d\u00e9bloquer un autre: celui de <a href=\"https:\/\/rmcsport.bfmtv.com\/football\/transferts\/manchester-city-et-le-psg-intensifient-les-negociations-pour-gianluigi-donnarumma_AP-202508310380.html\" title=\"Manchester City et le PSG intensifient les n\u00e9gociations pour Gianluigi Donnarumma\" class=\"internal_link\" rel=\"nofollow noopener\" target=\"_blank\">Gianluigi Donnarumma \u00e0 Manchester City<\/a>. La situation pourrait bouger dans les prochaines heures.<\/p>\n<p>07h01<\/p>\n<p>Accord entre Newcastle et Liverpool pour un transfert record<\/p>\n<p>D&rsquo;apr\u00e8s Fabrizio Romano et The Athletic, Alexander Isak va rejoindre Liverpool pour 150 millions d&rsquo;euros, un record en Premier League.<\/p>\n<p>La visite m\u00e9dicale est pr\u00e9vue dans la journ\u00e9e.<\/p>\n<p>06h46<\/p>\n<p>Valentin Atangana va rejoindre l&rsquo;Arabie Saoudite<\/p>\n<p>Un nouveau jeune talent en Arabie Saoudite. Selon nos informations Valentin Atangana va signer \u00e0 Al Ahli. Un contrat de 3 ans l&rsquo;attend. Le transfert est de 25M\u20ac. L&rsquo;international espoirs avait pourtant trouv\u00e9 un accord avec Strasbourg mais le club alsacien a mis du temps \u00e0 valider la visite m\u00e9dicale ce qui a profit\u00e9 \u00e0 Al Ahli.<\/p>\n<p><strong>Fabrice Hawkins<\/strong><\/p>\n<p>06h44<\/p>\n<p>Accord entre Brighton et l&rsquo;OM pour Matt O&rsquo;Riley<\/p>\n<p>C&rsquo;est le d\u00e9but d&rsquo;un sprint final dans ce dernier jour de mercato. Et l&rsquo;OM avait pr\u00e9venu. Les Phoc\u00e9ens veulent encore se renforcer et ont conclu un accord avec Brighton pour l&rsquo;arriv\u00e9e du milieu de terrain danois Matt O&rsquo;Riley. Il s&rsquo;agit d&rsquo;un pr\u00eat sec sans option d&rsquo;achat. Le joueur est attendu ce lundi matin.<\/p>\n<p><strong>Fabrice Hawkins<\/strong><\/p>\n<p>00h46<\/p>\n<p>Attention, tout ferme \u00e0 20h<\/p>\n<p>Nouveaut\u00e9 cette saison, toutes ces probl\u00e9matiques devront \u00eatre r\u00e9gl\u00e9es <strong><a href=\"https:\/\/www.lfp.fr\/article\/les-dates-du-mercato-2025-2026\" target=\"_blank\" class=\"external_link\" rel=\"nofollow noopener\">avant le 1er septembre \u00e0 20 heures<\/a><\/strong>, contre 23h ou minuit par le pass\u00e9.<\/p>\n<p>Les clubs de Ligue 1 ne seront pas les seuls soumis \u00e0 cette r\u00e8gle, puisqu&rsquo;il en sera de m\u00eame pour les \u00e9quipes de Premier League, de Serie A ou de Bundesliga.<\/p>\n<p>La Liga, elle, aura droit \u00e0 un peu de rab, puisque son mercato se cl\u00f4turera officiellement \u00e0 23h59.<\/p>\n<p>00h43<\/p>\n<p>INFO RMC SPORT. PSG: Kolo Muani ne signera pas \u00e0 la Juve<\/p>\n<p>Une porte se ferme pour <strong><a href=\"https:\/\/rmcsport.bfmtv.com\/football\/randal-kolo-muani_DN-202303220444.html\" title=\"Randal Kolo Muani\" class=\"internal_link\" rel=\"nofollow noopener\" target=\"_blank\">Randal Kolo Muani<\/a><\/strong>. Le PSG a mis fin aux n\u00e9gociations avec la Juventus pour le transfert de l&rsquo;attaquant fran\u00e7ais, qui avait \u00e9t\u00e9 pr\u00eat\u00e9 six mois au club turinois la saison pass\u00e9e. En cause pour Paris: les nombreux changements de la Juve dans la structuration du deal, qui ont ralenti les discussions.<\/p>\n<p>Pas dans les plans de <strong><a href=\"https:\/\/rmcsport.bfmtv.com\/football\/clubs\/paris-saint-germain\/luis-enrique_DN-202308300457.html\" title=\"Luis Enrique entra\u00eeneur du PSG\" class=\"internal_link\" rel=\"nofollow noopener\" target=\"_blank\">Luis Enrique<\/a><\/strong> cette saison, l&rsquo;international fran\u00e7ais, sous contrat jusqu&rsquo;en 2028, n&rsquo;a plus que quelques heures pour trouver une nouvelle porte de sortie. Plusieurs clubs sont int\u00e9ress\u00e9s.<\/p>\n<p>F.Hawkins<\/p>\n<p>00h42<\/p>\n<p>Manchester City et le PSG intensifient les n\u00e9gociations pour Gianluigi Donnarumma<\/p>\n<p>M\u00eame s&rsquo;il a lui-m\u00eame <strong><a href=\"https:\/\/rmcsport.bfmtv.com\/football\/ligue-1\/psg-de-marquinhos-a-mbappe-de-nombreux-hommages-pour-donnarumma-apres-l-annonce-de-son-depart_AV-202508130123.html\" title=\"PSG: de Marquinhos \u00e0 Mbapp\u00e9... de nombreux hommages pour Donnarumma apr\u00e8s l&#039;annonce de son d\u00e9part\" class=\"internal_link\" rel=\"nofollow noopener\" target=\"_blank\">annonc\u00e9 son d\u00e9part<\/a><\/strong> depuis plusieurs semaines, <strong><a href=\"https:\/\/rmcsport.bfmtv.com\/football\/gianluigi-donnarumma_DN-202108310517.html\" title=\"Gianluigi Donnarumma\" class=\"internal_link\" rel=\"nofollow noopener\" target=\"_blank\">Gianluigi Donnarumma<\/a><\/strong> est toujours un joueur du PSG. Le gardien italien, homme fort du sacre en Ligue des champions la saison derni\u00e8re mais pouss\u00e9 vers la sortie cet \u00e9t\u00e9, n&rsquo;a pas encore trouv\u00e9 de point de chute. Mais les choses pourraient s&rsquo;acc\u00e9l\u00e9rer dans les prochaines heures.<\/p>\n<p>Les n\u00e9gociations entre le PSG et Manchester City sont entr\u00e9es dans une phase d\u00e9cisive pour Gianluigi Donnarumma. Un accord est esp\u00e9r\u00e9 d\u00e8s lors que l&rsquo;actuel portier de Manchester City, <strong><a href=\"https:\/\/rmcsport.bfmtv.com\/football\/premier-league\/manchester-city-sur-le-depart-ederson-absent-du-groupe-pour-le-debut-de-la-premier-league_AV-202508150356.html\" title=\"Manchester City: sur le d\u00e9part, Ederson absent du groupe pour le d\u00e9but de la Premier League\" class=\"internal_link\" rel=\"nofollow noopener\" target=\"_blank\">Ederson<\/a><\/strong>, quittera les Skyblues. Le Br\u00e9silien est proche de signer \u00e0 Fenerbah\u00e7e.<\/p>\n<p>F.Hawkins<\/p>\n<p>00h31<\/p>\n<p>Fin du feuilleton Adrien Rabiot, qui va quitter l\u2019OM pour rejoindre l\u2019AC Milan<\/p>\n<p>Adrien Rabiot devrait s\u2019engager dans les derni\u00e8res heures du mercato avec l\u2019AC Milan. Le club lombard a trouv\u00e9 un accord avec l\u2019OM pour le transfert du milieu de terrain des Bleus, qui pourrait rapidement recroiser la route de Jonathan Rowe en Serie A.<\/p>\n<p>&gt;&gt;&gt; <a href=\"https:\/\/rmcsport.bfmtv.com\/football\/transferts\/fin-du-feuilleton-adrien-rabiot-qui-va-quitter-l-om-pour-rejoindre-l-ac-milan-et-pourrait-vite-retrouver-jonathan-rowe_AV-202508310387.html\" title=\"Fin du feuilleton Adrien Rabiot, qui va quitter l\u2019OM pour rejoindre l\u2019AC Milan (et pourrait vite retrouver Jonathan Rowe)\" class=\"internal_link\" rel=\"nofollow noopener\" target=\"_blank\">les derni\u00e8res infos sur le dossier Rabiot<\/a><\/p>\n<p>00h25<\/p>\n<p>Emerson Palmieri est arriv\u00e9 \u00e0 Marseille<\/p>\n<p>Emerson Palmieri est arriv\u00e9 \u00e0 Marignane. Le d\u00e9fenseur de 31 ans, qui arrive de West Ham, va s&rsquo;engager \u00e0 l&rsquo;OM apr\u00e8s avoir pass\u00e9 sa visite m\u00e9dicale. Tout comme son co\u00e9quipier Nayef Aguerd, qui va signer un contrat de cinq ans.<\/p>\n<p>00h23<\/p>\n<p>Bonjour \u00e0 tous et bienvenue dans notre live mercato consacr\u00e9 \u00e0 la derni\u00e8re journ\u00e9e du march\u00e9 estival<\/p>\n<p>C&rsquo;est le jour le plus long pour les clubs qui ont encore des op\u00e9rations \u00e0 boucler. Le mercato d&rsquo;\u00e9t\u00e9 ferme ce lundi 1er septembre dans la plupart des grands championnats europ\u00e9ens. RMC Sport vous propose de retrouver les principales informations et rumeurs dans ce direct comment\u00e9.<\/p>\n","protected":false},"excerpt":{"rendered":"12h06 Conrad Harder finalement au RB Leipzig Annonc\u00e9 ces derniers jours du c\u00f4t\u00e9 de Rennes et de l&rsquo;AC&hellip;\n","protected":false},"author":2,"featured_media":358040,"comment_status":"","ping_status":"","sticky":false,"template":"","format":"standard","meta":{"footnotes":""},"categories":[2814],"tags":[1111,11,1777,674,1011,27,884,12,882,25],"class_list":{"0":"post-358039","1":"post","2":"type-post","3":"status-publish","4":"format-standard","5":"has-post-thumbnail","7":"category-marseille","8":"tag-actu","9":"tag-actualites","10":"tag-eu","11":"tag-europe","12":"tag-fr","13":"tag-france","14":"tag-marseille","15":"tag-news","16":"tag-provence-alpes-cote-dazur","17":"tag-republique-francaise"},"share_on_mastodon":{"url":"https:\/\/pubeurope.com\/@fr\/115128502552038692","error":""},"_links":{"self":[{"href":"https:\/\/www.europesays.com\/fr\/wp-json\/wp\/v2\/posts\/358039","targetHints":{"allow":["GET"]}}],"collection":[{"href":"https:\/\/www.europesays.com\/fr\/wp-json\/wp\/v2\/posts"}],"about":[{"href":"https:\/\/www.europesays.com\/fr\/wp-json\/wp\/v2\/types\/post"}],"author":[{"embeddable":true,"href":"https:\/\/www.europesays.com\/fr\/wp-json\/wp\/v2\/users\/2"}],"replies":[{"embeddable":true,"href":"https:\/\/www.europesays.com\/fr\/wp-json\/wp\/v2\/comments?post=358039"}],"version-history":[{"count":0,"href":"https:\/\/www.europesays.com\/fr\/wp-json\/wp\/v2\/posts\/358039\/revisions"}],"wp:featuredmedia":[{"embeddable":true,"href":"https:\/\/www.europesays.com\/fr\/wp-json\/wp\/v2\/media\/358040"}],"wp:attachment":[{"href":"https:\/\/www.europesays.com\/fr\/wp-json\/wp\/v2\/media?parent=358039"}],"wp:term":[{"taxonomy":"category","embeddable":true,"href":"https:\/\/www.europesays.com\/fr\/wp-json\/wp\/v2\/categories?post=358039"},{"taxonomy":"post_tag","embeddable":true,"href":"https:\/\/www.europesays.com\/fr\/wp-json\/wp\/v2\/tags?post=358039"}],"curies":[{"name":"wp","href":"https:\/\/api.w.org\/{rel}","templated":true}]}}