{"id":358041,"date":"2025-09-01T10:11:13","date_gmt":"2025-09-01T10:11:13","guid":{"rendered":"https:\/\/www.europesays.com\/fr\/358041\/"},"modified":"2025-09-01T10:11:13","modified_gmt":"2025-09-01T10:11:13","slug":"scenes-lyon-le-mois-de-septembre-en-theatre-en-danse-et-en-stand-up-par-le-petit-bulletin","status":"publish","type":"post","link":"https:\/\/www.europesays.com\/fr\/358041\/","title":{"rendered":"Sc\u00e8nes Lyon &#8211; Le mois de septembre en th\u00e9\u00e2tre, en danse et en stand-up par Le Petit Bulletin"},"content":{"rendered":"<p itemprop=\"description\" style=\"font-weight: 600;\">S\u00e9lection  \/ Voici une petite dizaine de moments forts de ce mois de septembre en sc\u00e8nes. Certains d\u00e9j\u00e0 \u00e9voqu\u00e9s dans nos colonnes, d&rsquo;autres, tout \u00e0 fait nouveaux.\u00a0<\/p>\n<p><img decoding=\"async\" src=\"https:\/\/www.europesays.com\/fr\/wp-content\/uploads\/2025\/09\/2025-09-01-12-04-49_thumbnailBiclou1LesTransformateurs1.jpg\" alt=\"\"\/><\/p>\n<p style=\"font-size:12px;\">Photo : Biclou \u00a9Les Transformateurs<\/p>\n<p>La Biennale de la danse<\/p>\n<p>Quarante spectacles, vingt-quatre cr\u00e9ations et premi\u00e8res fran\u00e7aises : la m\u00e9tropole lyonnaise sera \u00e0 la danse pendant trois semaines avec une \u00e9dition de la Biennale de la danse \u00e0 la programmation particuli\u00e8rement all\u00e9chante <a href=\"http:\/\/www.petit-bulletin.fr\/article-79914-biennale-de-la-danse-et-au-dela.html\" target=\"_blank\" rel=\"noopener nofollow\">que nous d\u00e9taillons ici<\/a>, avant d&rsquo;\u00e9voquer quelques-uns des spectacles dans cette s\u00e9lection. \u00c0 noter aussi le fameux d\u00e9fil\u00e9 pr\u00e9vu le 7 septembre avec ses 3 000 participants amateurs.<br \/><strong>JED<\/strong><\/p>\n<p><strong><\/strong><\/p>\n<p><strong><a href=\"https:\/\/www.labiennaledelyon.com\/programmation-2025\" target=\"_blank\" rel=\"noopener nofollow\">Biennale de la danse 2025<\/a><br \/><\/strong>Du 6 au 28 septembre 2025 dans toute la m\u00e9tropole de Lyon ; prix variables<\/p>\n<p>Eszter Salamon<\/p>\n<p>Parmi les chor\u00e9graphes tr\u00e8s en vue et tr\u00e8s attendus de cette nouvelle \u00e9dition de la Biennale de la danse, <a href=\"http:\/\/www.petit-bulletin.fr\/article-79916-eszter-salamon-choregraphe-du-regard-et-de-la-memoire.html\" target=\"_blank\" rel=\"noopener nofollow\">Eszter Salamon et sa fa\u00e7on brouiller les fronti\u00e8res de la danse<\/a>, y incluant paroles et textes, cr\u00e9ations plastiques, vid\u00e9os&#8230; Elle viendra \u00e0 Lyon pr\u00e9senter deux \u0153uvres : Landscaping, une installation vid\u00e9o, et son stup\u00e9fiant spectacle Monument 0.10 : The Living Monument. Comme dans la danse but\u00f4 japonaise, The Living Monument invite \u00e0 la lenteur, \u00e0 l&rsquo;hypnose et \u00e0 la contemplation.<br \/><strong>JED<\/strong><\/p>\n<p><strong><\/strong><\/p>\n<p><a href=\"https:\/\/www.labiennaledelyon.com\/fr\/biennale\/biennale-de-la-danse-2025\/installation\/eszter-salamon-landscaping\" target=\"_blank\" rel=\"noopener nofollow\"><strong>Landscaping<\/strong><\/a><br \/>Du 6 au 28 septembre 2025 \u00e0 la Cit\u00e9 Internationale de la Gastronomie (Lyon 2e) ; entr\u00e9e libre<\/p>\n<p><a href=\"https:\/\/www.labiennaledelyon.com\/en\/biennale\/biennale-de-la-danse-2025\/spectacle\/eszter-salamon-carte-blanche-monument-0-10-the-living-monument\" target=\"_blank\" rel=\"noopener nofollow\"><strong>Monument 0.10 : The Living Monument<\/strong><\/a><br \/>Les 10 et 11 septembre 2025 au TNP (Villeurbanne) ; de 14 \u00e0 28\u20ac<\/p>\n<p>Crowd<\/p>\n<p>En 2017, la chor\u00e9graphe et metteuse en sc\u00e8ne Gis\u00e8le Vienne cr\u00e9ait Crowd, plong\u00e9e dans l&rsquo;univers rave party avec dix-huit danseuses et danseurs qui font collectif dans un \u00e9tat de transe communicatif, sur une bande-son pointue balayant l&rsquo;histoire des musiques \u00e9lectroniques. Le spectacle, brut, intense, hypnotique et parfaitement ma\u00eetris\u00e9, <a href=\"http:\/\/www.petit-bulletin.fr\/article-79915-crowd-l-amour-et-la-violence-par-gisele-vienne.html\" target=\"_blank\" rel=\"noopener nofollow\">sera repris lors de la Biennale de la danse<\/a> pour une \u00ab\u00a0recr\u00e9ation augment\u00e9e\u00a0\u00bb au c\u0153ur d&rsquo;un lieu qui se pr\u00eate particuli\u00e8rement bien \u00e0 l&rsquo;ambiance d\u00e9ploy\u00e9e sur sc\u00e8ne : les Grandes Locos, lieu phare du festival Nuits sonores depuis deux \u00e9ditions.<br \/><strong>AM<\/strong><\/p>\n<\/p>\n<p><a href=\"https:\/\/www.labiennaledelyon.com\/fr\/biennale\/biennale-de-la-danse-2025\/spectacle\/gisele-vienne-crowd\" target=\"_blank\" rel=\"noopener nofollow\"><strong>Crowd<\/strong><\/a><br \/>Du 11 au 13 septembre 2025 aux Grandes Locos (La Mulati\u00e8re) ; de 14 \u00e0 28\u20ac<\/p>\n<p>Djamil Le Shlag<\/p>\n<p>Son \u00e9mission sur Radio Nova s&rsquo;appelle \u00ab\u00a0<a href=\"https:\/\/podcasts.nova.fr\/radio-nova-les-grands-remplacants\" target=\"_blank\" rel=\"noopener nofollow\">Les grands rempla\u00e7ants<\/a>\u00ab\u00a0, ce qui a le m\u00e9rite d&rsquo;\u00eatre clair (mais avec beaucoup d&rsquo;ironie) quant au positionnement politique de Djamil Le Shlag, lui qui, l&rsquo;an pass\u00e9, avait d\u00e9missionn\u00e9 d&rsquo;Inter en soutien \u00e0 Guillaume Meurice. Sur son positionnement politique ainsi que sur son but en tant que saltimbanque, \u00e0 savoir d\u00e9zinguer les fachos par le rire. Ce qu&rsquo;il fait \u00e0 sa mani\u00e8re dans Exode(s), deuxi\u00e8me spectacle autant engag\u00e9 que sociologique &#8211; sur, par exemple, sa propre personne de mec n\u00e9 \u00e0 Vichy et parti vivre \u00e0 Paris (\u00e7a c&rsquo;est de l&rsquo;exode) ou encore de c\u00e9libataire devenu \u00e9poux (une autre forme d&rsquo;exode).<br \/><strong>AM<\/strong><\/p>\n<\/p>\n<p><a href=\"https:\/\/www.bourse-du-travail.com\/djamil-le-shlag-exode-s-tournee-186585.html\" target=\"_blank\" rel=\"noopener nofollow\"><strong>Exode(s)<\/strong><\/a><br \/>Le 13 septembre 2025 \u00e0 la Bourse du travail (Lyon 3e) ; de 30 \u00e0 36\u20ac<\/p>\n<p>Inhale Delirium Exhale<\/p>\n<p>Apr\u00e8s l&rsquo;incroyable claque <a href=\"http:\/\/www.petit-bulletin.fr\/article-74752-theatre-au-sens-large-notre-selection-pour-cette-fin-2023.html\" target=\"_blank\" rel=\"noopener nofollow\">One Song<\/a> (2022), performance sur la force du collectif \u00e0 la fois musicale et sportive d&rsquo;une heure fr\u00e9n\u00e9tique, la metteuse en sc\u00e8ne et plasticienne belge Miet Warlop revient avec un nouveau spectacle que nous n&rsquo;avons pas vu mais qui titille notre curiosit\u00e9 &#8211; une histoire de groupe plong\u00e9 au c\u0153ur d&rsquo;un univers de tissu. Si le choc One Song se reproduit, \u00e7a ne peut qu&rsquo;augurer du bon\u00a0!<br \/><strong>AM<\/strong><\/p>\n<p><strong><\/strong><\/p>\n<p><a href=\"https:\/\/www.labiennaledelyon.com\/fr\/biennale\/biennale-de-la-danse-2025\/spectacle\/miet-warlop-inhale-delirium-exhale\" target=\"_blank\" rel=\"noopener nofollow\"><strong>Inhale Delirium Exhale<\/strong><\/a><br \/>Les 15 et 16 septembre 2025 au TNP (Villeurbanne) ; de 14 \u00e0 28\u20ac<\/p>\n<p>Biclou<\/p>\n<p>Le Lyonnais Nicolas Ramond n&rsquo;a jamais eu peur d&#8217;emprunter des chemins escarp\u00e9s du th\u00e9\u00e2tre o\u00f9 la chute n&rsquo;est pas exclue mais il reste toujours en selle. \u00c7a marchera jamais \u00e9tait une variation joyeuse et frontale sur ses (suppos\u00e9s) \u00e9checs. Voici qu&rsquo;il s&rsquo;attelle au v\u00e9lo et ce que signifie ce mode doux dans un monde en furie. La tourn\u00e9e se fera exclusivement en v\u00e9lo-cargo ! Et ces deux premi\u00e8res repr\u00e9sentations sont en plein air. <strong>NP<\/strong><\/p>\n<\/p>\n<p><strong><a href=\"https:\/\/www.theatredescelestins.com\/fr\/programmation\/2025-2026\/des-10-ans\/biclou\" target=\"_blank\" rel=\"noopener nofollow\">Biclou<\/a><\/strong><br \/>Du 20 et 21 septembre 2025, sur le parvis des C\u00e9lestins (Lyon 2e) ; gratuit<\/p>\n<p>Karim Duval<\/p>\n<p>L&rsquo;\u00eatre humain br\u00fble de l&rsquo;\u00e9nergie pour, d\u00e8s qu&rsquo;il a du temps, scroller sur son t\u00e9l\u00e9phone : voil\u00e0 qui laisse pantois Karim Duval, qui a fait de ce constat (et d&rsquo;autres) le c\u0153ur de <a href=\"http:\/\/www.petit-bulletin.fr\/article-79016-entropie-energie-riable-avec-karim-duval.html\" target=\"_blank\" rel=\"noopener nofollow\">son dernier spectacle Entropie<\/a>. Sur sc\u00e8ne, l&rsquo;humoriste n&rsquo;est jamais autant savoureux que quand il pointe les incoh\u00e9rences et autres aspects ridicules de notre monde toujours plus rapide mais toujours plus vain.<br \/><strong>AM<\/strong><\/p>\n<\/p>\n<p><a href=\"https:\/\/www.espacegerson.com\/spectacles\/498188-karim-duval-entropie\" target=\"_blank\" rel=\"noopener nofollow\"><strong>Entropie<\/strong><\/a><br \/>Du 24 au 27 septembre 2025 \u00e0 l&rsquo;Espace Gerson (Lyon 5e) ; de 13 \u00e0 18\u20ac<\/p>\n<p>Maldonne<\/p>\n<p>C&rsquo;est le succ\u00e8s surprise du moment, \u00e0 la tourn\u00e9e cons\u00e9quente partout en France (ici dans le cadre de la Biennale) : Maldonne de la chor\u00e9graphe Le\u00efla Ka, o\u00f9 cinq danseuses et une quarantaine de robes rendent hommage au f\u00e9minin en questionnant les carcans impos\u00e9s aux femmes ; le tout sur une bande-son \u00e9clectique allant du classique \u00e0 la chanson fran\u00e7aise. Si cette danse sororale aux accents th\u00e9\u00e2traux n&rsquo;a pas la m\u00eame intensit\u00e9 selon les tableaux, elle renferme tout de m\u00eame une g\u00e9n\u00e9rosit\u00e9 \u00e9vidente qui donne envie de suivre de pr\u00e8s le travail de Le\u00efla Ka &#8211; s\u0153ur de la chanteuse Zaho de Sagazan pour l&rsquo;anecdote.<br \/><strong>AM<\/strong><\/p>\n<\/p>\n<p><a href=\"https:\/\/www.labiennaledelyon.com\/fr\/biennale\/biennale-de-la-danse-2025\/spectacle\/leila-ka-maldonne\" target=\"_blank\" rel=\"noopener nofollow\"><strong>Maldonne<\/strong><\/a><br \/>Le 25 septembre 2025 au Toboggan (D\u00e9cines) ; de 8 \u00e0 24\u20ac<\/p>\n<p>Passeport<\/p>\n<p>Adepte d&rsquo;un th\u00e9\u00e2tre tout en rebondissements, Alexis Michalik a, dans sa derni\u00e8re pi\u00e8ce, gard\u00e9 la formule qui fait le succ\u00e8s de son \u00e9criture en la plaquant sur un sujet tr\u00e8s politique : le sort des migrants. Tout part d&rsquo;un jeune \u00c9rythr\u00e9en qui, apr\u00e8s des violences dans la \u00ab\u00a0jungle\u00a0\u00bb de Calais, a perdu la m\u00e9moire. Avec une certaine efficacit\u00e9, le r\u00e9cit remonte les fils de son histoire afin de les d\u00e9nouer et d&rsquo;\u00e9mouvoir le public sans l&rsquo;assommer &#8211; \u00ab ce n&rsquo;est pas un th\u00e9\u00e2tre militant ou documentaire, mais une histoire humaine, qui s&rsquo;adresse \u00e0 tous \u00bb \u00e9crit Michalik. Honn\u00eate.<br \/><strong>AM<\/strong><\/p>\n<p><strong><\/strong><\/p>\n<p><a href=\"https:\/\/radiant-bellevue.fr\/spectacles\/passeport-2\/\" target=\"_blank\" rel=\"noopener nofollow\"><strong>Passeport<\/strong><\/a><br \/>Mardi 30 septembre 2025 au Radiant (Caluire-et-Cuire) ; de 21 \u00e0 42\u20ac<\/p>\n","protected":false},"excerpt":{"rendered":"S\u00e9lection \/ Voici une petite dizaine de moments forts de ce mois de septembre en sc\u00e8nes. Certains d\u00e9j\u00e0&hellip;\n","protected":false},"author":2,"featured_media":358042,"comment_status":"","ping_status":"","sticky":false,"template":"","format":"standard","meta":{"footnotes":""},"categories":[1889],"tags":[1111,11,49382,2430,49379,49377,1777,674,1011,27,49378,49381,2428,49380,12,25,5890],"class_list":{"0":"post-358041","1":"post","2":"type-post","3":"status-publish","4":"format-standard","5":"has-post-thumbnail","7":"category-lyon","8":"tag-actu","9":"tag-actualites","10":"tag-alexis-michalik","11":"tag-auvergne-rhone-alpes","12":"tag-djamil-le-shlag","13":"tag-eszter-salamon","14":"tag-eu","15":"tag-europe","16":"tag-fr","17":"tag-france","18":"tag-gisele-vienne","19":"tag-leila-ka","20":"tag-lyon","21":"tag-miet-warlop","22":"tag-news","23":"tag-republique-francaise","24":"tag-scenes"},"share_on_mastodon":{"url":"https:\/\/pubeurope.com\/@fr\/115128505755600759","error":""},"_links":{"self":[{"href":"https:\/\/www.europesays.com\/fr\/wp-json\/wp\/v2\/posts\/358041","targetHints":{"allow":["GET"]}}],"collection":[{"href":"https:\/\/www.europesays.com\/fr\/wp-json\/wp\/v2\/posts"}],"about":[{"href":"https:\/\/www.europesays.com\/fr\/wp-json\/wp\/v2\/types\/post"}],"author":[{"embeddable":true,"href":"https:\/\/www.europesays.com\/fr\/wp-json\/wp\/v2\/users\/2"}],"replies":[{"embeddable":true,"href":"https:\/\/www.europesays.com\/fr\/wp-json\/wp\/v2\/comments?post=358041"}],"version-history":[{"count":0,"href":"https:\/\/www.europesays.com\/fr\/wp-json\/wp\/v2\/posts\/358041\/revisions"}],"wp:featuredmedia":[{"embeddable":true,"href":"https:\/\/www.europesays.com\/fr\/wp-json\/wp\/v2\/media\/358042"}],"wp:attachment":[{"href":"https:\/\/www.europesays.com\/fr\/wp-json\/wp\/v2\/media?parent=358041"}],"wp:term":[{"taxonomy":"category","embeddable":true,"href":"https:\/\/www.europesays.com\/fr\/wp-json\/wp\/v2\/categories?post=358041"},{"taxonomy":"post_tag","embeddable":true,"href":"https:\/\/www.europesays.com\/fr\/wp-json\/wp\/v2\/tags?post=358041"}],"curies":[{"name":"wp","href":"https:\/\/api.w.org\/{rel}","templated":true}]}}