{"id":358062,"date":"2025-09-01T10:27:16","date_gmt":"2025-09-01T10:27:16","guid":{"rendered":"https:\/\/www.europesays.com\/fr\/358062\/"},"modified":"2025-09-01T10:27:16","modified_gmt":"2025-09-01T10:27:16","slug":"agressee-dans-son-adolescence-camilla-livre-sa-technique-pour-se-defendre","status":"publish","type":"post","link":"https:\/\/www.europesays.com\/fr\/358062\/","title":{"rendered":"Agress\u00e9e dans son adolescence, Camilla livre sa technique pour se d\u00e9fendre"},"content":{"rendered":"<p>S&rsquo;il est de notori\u00e9t\u00e9 publique que Boris Johnson, ancien Premier ministre britannique (2019-2022) et maire de Londres (2008-2016), <a target=\"_blank\" href=\"https:\/\/www.pointdevue.fr\/royal\/royaume-uni\/quand-elisabeth-ii-se-rejouissait-du-depart-de-cet-idiot-de-boris-johnson\" rel=\"nofollow noopener\">n&rsquo;\u00e9tait pas en odeur de saintet\u00e9<\/a> aupr\u00e8s de la reine <a target=\"_blank\" href=\"https:\/\/www.pointdevue.fr\/grand-angle\/biographies\/elisabeth-ii\" rel=\"nofollow noopener\">\u00c9lisabeth II<\/a> ni de <a target=\"_blank\" href=\"https:\/\/www.pointdevue.fr\/grand-angle\/biographies\/charles-iii\" rel=\"nofollow noopener\">Charles III<\/a>, \u00e0 l&rsquo;\u00e9poque prince de Galles, il semblait avoir trouv\u00e9 une oreille attentive en <a target=\"_blank\" href=\"https:\/\/www.pointdevue.fr\/grand-angle\/biographies\/reine-camilla\" rel=\"nofollow noopener\">Camilla<\/a>, alors duchesse de Cornouailles. Amus\u00e9e par le personnage, elle lui aurait fait quelques confidences, dont une sur une sordide agression dont elle fut victime, adolescente, comme le raconte Valentine Low, ancien journaliste du Times, dans son livre Power and the Palace dont la sortie est attendue le 11 septembre.\u00a0<\/p>\n<p><img decoding=\"async\" src=\"https:\/\/www.europesays.com\/fr\/wp-content\/uploads\/2025\/09\/ABACA_925039_0019NlorIUZnV.jpg\" alt=\"Camilla Shand, \u00e2g\u00e9e de 15 ans, sur son cheval aux Southdown Hunter trials dans le Sussex, le 20 octobre 1962.\"\/><strong>Camilla Shand, \u00e2g\u00e9e de 15 ans, sur son cheval aux Southdown Hunter trials dans le Sussex, le 20 octobre 1962.<\/strong> \u00a9 Avalon\/ABACA<\/p>\n<p>\u00ab\u00a0Elle \u00e9tait dans un train en direction de Paddington \u2013 elle avait environ 16 ou 17 ans \u2013 et un type d\u00e9pla\u00e7ait sa main de plus en plus\u2026\u00a0\u00bb, se souvient l&rsquo;ancien directeur de la communication de Boris Johnson, Guto Harri, qui rapporte \u00e0 Valentine Low l&rsquo;\u00e9change entre Camilla et le maire de Londres tout juste en fonction. Ce dernier interrompt son interlocutrice pour lui demander ce qu&rsquo;elle a fait ensuite.<strong> \u00ab\u00a0J\u2019ai fait ce que ma m\u00e8re m\u2019avait appris. J\u2019ai enlev\u00e9 ma chaussure et je l\u2019ai frapp\u00e9 dans les parties avec le talon\u00a0\u00bb<\/strong>, lui raconte-t-elle.<\/p>\n<p><img decoding=\"async\" src=\"https:\/\/www.europesays.com\/fr\/wp-content\/uploads\/2025\/09\/ABACA_328867_004rSuumXcHNU.jpg\" alt=\"Charles, Camilla, Boris Johnson sont assis ensemble lors de la c\u00e9r\u00e9monie d'ouverture des Jeux olympiques de Londres, le 27 juillet 2012.\"\/><strong>Charles, Camilla, Boris Johnson sont assis ensemble lors de la c\u00e9r\u00e9monie d&rsquo;ouverture des Jeux olympiques de Londres, le 27 juillet 2012.<\/strong> \u00a9 Kappeler Michael \/ DPA \/ ABACA<\/p>\n<p>Prenant son courage \u00e0 deux mains, <strong>la jeune Camilla Shand trouve alors un policier et lui d\u00e9signe le suspect<\/strong>, qui sera arr\u00eat\u00e9 pour tentative d&rsquo;agression sexuelle. C&rsquo;est donc avec un d\u00e9tachement tout britannique que la reine Camilla apprend alors \u00e0 Boris Johnson qu&rsquo;elle a \u00e9vit\u00e9 le pire. Mais ce moment est s\u00fbrement fondateur <a target=\"_blank\" href=\"https:\/\/www.pointdevue.fr\/royal\/royaume-uni\/la-reine-camilla-se-livre-dans-un-nouveau-documentaire\" rel=\"nofollow noopener\">dans les futurs combats de l&rsquo;\u00e9pouse de Charles III<\/a>. Lorsqu&rsquo;il re\u00e7oit ces confidences, Boris Johnson est en train d&rsquo;ouvrir trois centres d&rsquo;accueil pour les victimes de viol \u00e0 Londres. La reine Camilla en inaugure deux sur les trois sans jamais d\u00e9voiler cette anecdote \u00e0 la presse, qui fut pourtant d\u00e9terminante dans son engagement.\u00a0<\/p>\n<p><img decoding=\"async\" src=\"https:\/\/www.europesays.com\/fr\/wp-content\/uploads\/2025\/09\/ABACA_BRPAPhotos20241021_279_(1)pnjHvln7sr.jpg\" alt=\"La reine Camilla lors d'une table ronde sur les violences familiales en Australie, le 21 octobre 2024.\"\/><strong>La reine Camilla lors d&rsquo;une table ronde sur les violences familiales en Australie, le 21 octobre 2024.<\/strong> \u00a9 PA Photos \/ AbacaUne reine engag\u00e9e contre les violences sexuelles<\/p>\n<p>Depuis son mariage avec le roi, en 2005, Camilla milite <a target=\"_blank\" href=\"https:\/\/www.pointdevue.fr\/royal\/royaume-uni\/camilla-galvanise-un-public-royal-a-buckingham\" rel=\"nofollow noopener\">contre les violences domestiques<\/a> et sexuelles. En 2021, dans un discours lors du festival <a target=\"_blank\" href=\"https:\/\/www.pointdevue.fr\/royal\/royaume-uni\/charles-et-camilla-de-retour-en-jordanie-presque-dix-ans-apres-leur-derniere-visite\" rel=\"nofollow noopener\">Women of the World<\/a>, elle insiste sur le sujet du harc\u00e8lement sexuel et des agressions dans les lieux publics.<strong> \u00ab\u00a0C\u2019est, comme presque toutes les femmes le savent, une exp\u00e9rience profond\u00e9ment troublante d\u2019\u00eatre harcel\u00e9e sexuellement\u00a0\u00bb<\/strong>, confie-t-elle sans parler de sa propre histoire. Marraine de l\u2019association britannique Safe Lives, Camilla est \u00e9galement \u00e0 l&rsquo;initiative de la cr\u00e9ation du Wash bag, une trousse de toilette \u00e0 destination des femmes se r\u00e9fugiant dans les centres d&rsquo;accueil pour victimes d&rsquo;agressions sexuelles.\u00a0<\/p>\n<p><img decoding=\"async\" src=\"https:\/\/www.europesays.com\/fr\/wp-content\/uploads\/2025\/09\/ABACA_452387_0035WENGAIyco.jpg\" alt=\"Camilla, alors duchesse de Cornouailles, rencontre Angelina Jolie pour une campagne contre les violences sexuelles en zones de guerres, \u00e0 Clarence House, le 12 juin 2014.\"\/><strong>Camilla, alors duchesse de Cornouailles, rencontre Angelina Jolie pour une campagne contre les violences sexuelles en zones de guerres, \u00e0 Clarence House, le 12 juin 2014.<\/strong> \u00a9 Stillwell John \/ PA Photos \/ Abaca<\/p>\n<p>Sur les r\u00e9seaux sociaux, les femmes partagent r\u00e9guli\u00e8rement des astuces pour contrer une \u00e9ventuelle attaque dans les lieux publics ou pour pr\u00e9venir les agressions. Avec<strong> les hashtags #StaySafeLadies sur Instagram ou TikTok <\/strong>ou tout simplement en donnant leurs astuces pour se d\u00e9fendre, elles permettent aux autres de se sentir plus confiantes. L&rsquo;astuce de la chaussure de Camilla entre s\u00fbrement dans la cat\u00e9gorie des moyens de d\u00e9fense, faisant la preuve, s&rsquo;il en fallait encore une, du sang-froid royal de la reine consort.\u00a0<\/p>\n<p>Lire aussi &gt;&gt; <a target=\"_blank\" href=\"https:\/\/www.pointdevue.fr\/royal\/royaume-uni\/camilla-la-reine-feministe\" rel=\"nofollow noopener\">Camilla, la reine f\u00e9ministe<\/a><\/p>\n<p>\u00a0<\/p>\n","protected":false},"excerpt":{"rendered":"S&rsquo;il est de notori\u00e9t\u00e9 publique que Boris Johnson, ancien Premier ministre britannique (2019-2022) et maire de Londres (2008-2016),&hellip;\n","protected":false},"author":2,"featured_media":358063,"comment_status":"","ping_status":"","sticky":false,"template":"","format":"standard","meta":{"footnotes":""},"categories":[1588],"tags":[11,1777,674,12,473,1853,1851,1850,1852],"class_list":{"0":"post-358062","1":"post","2":"type-post","3":"status-publish","4":"format-standard","5":"has-post-thumbnail","7":"category-royaume-uni","8":"tag-actualites","9":"tag-eu","10":"tag-europe","11":"tag-news","12":"tag-royaume-uni","13":"tag-royaume-uni-de-grande-bretagne-et-dirlande-du-nord","14":"tag-uk","15":"tag-united-kingdom","16":"tag-united-kingdom-of-great-britain-and-northern-ireland"},"share_on_mastodon":{"url":"https:\/\/pubeurope.com\/@fr\/115128568832204229","error":""},"_links":{"self":[{"href":"https:\/\/www.europesays.com\/fr\/wp-json\/wp\/v2\/posts\/358062","targetHints":{"allow":["GET"]}}],"collection":[{"href":"https:\/\/www.europesays.com\/fr\/wp-json\/wp\/v2\/posts"}],"about":[{"href":"https:\/\/www.europesays.com\/fr\/wp-json\/wp\/v2\/types\/post"}],"author":[{"embeddable":true,"href":"https:\/\/www.europesays.com\/fr\/wp-json\/wp\/v2\/users\/2"}],"replies":[{"embeddable":true,"href":"https:\/\/www.europesays.com\/fr\/wp-json\/wp\/v2\/comments?post=358062"}],"version-history":[{"count":0,"href":"https:\/\/www.europesays.com\/fr\/wp-json\/wp\/v2\/posts\/358062\/revisions"}],"wp:featuredmedia":[{"embeddable":true,"href":"https:\/\/www.europesays.com\/fr\/wp-json\/wp\/v2\/media\/358063"}],"wp:attachment":[{"href":"https:\/\/www.europesays.com\/fr\/wp-json\/wp\/v2\/media?parent=358062"}],"wp:term":[{"taxonomy":"category","embeddable":true,"href":"https:\/\/www.europesays.com\/fr\/wp-json\/wp\/v2\/categories?post=358062"},{"taxonomy":"post_tag","embeddable":true,"href":"https:\/\/www.europesays.com\/fr\/wp-json\/wp\/v2\/tags?post=358062"}],"curies":[{"name":"wp","href":"https:\/\/api.w.org\/{rel}","templated":true}]}}