{"id":358066,"date":"2025-09-01T10:29:08","date_gmt":"2025-09-01T10:29:08","guid":{"rendered":"https:\/\/www.europesays.com\/fr\/358066\/"},"modified":"2025-09-01T10:29:08","modified_gmt":"2025-09-01T10:29:08","slug":"voici-de-quoi-parleront-zelensky-et-les-dirigeants-europeens-jeudi-a-paris-le-huffpost","status":"publish","type":"post","link":"https:\/\/www.europesays.com\/fr\/358066\/","title":{"rendered":"Voici de quoi parleront Zelensky et les dirigeants europ\u00e9ens jeudi \u00e0 Paris &#8211; Le HuffPost"},"content":{"rendered":"<ol>\n<li><a href=\"https:\/\/news.google.com\/rss\/articles\/CBMi_wFBVV95cUxQcFp5Uy1KN18tY01iN1JiU09WVlBmcTNKRndLQ0JCUlk5MmN1cDNJQnRlamNiNVBlZ3ZFQVVfVWVMQ2VzclN3azYtVVFwa0RRTkRrMnB4X2ZQRm9kYzhNYlRBMmV1M25hX1lSdk80Q3F2TWtEWWltYW1MVVJ1VFkyWENVOWJoSEM3RldpVlN1V2dBb1lKSUJ6bjEtVHdGdlhJOEYzXzBsZHF3b3hnWXRHLU15S0g1X3NHcERvZFZIbXpTdjFRcFhZMEc4dXVIdXJNSnVhZk9GajlzNU5ZekZiQUZKaDE2ZXFvR0hvUTRRVVVqVnFGTDNlQzlUYXNTMnM?oc=5\" target=\"_blank\" rel=\"nofollow noopener\">Voici de quoi parleront Zelensky et les dirigeants europ\u00e9ens jeudi \u00e0 Paris<\/a>&nbsp;&nbsp;Le HuffPost<\/li>\n<li><a href=\"https:\/\/news.google.com\/rss\/articles\/CBMiiwJBVV95cUxNNmdZR2xWN3B5cTB0bkhjb19RU3hfbHZYN2xXNGpobGRoWUphT2hCQ19nM2lLRm5GbUR6NTgzWld2djRhYmhZWDhxQTlxY1VpVVVHR3ZQR21OdE00Q1NGak9manQyYlN0cXZRSG42c2dkd0pUakRTSUFOb19OWWZsLWFSWnk0c1FzeF9SbUhiaXhWV2d4YWlmTUZFMHFFb3c4VE5EdUg5enJPcUpVZTRGUGI4N3F4cTVEbFBDN0lBVVgzWW5oNnlIbHBFVWQ5eHlURkNVZ0M4R2JWcVZCaXVhUlA3b09xbkw0dHRNa2JFQW1UbXpSRFZlajVQRVVpS2ZjUjAweEFKYzhoaXc?oc=5\" target=\"_blank\" rel=\"nofollow noopener\">Guerre en Ukraine : r\u00e9cit d\u2019une folle s\u00e9quence diplomatique, de Moscou \u00e0 Washington, en passant par Anchorage<\/a>&nbsp;&nbsp;Le Monde.fr<\/li>\n<li><a href=\"https:\/\/news.google.com\/rss\/articles\/CBMi6wFBVV95cUxNSjRvcmpLblpFSUJyeEhIQ2FxTU94SGJjWUlGaUp4T2RpMGUtVmYxeW0wNFU1dktrQ0RIOHhNQkdGWUdMdTJSU2lNcEpsc0g4UmVzVWQwZF9KX09zYWdQa3k5WnZrYndCa0hnT2pFaGwzZjVkTFdxa3VaNGtRVG5uRFBsMzBtWWxyb0gyV1g2djVzeWY2LVlkWGI3NmwxNVNEanlkVzJWek9EVUQtV3M2ZDJpTV8yQS1rcW1MTWQ4b2FXV0RxMFA5RHRCckFNOENLUFNzVUdwcE1NVmU3WGhXZnQwODNPOGEtZVZF?oc=5\" target=\"_blank\" rel=\"nofollow noopener\">Guerre en Ukraine : une rencontre entre Volodymyr Zelensky et des \u00abdirigeants europ\u00e9ens\u00bb pr\u00e9vue \u00e0 Paris ce jeudi<\/a>&nbsp;&nbsp;Le Figaro<\/li>\n<li><a href=\"https:\/\/news.google.com\/rss\/articles\/CBMiyAFBVV95cUxNa293c3FqcW0xanh5QV9jUTlFZ3dqSHFKYTVUdEVrS2t5NmNEeVpvcHJyNjhfeDhDbDdxSWVJcUt2RjdGOFRaNU5MeEpBalFhbHBvSzEyem5HdlFScUI5X1N1RDBJNkh0NTA2NnJGdmNjQU8xaDFyS3d1eW9iV0VQTXMybVZORVdqWGZMRk94OTNhblJXNTJBOE5abXRyN1pQOURYc3ZPWVVnbjJpZjdJSU01VEhsZXRpZkFSOUFTdzRqU1lkRVRXdQ?oc=5\" target=\"_blank\" rel=\"nofollow noopener\">Guerre en Ukraine, jour 1286 : Zelensky \u00e0 Paris jeudi, Poutine accuse l\u2019Occident<\/a>&nbsp;&nbsp;La Croix<\/li>\n<li><a href=\"https:\/\/news.google.com\/rss\/articles\/CBMi0gJBVV95cUxQQ1pLaVBrVENDUHNyMmIzZzFneGhyaV9CZDN5UzYzT3dsMjhRMlB5VzBMT3dhZmFXRVVZaXBUenU0MHc5cXlGdWl4ZXdIVVFyeDFkWk9MeG91MmRXNDN5UkVmRWNpc0ZSWnUzVmVpYnZ2LVVkX1NrNXNOUlZsY0NiYWRjVW1qNU1QaUV2X0hobjNIWUVNckpULTZOMDlTNTR6QWdHU0lYZTdkS0QtcUxrXzJMU0pPVno0T1NGTkJ4RGZkbVlrNXZxMUFMS20wd3hrc1BUUEd6RWM3YkFtQXRPbzdOUk4zS2Y1WnU3dUUwQllyeWZIb19OUzZBWG5Pdk1xVk1tWm13elUtaS1hYjRzSVFDS25pUmdhcWhKb0Zaek9DckNORE13bDVBQ1RvMWZVZER1blNkTFdUUG45SmFsa2UtNE1rUmoyWDZCcndfc2F1QQ?oc=5\" target=\"_blank\" rel=\"nofollow noopener\">EN DIRECT &#8211; Ukraine : une rencontre entre Zelensky et des \u00ab\u00a0dirigeants europ\u00e9ens\u00a0\u00bb pr\u00e9vue \u00e0 Paris jeudi<\/a>&nbsp;&nbsp;TF1 Info<\/li>\n<\/ol>\n","protected":false},"excerpt":{"rendered":"Voici de quoi parleront Zelensky et les dirigeants europ\u00e9ens jeudi \u00e0 Paris&nbsp;&nbsp;Le HuffPost Guerre en Ukraine : r\u00e9cit&hellip;\n","protected":false},"author":2,"featured_media":1445,"comment_status":"","ping_status":"","sticky":false,"template":"","format":"standard","meta":{"footnotes":""},"categories":[1586],"tags":[11,1777,674,1011,27,12,25],"class_list":{"0":"post-358066","1":"post","2":"type-post","3":"status-publish","4":"format-standard","5":"has-post-thumbnail","7":"category-europe","8":"tag-actualites","9":"tag-eu","10":"tag-europe","11":"tag-fr","12":"tag-france","13":"tag-news","14":"tag-republique-francaise"},"share_on_mastodon":{"url":"https:\/\/pubeurope.com\/@fr\/115128576518553297","error":""},"_links":{"self":[{"href":"https:\/\/www.europesays.com\/fr\/wp-json\/wp\/v2\/posts\/358066","targetHints":{"allow":["GET"]}}],"collection":[{"href":"https:\/\/www.europesays.com\/fr\/wp-json\/wp\/v2\/posts"}],"about":[{"href":"https:\/\/www.europesays.com\/fr\/wp-json\/wp\/v2\/types\/post"}],"author":[{"embeddable":true,"href":"https:\/\/www.europesays.com\/fr\/wp-json\/wp\/v2\/users\/2"}],"replies":[{"embeddable":true,"href":"https:\/\/www.europesays.com\/fr\/wp-json\/wp\/v2\/comments?post=358066"}],"version-history":[{"count":0,"href":"https:\/\/www.europesays.com\/fr\/wp-json\/wp\/v2\/posts\/358066\/revisions"}],"wp:featuredmedia":[{"embeddable":true,"href":"https:\/\/www.europesays.com\/fr\/wp-json\/wp\/v2\/media\/1445"}],"wp:attachment":[{"href":"https:\/\/www.europesays.com\/fr\/wp-json\/wp\/v2\/media?parent=358066"}],"wp:term":[{"taxonomy":"category","embeddable":true,"href":"https:\/\/www.europesays.com\/fr\/wp-json\/wp\/v2\/categories?post=358066"},{"taxonomy":"post_tag","embeddable":true,"href":"https:\/\/www.europesays.com\/fr\/wp-json\/wp\/v2\/tags?post=358066"}],"curies":[{"name":"wp","href":"https:\/\/api.w.org\/{rel}","templated":true}]}}