{"id":358067,"date":"2025-09-01T10:30:11","date_gmt":"2025-09-01T10:30:11","guid":{"rendered":"https:\/\/www.europesays.com\/fr\/358067\/"},"modified":"2025-09-01T10:30:11","modified_gmt":"2025-09-01T10:30:11","slug":"le-taux-de-chomage-de-la-zone-euro-retombe-a-son-plus-bas-niveau-historique-en-juillet","status":"publish","type":"post","link":"https:\/\/www.europesays.com\/fr\/358067\/","title":{"rendered":"Le taux de ch\u00f4mage de la zone euro retombe \u00e0 son plus bas niveau historique en juillet"},"content":{"rendered":"<p>Les donn\u00e9es d&rsquo;Eurostat indiquent que le taux de ch\u00f4mage de la zone euro est en l\u00e9g\u00e8re baisse en juillet et plafonne \u00e0 6,2% &#8211; un niveau historiquement bas, qui avait d\u00e9j\u00e0 \u00e9t\u00e9 atteint en novembre dernier.<\/p>\n<p>Il est historiquement bas: le taux de ch\u00f4mage a recul\u00e9 au mois de juillet dans la zone euro, \u00e0 6,2% de la population active, contre 6,3% en juin (chiffre r\u00e9vis\u00e9 en hausse de 0,1 point), a annonc\u00e9 Eurostat lundi. Le taux de ch\u00f4mage revient ainsi \u00e0 son plus bas niveau dans <a href=\"https:\/\/www.bfmtv.com\/economie\/malgre-la-guerre-commerciale-la-croissance-de-la-zone-euro-est-moins-pire-que-prevu-a-0-1-l-espagne-au-top-l-allemagne-et-l-italie-au-tapis_AN-202507300252.html\" title=\"Malgr\u00e9 la guerre commerciale, la croissance de la zone euro est moins pire que pr\u00e9vu \u00e0 0,1% (l&#039;Espagne au top, l&#039;Allemagne et l&#039;Italie au tapis)\" class=\"internal_link\" rel=\"nofollow noopener\" target=\"_blank\">les pays de la zone euro<\/a> depuis que l&rsquo;office europ\u00e9en des statistiques a commenc\u00e9 \u00e0 compiler cette s\u00e9rie en avril 1998, qu&rsquo;il avait d\u00e9j\u00e0 atteint en novembre 2024.<\/p>\n<p>Par rapport \u00e0 juillet 2024, le taux de personnes sans emploi a diminu\u00e9 de 0,2 point dans les 20 pays partageant la monnaie unique. Pour l&rsquo;ensemble de l&rsquo;Union europ\u00e9enne, le taux de ch\u00f4mage s&rsquo;inscrit \u00e9galement en baisse de 0,1 point en juillet par rapport \u00e0 juin \u00e0 5,9%, son point bas historique. Le chiffre de juillet a \u00e9galement \u00e9t\u00e9 r\u00e9vis\u00e9 \u00e0 la hausse par Eurostat. Eurostat estime qu&rsquo;un peu plus de 13 millions de personnes \u00e9taient au ch\u00f4mage dans l&rsquo;UE en juillet, dont 10,8 millions dans la zone euro.<\/p>\n<p>Des \u00e9carts du simple au triple<\/p>\n<p>Le taux de ch\u00f4mage est <a href=\"https:\/\/www.bfmtv.com\/economie\/emploi\/le-taux-de-chomage-reste-stable-au-deuxieme-trimestre-a-7-5_AD-202508080113.html\" title=\"Le taux de ch\u00f4mage reste stable au deuxi\u00e8me trimestre, \u00e0 7,5%\" class=\"internal_link\" rel=\"nofollow noopener\" target=\"_blank\">rest\u00e9 stable en France<\/a> \u00e0 7,6%, selon les donn\u00e9es harmonis\u00e9es d&rsquo;Eurostat. Un niveau qui reste sup\u00e9rieur \u00e0 celui de ses deux grands voisins, l&rsquo;Allemagne (3,7%) et l&rsquo;Italie (6%). Au sein de l&rsquo;UE, les taux les plus faibles ont \u00e9t\u00e9 observ\u00e9s \u00e0 Malte (2,6%), en R\u00e9publique tch\u00e8que (2,8%) et en Slov\u00e9nie (2,9%). Les plus \u00e9lev\u00e9s ont \u00e9t\u00e9 recens\u00e9s en Espagne (10,4%), en Finlande (9,5%) et en Su\u00e8de (8,7%).<\/p>\n<p>Le taux de ch\u00f4mage des jeunes (moins de 25 ans) \u00e9tait de 14,4% dans l&rsquo;UE, et de 13,9% dans la zone euro, en baisse dans les deux cas de 0,4 point par rapport au mois de juin.<\/p>\n","protected":false},"excerpt":{"rendered":"Les donn\u00e9es d&rsquo;Eurostat indiquent que le taux de ch\u00f4mage de la zone euro est en l\u00e9g\u00e8re baisse en&hellip;\n","protected":false},"author":2,"featured_media":358068,"comment_status":"","ping_status":"","sticky":false,"template":"","format":"standard","meta":{"footnotes":""},"categories":[1586],"tags":[11,1777,674,1779,1011,27,12,25,1778,364],"class_list":{"0":"post-358067","1":"post","2":"type-post","3":"status-publish","4":"format-standard","5":"has-post-thumbnail","7":"category-europe","8":"tag-actualites","9":"tag-eu","10":"tag-europe","11":"tag-european-union","12":"tag-fr","13":"tag-france","14":"tag-news","15":"tag-republique-francaise","16":"tag-ue","17":"tag-union-europeenne"},"share_on_mastodon":{"url":"https:\/\/pubeurope.com\/@fr\/115128580544443394","error":""},"_links":{"self":[{"href":"https:\/\/www.europesays.com\/fr\/wp-json\/wp\/v2\/posts\/358067","targetHints":{"allow":["GET"]}}],"collection":[{"href":"https:\/\/www.europesays.com\/fr\/wp-json\/wp\/v2\/posts"}],"about":[{"href":"https:\/\/www.europesays.com\/fr\/wp-json\/wp\/v2\/types\/post"}],"author":[{"embeddable":true,"href":"https:\/\/www.europesays.com\/fr\/wp-json\/wp\/v2\/users\/2"}],"replies":[{"embeddable":true,"href":"https:\/\/www.europesays.com\/fr\/wp-json\/wp\/v2\/comments?post=358067"}],"version-history":[{"count":0,"href":"https:\/\/www.europesays.com\/fr\/wp-json\/wp\/v2\/posts\/358067\/revisions"}],"wp:featuredmedia":[{"embeddable":true,"href":"https:\/\/www.europesays.com\/fr\/wp-json\/wp\/v2\/media\/358068"}],"wp:attachment":[{"href":"https:\/\/www.europesays.com\/fr\/wp-json\/wp\/v2\/media?parent=358067"}],"wp:term":[{"taxonomy":"category","embeddable":true,"href":"https:\/\/www.europesays.com\/fr\/wp-json\/wp\/v2\/categories?post=358067"},{"taxonomy":"post_tag","embeddable":true,"href":"https:\/\/www.europesays.com\/fr\/wp-json\/wp\/v2\/tags?post=358067"}],"curies":[{"name":"wp","href":"https:\/\/api.w.org\/{rel}","templated":true}]}}