{"id":358088,"date":"2025-09-01T10:43:13","date_gmt":"2025-09-01T10:43:13","guid":{"rendered":"https:\/\/www.europesays.com\/fr\/358088\/"},"modified":"2025-09-01T10:43:13","modified_gmt":"2025-09-01T10:43:13","slug":"un-depart-en-toute-discretion-cette-presentatrice-quitte-bfmtv-apres-presque-20-ans-et-reapparait-chez-les-concurrents","status":"publish","type":"post","link":"https:\/\/www.europesays.com\/fr\/358088\/","title":{"rendered":"Un d\u00e9part en toute discr\u00e9tion ! Cette pr\u00e9sentatrice quitte BFMTV apr\u00e8s presque 20 ans et r\u00e9appara\u00eet chez les concurrents"},"content":{"rendered":"<p>            <img loading=\"lazy\" decoding=\"async\" src=\"https:\/\/www.europesays.com\/fr\/wp-content\/uploads\/2025\/04\/70-60dc2d431f18d-35x35-1.jpg\" class=\"author-article-picture\" width=\"35\" height=\"35\"\/><\/p>\n<p>                Par<br \/>\n                                    <a class=\"author-article-bio-link\" href=\"https:\/\/www.purepeople.com\/auteur\/liane-lazaar_a70\" rel=\"nofollow noopener\" target=\"_blank\">Liane Lazaar<\/a><br \/>\n                                                    | R\u00e9dactrice<\/p>\n<p>\n                Liane Lazaar est r\u00e9dactrice web rattach\u00e9e au p\u00f4le TV de Purepeople.com. Elle conna\u00eet autant le parcours de Jean-Pierre Pernaut sur TF1 que les derniers rebondissements des candidats de t\u00e9l\u00e9-r\u00e9alit\u00e9 et a un go\u00fbt prononc\u00e9 pour les histoires de coeur.\n            <\/p>\n<p>\n    Son transfert s&rsquo;est fait en toute discr\u00e9tion. Mais au cours du week-end, les t\u00e9l\u00e9spectateurs de CNews ont pu voir \u00e0 l&rsquo;antenne une nouvelle recrue, venue tout droit de BFMTV o\u00f9 elle a offici\u00e9 pendant 20 ans.\n<\/p>\n<p>                            <img loading=\"lazy\" decoding=\"async\" class=\"player-thumbnail\" src=\"https:\/\/www.europesays.com\/fr\/wp-content\/uploads\/2025\/09\/5519a5c6a569c6c2-580x326-2.png\" width=\"580\" height=\"326\"\/><\/p>\n<p>                    Sandra Larue pr\u00e9sente la m\u00e9t\u00e9o sur CNews.<\/p>\n<p>La suite apr\u00e8s la publicit\u00e9<\/p>\n<p>C&rsquo;est une grande page qui se tourne pour <strong>Sandra Larue.<\/strong> Avant la pause estivale, elle aussi a d\u00e9cid\u00e9 d&rsquo;accepter la clause de d\u00e9part volontaire propos\u00e9e par Rodolphe Saad\u00e9, le nouveau propri\u00e9taire du groupe RMC BFMTV. <a href=\"https:\/\/www.purepeople.com\/article\/bilan-des-departs-a-bfmtv-plus-de-40-personnes-sen-vont-une-figure-historique-reste-finalement-et-lea-salame-et-jean-michel-apathie-approches_a538785\/1\" rel=\"nofollow noopener\" target=\"_blank\">Une clause saisie par une quarantaine de journalistes<\/a> au sein de la cha\u00eene BFMTV. Et pour sa rentr\u00e9e, la Miss M\u00e9t\u00e9o<strong> a migr\u00e9 chez les concurrents CNews<\/strong>.\u00a0<\/p>\n<p>En effet, c&rsquo;est d\u00e9sormais sur le canal 14 qu&rsquo;elle pr\u00e9sente la pluie et le beau temps le week-end. Une nouvelle aventure pour l&rsquo;animatrice qui \u00e9tait rest\u00e9e <strong>presque vingt ans sur BFMTV avant de la quitter. <\/strong>C&rsquo;est en 2007 qu&rsquo;elle avait rejoint la cha\u00eene pour y pr\u00e9senter les bulletins m\u00e9t\u00e9o des \u00e9missions Non-Stop, le QG et Info 360. Apr\u00e8s 4 ans en tant que premi\u00e8re Miss M\u00e9t\u00e9o, elle a d\u00e9cid\u00e9 d&rsquo;incarner la m\u00e9t\u00e9o uniquement le week-end, lors des divers programmes comme Non-Stop week-end, week-end premi\u00e8re et week-end 360 et pour les journaux de la journ\u00e9e.<\/p>\n<p>Sandra Larue, pr\u00e9sentatrice m\u00e9t\u00e9o mais pas que !<\/p>\n<p>Sandra Larue a commenc\u00e9 sa carri\u00e8re t\u00e9l\u00e9 en 2001 sur France 2. Elle a ensuite int\u00e9gr\u00e9 la cha\u00eene InfoSport en tant que journaliste avant de partir pour la Cha\u00eene M\u00e9t\u00e9o. En plus d\u2019y pr\u00e9senter la m\u00e9t\u00e9o, Sandra y pr\u00e9sentait \u00e9galement une \u00e9mission de t\u00e9l\u00e9-achat et le JT. En 2005, elle partait conqu\u00e9rir un nouveau public lorsqu\u2019elle prend la t\u00eate de la pr\u00e9sentation du dessin anim\u00e9 Harry et ses dinosaures. Sandra Larue est aussi pass\u00e9e par la cha\u00eene AB1, o\u00f9 elle a anim\u00e9 le magazine Explosif aux c\u00f4t\u00e9s d\u2019Olivier Carreras ainsi que plusieurs b\u00eatisiers.<\/p>\n<p>En parall\u00e8le de son travail sur nos petits \u00e9crans, \u00e0 noter que Sandra Larue est aussi <strong>professeure de Yoga A\u00e9rien et Vinyasa<\/strong> (pratique de yoga qui d\u00e9roule une s\u00e9quence d\u00e9termin\u00e9e de poses pour obtenir un flux continu, par le lien du souffle, moteur de tout mouvement).<\/p>\n","protected":false},"excerpt":{"rendered":"Par Liane Lazaar | R\u00e9dactrice Liane Lazaar est r\u00e9dactrice web rattach\u00e9e au p\u00f4le TV de Purepeople.com. Elle conna\u00eet&hellip;\n","protected":false},"author":2,"featured_media":358089,"comment_status":"","ping_status":"","sticky":false,"template":"","format":"standard","meta":{"footnotes":""},"categories":[1359],"tags":[58,59,1011,27,973],"class_list":{"0":"post-358088","1":"post","2":"type-post","3":"status-publish","4":"format-standard","5":"has-post-thumbnail","7":"category-people","8":"tag-divertissement","9":"tag-entertainment","10":"tag-fr","11":"tag-france","12":"tag-people"},"share_on_mastodon":{"url":"https:\/\/pubeurope.com\/@fr\/115128631828547400","error":""},"_links":{"self":[{"href":"https:\/\/www.europesays.com\/fr\/wp-json\/wp\/v2\/posts\/358088","targetHints":{"allow":["GET"]}}],"collection":[{"href":"https:\/\/www.europesays.com\/fr\/wp-json\/wp\/v2\/posts"}],"about":[{"href":"https:\/\/www.europesays.com\/fr\/wp-json\/wp\/v2\/types\/post"}],"author":[{"embeddable":true,"href":"https:\/\/www.europesays.com\/fr\/wp-json\/wp\/v2\/users\/2"}],"replies":[{"embeddable":true,"href":"https:\/\/www.europesays.com\/fr\/wp-json\/wp\/v2\/comments?post=358088"}],"version-history":[{"count":0,"href":"https:\/\/www.europesays.com\/fr\/wp-json\/wp\/v2\/posts\/358088\/revisions"}],"wp:featuredmedia":[{"embeddable":true,"href":"https:\/\/www.europesays.com\/fr\/wp-json\/wp\/v2\/media\/358089"}],"wp:attachment":[{"href":"https:\/\/www.europesays.com\/fr\/wp-json\/wp\/v2\/media?parent=358088"}],"wp:term":[{"taxonomy":"category","embeddable":true,"href":"https:\/\/www.europesays.com\/fr\/wp-json\/wp\/v2\/categories?post=358088"},{"taxonomy":"post_tag","embeddable":true,"href":"https:\/\/www.europesays.com\/fr\/wp-json\/wp\/v2\/tags?post=358088"}],"curies":[{"name":"wp","href":"https:\/\/api.w.org\/{rel}","templated":true}]}}