{"id":358090,"date":"2025-09-01T10:44:10","date_gmt":"2025-09-01T10:44:10","guid":{"rendered":"https:\/\/www.europesays.com\/fr\/358090\/"},"modified":"2025-09-01T10:44:10","modified_gmt":"2025-09-01T10:44:10","slug":"en-suisse-normande-un-jeune-photographe-sengage-pour-defendre-lenvironnement","status":"publish","type":"post","link":"https:\/\/www.europesays.com\/fr\/358090\/","title":{"rendered":"En Suisse normande, un jeune photographe s&rsquo;engage pour d\u00e9fendre l&rsquo;environnement"},"content":{"rendered":"<p>            Par<br \/>\n        <strong><br \/>\n            <a href=\"https:\/\/actu.fr\/auteur\/redaction-oc\" title=\"Consulter tous les articles de R\u00e9daction Flers\" target=\"_blank\" rel=\"noopener\">R\u00e9daction Flers<\/a><br \/>\n        <\/strong><\/p>\n<p>        Publi\u00e9 le<\/p>\n<p>            1 sept. 2025 \u00e0 6h42        <\/p>\n<p data-end=\"1078\">\u00c0 <a href=\"https:\/\/actu.fr\/normandie\/saint-pierre-du-regard_61447\/dans-lorne-il-fabrique-de-ses-mains-deux-roulottes-de-manouche-en-hommage-a-sa-mere_63043393.html\" target=\"_blank\" rel=\"noopener\">S\u00e9grie-Fontaine<\/a> (<a href=\"https:\/\/actu.fr\/normandie\/orne_61\" target=\"_blank\" rel=\"noopener\">Orne<\/a>), Th\u00e9o, originaire de <a href=\"https:\/\/actu.fr\/grand-est\/\" target=\"_blank\" rel=\"noopener\">Lorraine<\/a> et install\u00e9 \u00e0 Rabodanges depuis deux ans et demi, entame une <b>mission de huit mois au CPIE<\/b>, bas\u00e9 \u00e0 la Maison de l\u2019eau et de la rivi\u00e8re.<\/p>\n<p data-end=\"1078\" class=\" wall-content\">Passionn\u00e9 par la nature et la <a href=\"https:\/\/actu.fr\/tag\/photographie\" target=\"_blank\" rel=\"noopener\">photographie<\/a>, il<b> apporte ses comp\u00e9tences en communication<\/b> et en infographie pour valoriser les actions et animations de l\u2019association.<\/p>\n<p>Communication et infographie<\/p>\n<p class=\" wall-content\">Le jeune homme aborde cette premi\u00e8re exp\u00e9rience au sein d\u2019un CPIE avec enthousiasme.<\/p>\n<blockquote class=\"ac-article-quote wall-content\">\n<p>J\u2019assiste Manon Jean, charg\u00e9e de communication et d\u2019infographie, actuellement en formation en marketing et d\u00e9veloppement durable.<\/p>\n<p>Th\u00e9o Galil\u00e9<\/p><\/blockquote>\n<p class=\" wall-content\">Ses missions sont vari\u00e9es : cr\u00e9ation de flyers pour <a href=\"https:\/\/actu.fr\/tag\/animations\" target=\"_blank\" rel=\"noopener\">promouvoir les animations<\/a> et les sorties nature organis\u00e9es toute l\u2019ann\u00e9e, gestion et animation des <a href=\"https:\/\/actu.fr\/tag\/reseaux-sociaux\" target=\"_blank\" rel=\"noopener\">r\u00e9seaux sociaux<\/a>, coordination et mise \u00e0 jour du site internet.<\/p>\n<p>Vid\u00e9os : en ce moment sur ActuPhotographe artistique<\/p>\n<p class=\" wall-content\">Artiste photographe, Th\u00e9o met \u00e0 profit son \u0153il avis\u00e9 pour<b> r\u00e9aliser des reportages photo<\/b> lors des \u00e9v\u00e9nements ou manifestations, enrichissant ainsi les supports visuels du CPIE.<\/p>\n<p>Votre r\u00e9gion, votre actu !<\/p>\n<p>Recevez chaque jour les infos qui comptent pour vous.<\/p>\n<p>\t<a href=\"https:\/\/actu.fr\/newsletter\" class=\"ac-btn ac-btn--corner ac-btn--medium ac-btn--blue800\" target=\"_blank\" rel=\"noopener\">S&rsquo;incrire<\/a><\/p>\n<p class=\" wall-content\">Il assure \u00e9galement la relation avec la presse et con\u00e7oit la newsletter mensuelle.<\/p>\n<p class=\" wall-content\">Passionn\u00e9 depuis toujours par la nature, il a suivi des \u00e9tudes d\u2019infographie paysag\u00e8re, discipline dans laquelle<b> il \u00e9laborait principalement des plans d\u2019am\u00e9nagements de voirie.<\/b><\/p>\n<p>Un cadre de travail exceptionnel<\/p>\n<p class=\" wall-content\">\u00ab\u00a0Au CPIE, je m\u2019occupe du plan de communication, un travail qui mobilise des comp\u00e9tences de planification, d\u2019analyse et la d\u00e9finition d\u2019objectifs\u00a0\u00bb, d\u00e9clare Th\u00e9o.<\/p>\n<p class=\" wall-content\">D\u00e9sormais install\u00e9 dans <a href=\"https:\/\/actu.fr\/normandie\/athis-val-de-rouvre_61007\/environnement-cette-association-de-lorne-multiplie-les-actions-pour-la-nature_62273992.html\" target=\"_blank\" rel=\"noopener\">le bureau d\u2019\u00e9tudes de la Maison de l\u2019eau et de la rivi\u00e8re<\/a>, Th\u00e9o appr\u00e9cie particuli\u00e8rement la qualit\u00e9 de l\u2019endroit : \u00ab le cadre de travail est tr\u00e8s agr\u00e9able \u00bb.<\/p>\n<p class=\" wall-content\">Personnalisez votre actualit\u00e9 en ajoutant vos villes et m\u00e9dias en favori avec <a href=\"https:\/\/moncompte.actu.fr\" title=\"D\u00e9couvez Mon Actu\" rel=\"nofollow noopener\" data-trk=\"{&quot;cta&quot;:{&quot;action&quot;:&quot;https:\\\/\\\/moncompte.actu.fr&quot;,&quot;category&quot;:&quot;mon compte&quot;,&quot;from&quot;:&quot;article footer&quot;,&quot;name&quot;:&quot;Mon actu&quot;,&quot;type&quot;:&quot;cta&quot;}}\" target=\"_blank\">Mon Actu<\/a>.<\/p>\n","protected":false},"excerpt":{"rendered":"Par R\u00e9daction Flers Publi\u00e9 le 1 sept. 2025 \u00e0 6h42 \u00c0 S\u00e9grie-Fontaine (Orne), Th\u00e9o, originaire de Lorraine et&hellip;\n","protected":false},"author":2,"featured_media":358091,"comment_status":"","ping_status":"","sticky":false,"template":"","format":"standard","meta":{"footnotes":""},"categories":[1358],"tags":[1348,1384,1385,1386,58,59,436,1011,27,1756,52,20949],"class_list":{"0":"post-358090","1":"post","2":"type-post","3":"status-publish","4":"format-standard","5":"has-post-thumbnail","7":"category-arts-et-design","8":"tag-arts","9":"tag-arts-and-design","10":"tag-arts-et-design","11":"tag-design","12":"tag-divertissement","13":"tag-entertainment","14":"tag-environnement","15":"tag-fr","16":"tag-france","17":"tag-photographie","18":"tag-planete","19":"tag-suisse-normande"},"share_on_mastodon":{"url":"https:\/\/pubeurope.com\/@fr\/115128635505126907","error":""},"_links":{"self":[{"href":"https:\/\/www.europesays.com\/fr\/wp-json\/wp\/v2\/posts\/358090","targetHints":{"allow":["GET"]}}],"collection":[{"href":"https:\/\/www.europesays.com\/fr\/wp-json\/wp\/v2\/posts"}],"about":[{"href":"https:\/\/www.europesays.com\/fr\/wp-json\/wp\/v2\/types\/post"}],"author":[{"embeddable":true,"href":"https:\/\/www.europesays.com\/fr\/wp-json\/wp\/v2\/users\/2"}],"replies":[{"embeddable":true,"href":"https:\/\/www.europesays.com\/fr\/wp-json\/wp\/v2\/comments?post=358090"}],"version-history":[{"count":0,"href":"https:\/\/www.europesays.com\/fr\/wp-json\/wp\/v2\/posts\/358090\/revisions"}],"wp:featuredmedia":[{"embeddable":true,"href":"https:\/\/www.europesays.com\/fr\/wp-json\/wp\/v2\/media\/358091"}],"wp:attachment":[{"href":"https:\/\/www.europesays.com\/fr\/wp-json\/wp\/v2\/media?parent=358090"}],"wp:term":[{"taxonomy":"category","embeddable":true,"href":"https:\/\/www.europesays.com\/fr\/wp-json\/wp\/v2\/categories?post=358090"},{"taxonomy":"post_tag","embeddable":true,"href":"https:\/\/www.europesays.com\/fr\/wp-json\/wp\/v2\/tags?post=358090"}],"curies":[{"name":"wp","href":"https:\/\/api.w.org\/{rel}","templated":true}]}}