{"id":358097,"date":"2025-09-01T10:48:14","date_gmt":"2025-09-01T10:48:14","guid":{"rendered":"https:\/\/www.europesays.com\/fr\/358097\/"},"modified":"2025-09-01T10:48:14","modified_gmt":"2025-09-01T10:48:14","slug":"mortal-kombat-2-le-film-de-karl-urban-est-repousse-a-2026-gamekult","status":"publish","type":"post","link":"https:\/\/www.europesays.com\/fr\/358097\/","title":{"rendered":"Mortal Kombat 2 : le film de Karl Urban est repouss\u00e9 \u00e0 2026 &#8211; Gamekult"},"content":{"rendered":"<ol>\n<li><a href=\"https:\/\/news.google.com\/rss\/articles\/CBMirAFBVV95cUxNTnFuS0Npc0RlZG1heXRoeGRCSTlHNnpKMHdFOVNRUWRRY1NMQU83VHkyclAyMDVvcVc4bW90UDJtMEpMY2FpaDJNWEpRMlRzTnBZTEFRNjl4SW1jU1Z3SzJmbzNUQjBMV2c5dkZBRm5zYkJkdm16dkgtYVZkUHd4ampnZG12SUp2YlQzdUNUWl9BYmxoNnFLa2YxU1lrYjkyXzl2Q1NRTjN3Y2tY?oc=5\" target=\"_blank\" rel=\"nofollow noopener\">Mortal Kombat 2 : le film de Karl Urban est repouss\u00e9 \u00e0 2026<\/a>&nbsp;&nbsp;Gamekult<\/li>\n<li><a href=\"https:\/\/news.google.com\/rss\/articles\/CBMifkFVX3lxTE1WZS1FWllIVmR6bXRqOEo1eGQwOTN5ZUVGd0VVQldiTkVKaGFQNmpLbzh2bmQyRjU1eEtIZUNQSkQ2ZGtOeXIwb3E5b2FNNXZEY2oxVHJjOVZSY2lWM2ZUVTZHOThrSEJOYUxSRmlrTXI2Tk1nUVJUYjBndV9jdw?oc=5\" target=\"_blank\" rel=\"nofollow noopener\">Mortal Kombat 2 : mauvaise nouvelle pour les fans de la saga d&rsquo;action<\/a>&nbsp;&nbsp;AlloCin\u00e9<\/li>\n<li><a href=\"https:\/\/news.google.com\/rss\/articles\/CBMid0FVX3lxTE9fbzJJX0pqTUtIN3pZQkpSMFptQm5HMmpFMWtqRVJrM3lic3RxOFlKRE02WWlIOXZGYnNXU3Uya24zelJnZlhhWi1GN2xlMFdDUGl1ZVVqMUsyLVhxU1JDUDVnYkhmeVBHWUhwb1huZFRjS1diMk53?oc=5\" target=\"_blank\" rel=\"nofollow noopener\">Mortal Kombat 2 : le film est report\u00e9 \u00e0 2026<\/a>&nbsp;&nbsp;KultureGeek<\/li>\n<li><a href=\"https:\/\/news.google.com\/rss\/articles\/CBMihAFBVV95cUxQWXNVWlBhSGpVV1B3WXVfcE00aF9jZllETV83eS1CRXl0aWN1ZWgwV01LcFk1anpycGpFSDAxQzhmZGFVMlM4eXQ1UmtlOVZ1Qm9GU2RpV1NIVHBiY3hTbEktdFBFbUJCV1hnME1kRWtYSFJ5Q2NNN0dZbUVhLTBYQlotSmk?oc=5\" target=\"_blank\" rel=\"nofollow noopener\">Le film Mortal Kombat II est report\u00e9<\/a>&nbsp;&nbsp;Journal du Geek<\/li>\n<li><a href=\"https:\/\/news.google.com\/rss\/articles\/CBMijgFBVV95cUxNNFpRM3FZWmVJd1RnNENUd2UwNGhMenV2TjdIeDRyV3BtTEZWQlo3c0hZYTg2eHJoNjI5M2YwUjhwLXY0aHZFcUlOOWtsVDNMdFhKMlc1SHpoUUdWdmhBRjRaMVpBdjhHQkZOdlpqMjAwbHp2RFZqLWh4dk9vb0dHYjRtX3JnOThqSmV5T01n?oc=5\" target=\"_blank\" rel=\"nofollow noopener\">Mortal Kombat 2 repouss\u00e9 : il faudra \u00eatre patient pour voir la suite du film adapt\u00e9 des jeux<\/a>&nbsp;&nbsp;Ecran Large<\/li>\n<\/ol>\n","protected":false},"excerpt":{"rendered":"Mortal Kombat 2 : le film de Karl Urban est repouss\u00e9 \u00e0 2026&nbsp;&nbsp;Gamekult Mortal Kombat 2 : mauvaise&hellip;\n","protected":false},"author":2,"featured_media":358098,"comment_status":"","ping_status":"","sticky":false,"template":"","format":"standard","meta":{"footnotes":""},"categories":[1354],"tags":[58,59,1346,1011,27,1360],"class_list":{"0":"post-358097","1":"post","2":"type-post","3":"status-publish","4":"format-standard","5":"has-post-thumbnail","7":"category-films","8":"tag-divertissement","9":"tag-entertainment","10":"tag-films","11":"tag-fr","12":"tag-france","13":"tag-movies"},"share_on_mastodon":{"url":"https:\/\/pubeurope.com\/@fr\/115128651264740342","error":""},"_links":{"self":[{"href":"https:\/\/www.europesays.com\/fr\/wp-json\/wp\/v2\/posts\/358097","targetHints":{"allow":["GET"]}}],"collection":[{"href":"https:\/\/www.europesays.com\/fr\/wp-json\/wp\/v2\/posts"}],"about":[{"href":"https:\/\/www.europesays.com\/fr\/wp-json\/wp\/v2\/types\/post"}],"author":[{"embeddable":true,"href":"https:\/\/www.europesays.com\/fr\/wp-json\/wp\/v2\/users\/2"}],"replies":[{"embeddable":true,"href":"https:\/\/www.europesays.com\/fr\/wp-json\/wp\/v2\/comments?post=358097"}],"version-history":[{"count":0,"href":"https:\/\/www.europesays.com\/fr\/wp-json\/wp\/v2\/posts\/358097\/revisions"}],"wp:featuredmedia":[{"embeddable":true,"href":"https:\/\/www.europesays.com\/fr\/wp-json\/wp\/v2\/media\/358098"}],"wp:attachment":[{"href":"https:\/\/www.europesays.com\/fr\/wp-json\/wp\/v2\/media?parent=358097"}],"wp:term":[{"taxonomy":"category","embeddable":true,"href":"https:\/\/www.europesays.com\/fr\/wp-json\/wp\/v2\/categories?post=358097"},{"taxonomy":"post_tag","embeddable":true,"href":"https:\/\/www.europesays.com\/fr\/wp-json\/wp\/v2\/tags?post=358097"}],"curies":[{"name":"wp","href":"https:\/\/api.w.org\/{rel}","templated":true}]}}