{"id":358109,"date":"2025-09-01T10:54:30","date_gmt":"2025-09-01T10:54:30","guid":{"rendered":"https:\/\/www.europesays.com\/fr\/358109\/"},"modified":"2025-09-01T10:54:30","modified_gmt":"2025-09-01T10:54:30","slug":"lavion-dursula-von-der-leyen-touche-par-une-interference-gps-russe-presumee-a-ete-contraint-datterrir","status":"publish","type":"post","link":"https:\/\/www.europesays.com\/fr\/358109\/","title":{"rendered":"L\u2019avion d\u2019Ursula von der Leyen, touch\u00e9 par une interf\u00e9rence GPS russe pr\u00e9sum\u00e9e, a \u00e9t\u00e9 contraint d\u2019atterrir"},"content":{"rendered":"<p>Un porte-parole de la Commission europ\u00e9enne a confirm\u00e9 l\u2019incident. La Bulgarie dit soup\u00e7onner une \u00abing\u00e9rence flagrante\u00bb de la Russie.<\/p>\n<p class=\"fig-paragraph\">Alors qu\u2019elle effectue une tourn\u00e9e diplomatique dans les \u00c9tats europ\u00e9ens alli\u00e9s de l\u2019Ukraine,\u00a0<a href=\"http:\/\/www.lefigaro.fr\/vox\/monde\/ursula-von-der-leyen-avec-les-etats-unis-l-union-europeenne-a-conclu-un-accord-solide-bien-qu-imparfait-20250824\" data-fig-type=\"Article\" data-gtm-custom-categorie=\"navigation\" data-gtm-custom-action=\"crossclick\" data-gtm-custom-label=\"Contextuel\" data-gtm-event=\"customEventSPE\" data-fig-domain=\"LEFIGARO\" target=\"_blank\" rel=\"noopener\">Ursula von der Leyen<\/a>\u00a0a \u00e9t\u00e9 la victime ce dimanche d\u2019une \u00e9trange m\u00e9saventure. L\u2019avion dans lequel elle voyageait a \u00e9t\u00e9 contraint d\u2019atterrir en Bulgarie apr\u00e8s une op\u00e9ration de brouillage de ses signaux GPS, rapportent le Financial Times et une porte-parole de la Commission europ\u00e9enne, cit\u00e9 par l\u2019AFP.<\/p>\n<p class=\"fig-paragraph\">Selon le journal, les services de navigation GPS de l\u2019a\u00e9roport de Plovdiv auraient \u00e9t\u00e9 d\u00e9sactiv\u00e9s, apr\u00e8s des interf\u00e9rences russes pr\u00e9sum\u00e9es. Cette derni\u00e8re information est rapport\u00e9e par trois responsables inform\u00e9s de l\u2019incident. \u00abTout le GPS de la zone a\u00e9roportuaire s\u2019est \u00e9teint\u00bb, a d\u00e9clar\u00e9 l\u2019un d\u2019eux, ajoutant qu\u2019\u00abapr\u00e8s avoir survol\u00e9 l\u2019a\u00e9roport pendant une heure, le pilote a d\u00e9cid\u00e9 d\u2019atterrir manuellement \u00e0 l\u2019aide de cartes analogiques\u00bb.<\/p>\n<p>                                    <a class=\"fig-a11y-skip a11y-hidden\" href=\"#fig-a11y-skip-main-inarticle\"><br \/>\n        Passer la publicit\u00e9<br \/>\n    <\/a><\/p>\n<p class=\"fig-paragraph\">\u00abNous pouvons en effet confirmer qu\u2019il y a eu brouillage GPS\u00bb, a d\u00e9clar\u00e9 une porte-parole de la chef de l\u2019ex\u00e9cutif europ\u00e9en, Arianna Podesta. \u00abNous sommes bien s\u00fbr conscients, et habitu\u00e9s d\u2019une certaine mani\u00e8re, aux menaces et intimidations qui font partie int\u00e9grante du comportement hostile de la Russie\u00bb, a-t-elle ajout\u00e9.<\/p>\n<p>Augmentation notable des brouillages<\/p>\n<p class=\"fig-paragraph\">L\u2019Autorit\u00e9 bulgare des services de la circulation a\u00e9rienne a confirm\u00e9 l\u2019incident dans un communiqu\u00e9 transmis au Financial Times. \u00abDepuis f\u00e9vrier 2022, on constate une augmentation notable des brouillages GPS et, plus r\u00e9cemment, des cas d\u2019usurpation d\u2019identit\u00e9\u00bb, indique-t-elle. Ces m\u00e9thodes sont habituellement d\u00e9ploy\u00e9es par les services militaires et de renseignement pour d\u00e9fendre des sites sensibles.<\/p>\n<p class=\"fig-paragraph\">Un porte-parole de la Commission europ\u00e9enne a confirm\u00e9 lundi au journal espagnol El Pa\u00efs que Moscou \u00e9tait soup\u00e7onn\u00e9 d\u2019\u00eatre \u00e0 l\u2019origine de l\u2019incident. \u00abNous sommes bien conscients que les menaces et l\u2019intimidation sont une composante courante des actions hostiles de la Russie\u00bb, a ajout\u00e9 cette source.<\/p>\n<p class=\"fig-paragraph\">Ursula von der Leyen arrivait de Varsovie pour rencontrer le premier ministre bulgare Rosen Zhelyazkov et visiter une usine de munitions, la Bulgarie \u00e9tant l\u2019un des principaux fournisseurs d\u2019\u00e9quipements militaires de l\u2019Ukraine. Malgr\u00e9 le probl\u00e8me rencontr\u00e9 \u00e0 l\u2019a\u00e9roport, la pr\u00e9sidente de la Commission a pu mener \u00e0 bien sa mission diplomatique, puis quitter Plovdiv \u00e0 bord du m\u00eame avion. Elle poursuit ce lundi son voyage en Lituanie, elle s\u2019est rendue \u00e0 la fronti\u00e8re avec la Bi\u00e9lorussie.<\/p>\n","protected":false},"excerpt":{"rendered":"Un porte-parole de la Commission europ\u00e9enne a confirm\u00e9 l\u2019incident. La Bulgarie dit soup\u00e7onner une \u00abing\u00e9rence flagrante\u00bb de la&hellip;\n","protected":false},"author":2,"featured_media":358110,"comment_status":"","ping_status":"","sticky":false,"template":"","format":"standard","meta":{"footnotes":""},"categories":[5],"tags":[11,1011,27,10768,14,12,2544,28],"class_list":{"0":"post-358109","1":"post","2":"type-post","3":"status-publish","4":"format-standard","5":"has-post-thumbnail","7":"category-international","8":"tag-actualites","9":"tag-fr","10":"tag-france","11":"tag-gps","12":"tag-international","13":"tag-news","14":"tag-ursula-von-der-leyen","15":"tag-world"},"share_on_mastodon":{"url":"https:\/\/pubeurope.com\/@fr\/115128674692333096","error":""},"_links":{"self":[{"href":"https:\/\/www.europesays.com\/fr\/wp-json\/wp\/v2\/posts\/358109","targetHints":{"allow":["GET"]}}],"collection":[{"href":"https:\/\/www.europesays.com\/fr\/wp-json\/wp\/v2\/posts"}],"about":[{"href":"https:\/\/www.europesays.com\/fr\/wp-json\/wp\/v2\/types\/post"}],"author":[{"embeddable":true,"href":"https:\/\/www.europesays.com\/fr\/wp-json\/wp\/v2\/users\/2"}],"replies":[{"embeddable":true,"href":"https:\/\/www.europesays.com\/fr\/wp-json\/wp\/v2\/comments?post=358109"}],"version-history":[{"count":0,"href":"https:\/\/www.europesays.com\/fr\/wp-json\/wp\/v2\/posts\/358109\/revisions"}],"wp:featuredmedia":[{"embeddable":true,"href":"https:\/\/www.europesays.com\/fr\/wp-json\/wp\/v2\/media\/358110"}],"wp:attachment":[{"href":"https:\/\/www.europesays.com\/fr\/wp-json\/wp\/v2\/media?parent=358109"}],"wp:term":[{"taxonomy":"category","embeddable":true,"href":"https:\/\/www.europesays.com\/fr\/wp-json\/wp\/v2\/categories?post=358109"},{"taxonomy":"post_tag","embeddable":true,"href":"https:\/\/www.europesays.com\/fr\/wp-json\/wp\/v2\/tags?post=358109"}],"curies":[{"name":"wp","href":"https:\/\/api.w.org\/{rel}","templated":true}]}}