{"id":358114,"date":"2025-09-01T11:02:11","date_gmt":"2025-09-01T11:02:11","guid":{"rendered":"https:\/\/www.europesays.com\/fr\/358114\/"},"modified":"2025-09-01T11:02:11","modified_gmt":"2025-09-01T11:02:11","slug":"le-preavis-de-greve-des-aiguilleurs-est-leve","status":"publish","type":"post","link":"https:\/\/www.europesays.com\/fr\/358114\/","title":{"rendered":"le pr\u00e9avis de gr\u00e8ve des aiguilleurs est lev\u00e9"},"content":{"rendered":"<p>Depuis mi-juillet, <a href=\"https:\/\/www.leprogres.fr\/economie\/2025\/07\/23\/greve-sur-les-lignes-sncf-un-mouvement-local-qui-perturbe-les-habitudes-des-usagers\" target=\"_blank\" rel=\"nofollow noopener\">un mouvement de gr\u00e8ve des aiguilleurs de l\u2019\u00e9toile st\u00e9phanoise<\/a> d\u00e9non\u00e7ant leurs conditions de travail perturbait le trafic SNCF sur les lignes en partance et en direction de Saint-Etienne.<\/p>\n<p>Le syndicat SUD Rail a inform\u00e9, ce lundi matin, que le pr\u00e9avis de gr\u00e8ve a \u00e9t\u00e9 lev\u00e9 \u00e0 la suite d\u2019un vote des agents.<\/p>\n<p>D&rsquo;autres mouvements de gr\u00e8ve ne sont pas \u00e0 exclure<\/p>\n<p>Cependant, de nouveaux mouvements ne sont pas \u00e0 exclure. Le syndicat d\u00e9nonce \u00ab\u00a0l\u2019attitude de la direction R\u00e9seau SNCF qui durant tout l\u2018\u00e9t\u00e9 a jou\u00e9 au jeu du pourrissement\u00a0\u00bb.<\/p>\n<p>\u00ab\u00a0Aujourd\u2019hui les propositions de la direction ne sont que des palliatifs\u00a0\u00bb, poursuit Sud Rail dans un communiqu\u00e9 envoy\u00e9 \u00e0 notre r\u00e9daction. \u00ab\u00a0Aucune solution \u00e0 long terme n\u2019a \u00e9t\u00e9 trouv\u00e9e. Nos coll\u00e8gues souhaitent juste travailler dans des conditions normales afin de faire circuler les trains en toute s\u00e9curit\u00e9.\u00a0\u00bb<\/p>\n","protected":false},"excerpt":{"rendered":"Depuis mi-juillet, un mouvement de gr\u00e8ve des aiguilleurs de l\u2019\u00e9toile st\u00e9phanoise d\u00e9non\u00e7ant leurs conditions de travail perturbait le&hellip;\n","protected":false},"author":2,"featured_media":358115,"comment_status":"","ping_status":"","sticky":false,"template":"","format":"standard","meta":{"footnotes":""},"categories":[9653],"tags":[1111,11,2430,9671,7539,1777,674,107,1011,27,3367,12,25,2429,4001,7538,801,2803],"class_list":{"0":"post-358114","1":"post","2":"type-post","3":"status-publish","4":"format-standard","5":"has-post-thumbnail","7":"category-saint-etienne","8":"tag-actu","9":"tag-actualites","10":"tag-auvergne-rhone-alpes","11":"tag-conflit-social","12":"tag-edition-loire-sud","13":"tag-eu","14":"tag-europe","15":"tag-fil-info","16":"tag-fr","17":"tag-france","18":"tag-loire","19":"tag-news","20":"tag-republique-francaise","21":"tag-rhone","22":"tag-saint-etienne","23":"tag-saint-etienne-ville","24":"tag-social","25":"tag-transport"},"share_on_mastodon":{"url":"https:\/\/pubeurope.com\/@fr\/115128706229592128","error":""},"_links":{"self":[{"href":"https:\/\/www.europesays.com\/fr\/wp-json\/wp\/v2\/posts\/358114","targetHints":{"allow":["GET"]}}],"collection":[{"href":"https:\/\/www.europesays.com\/fr\/wp-json\/wp\/v2\/posts"}],"about":[{"href":"https:\/\/www.europesays.com\/fr\/wp-json\/wp\/v2\/types\/post"}],"author":[{"embeddable":true,"href":"https:\/\/www.europesays.com\/fr\/wp-json\/wp\/v2\/users\/2"}],"replies":[{"embeddable":true,"href":"https:\/\/www.europesays.com\/fr\/wp-json\/wp\/v2\/comments?post=358114"}],"version-history":[{"count":0,"href":"https:\/\/www.europesays.com\/fr\/wp-json\/wp\/v2\/posts\/358114\/revisions"}],"wp:featuredmedia":[{"embeddable":true,"href":"https:\/\/www.europesays.com\/fr\/wp-json\/wp\/v2\/media\/358115"}],"wp:attachment":[{"href":"https:\/\/www.europesays.com\/fr\/wp-json\/wp\/v2\/media?parent=358114"}],"wp:term":[{"taxonomy":"category","embeddable":true,"href":"https:\/\/www.europesays.com\/fr\/wp-json\/wp\/v2\/categories?post=358114"},{"taxonomy":"post_tag","embeddable":true,"href":"https:\/\/www.europesays.com\/fr\/wp-json\/wp\/v2\/tags?post=358114"}],"curies":[{"name":"wp","href":"https:\/\/api.w.org\/{rel}","templated":true}]}}