{"id":358118,"date":"2025-09-01T11:04:13","date_gmt":"2025-09-01T11:04:13","guid":{"rendered":"https:\/\/www.europesays.com\/fr\/358118\/"},"modified":"2025-09-01T11:04:13","modified_gmt":"2025-09-01T11:04:13","slug":"circulation-stationnement-voici-ce-qui-a-change-pour-securiser-ce-secteur-frequente-a-nancy","status":"publish","type":"post","link":"https:\/\/www.europesays.com\/fr\/358118\/","title":{"rendered":"Circulation, stationnement\u2026 voici ce qui a chang\u00e9 pour \u00ab\u00a0s\u00e9curiser\u00a0\u00bb ce secteur fr\u00e9quent\u00e9 \u00e0 Nancy"},"content":{"rendered":"<p>            Par<br \/>\n        <strong><br \/>\n            <a href=\"https:\/\/actu.fr\/auteur\/amandine-mehl\" title=\"Consulter tous les articles de Amandine Mehl\" target=\"_blank\" rel=\"noopener\">Amandine Mehl<\/a><br \/>\n        <\/strong><\/p>\n<p>        Publi\u00e9 le<\/p>\n<p>            1 sept. 2025 \u00e0 12h58        <\/p>\n<p>Apr\u00e8s avoir sond\u00e9 les <strong>habitants<\/strong> et <strong>usagers<\/strong> de la <strong>partie haute de la rue de Boudonville<\/strong> \u00e0 Nancy, la Ville et la M\u00e9tropole du Grand Nancy ont lanc\u00e9 des <a href=\"https:\/\/actu.fr\/tag\/travaux\" target=\"_blank\" rel=\"noopener\">travaux<\/a> durant l\u2019\u00e9t\u00e9.<br \/>L\u2019objectif\u2009: <strong>s\u00e9curiser les d\u00e9placements<\/strong> dans la rue, en particulier aux abords des \u00e9coles et de la cr\u00e8che, gr\u00e2ce \u00e0 de <strong>nouveaux am\u00e9nagements<\/strong>.<\/p>\n<p>R\u00e9duire la vitesse des voitures, agir sur le stationnement minute\u2026<\/p>\n<p class=\" wall-content\">Ouverte du 4\u00a0avril au 18\u00a0mai, l\u2019enqu\u00eate a permis de recueillir <strong>289 r\u00e9ponses<\/strong>. \u00ab\u2009Le ressenti sur la <strong>s\u00e9curit\u00e9 des d\u00e9placements<\/strong> dans le secteur est <strong>mitig\u00e9<\/strong> (note de 3,3 sur 6, 1 correspondant \u00e0 un ressenti tr\u00e8s agr\u00e9able et 6 \u00e0 un ressenti tr\u00e8s d\u00e9sagr\u00e9able). <strong>37\u2009%<\/strong> des r\u00e9pondants estiment qu\u2019il est <strong>n\u00e9cessaire de r\u00e9duire la vitesse des voitures<\/strong> et <strong>34\u2009%<\/strong> d\u2019<strong>am\u00e9liorer les travers\u00e9es pi\u00e9tonnes<\/strong>\u2009\u00bb, peut-on lire dans un communiqu\u00e9.<\/p>\n<p class=\" wall-content\">Les automobilistes proposent quant \u00e0 eux d\u2019agir davantage sur la <strong>fluidit\u00e9 du trafic<\/strong> (<strong>50\u2009%<\/strong>) et les usagers ponctuels du secteur sont <strong>42\u2009%<\/strong> \u00e0 estimer qu\u2019il faut <strong>agir sur le stationnement minute<\/strong>.<\/p>\n<p>Une file supprim\u00e9e et des places de stationnement suppl\u00e9mentaires<\/p>\n<p class=\" wall-content\">Pour r\u00e9pondre aux diff\u00e9rentes attentes formul\u00e9es, de premiers am\u00e9nagements ont \u00e9t\u00e9 r\u00e9alis\u00e9s.<\/p>\n<p class=\" wall-content\">En <strong>haut de la rue de Boudonville<\/strong>, \u00e0 l\u2019intersection avec l\u2019avenue de la Lib\u00e9ration, <strong>la file \u00ab\u2009tourne \u00e0 droite\u2009\u00bb a \u00e9t\u00e9 supprim\u00e9e<\/strong> et les deux mouvements de giration se font maintenant depuis la m\u00eame voie, est-il pr\u00e9cis\u00e9. Un changement qui a permis de <strong>cr\u00e9er cinq places \u00ab\u2009d\u00e9pose enfants\u2009\u00bb devant la cr\u00e8che<\/strong>.<\/p>\n<p class=\" wall-content\">Les <strong>cinq places<\/strong> anciennement r\u00e9serv\u00e9es \u00e0 cet usage, devant le 104 rue de Boudonville, ont \u00e9t\u00e9 transform\u00e9es en places de <a href=\"https:\/\/actu.fr\/tag\/stationnement\" target=\"_blank\" rel=\"noopener\">stationnement<\/a> classiques. S\u2019agissant des <strong>\u00eelots pi\u00e9tons<\/strong> au niveau des bordures du passage pi\u00e9ton situ\u00e9 devant la cr\u00e8che, ils seront r\u00e9alis\u00e9s aux vacances de la Toussaint.<\/p>\n<p>Votre r\u00e9gion, votre actu !<\/p>\n<p>Recevez chaque jour les infos qui comptent pour vous.<\/p>\n<p>\t<a href=\"https:\/\/actu.fr\/newsletter\" class=\"ac-btn ac-btn--corner ac-btn--medium ac-btn--blue800\" target=\"_blank\" rel=\"noopener\">S&rsquo;incrire<\/a><br \/>\nInstallation de coussins berlinois pour faire ralentir les automobilistes<\/p>\n<p class=\" wall-content\">Au niveau des <strong>carrefours avec les rues de la Boudi\u00e8re, Ludovic Beauchet et du Moulin de Boudonville<\/strong>, <strong>six coussins berlinois<\/strong> ont \u00e9t\u00e9 pos\u00e9s. <strong>Deux autres le seront prochainement<\/strong> au niveau du 69 rue de Boudonville.<\/p>\n<p class=\" wall-content\">Le <strong>carrefour avec la rue Albin Haller<\/strong> a \u00e9galement \u00e9t\u00e9 <strong>revu<\/strong> \u00ab\u2009pour <strong>faire ralentir les v\u00e9hicules<\/strong> et <strong>mieux s\u00e9parer les voies<\/strong> de <a href=\"https:\/\/actu.fr\/tag\/circulation\" target=\"_blank\" rel=\"noopener\">circulation<\/a>\u2009\u00bb. En ce sens, <strong>un \u00eelot a \u00e9t\u00e9 cr\u00e9\u00e9<\/strong> en marquage afin de r\u00e9duire la vitesse des usagers tournant vers la rue Albin Haller en descendant.<\/p>\n<p class=\" wall-content\">\u00c0 noter qu\u2019<strong>une place de stationnement a d\u00fb \u00eatre supprim\u00e9e<\/strong> au carrefour avec la rue Ludovic Beauchet pour am\u00e9liorer la visibilit\u00e9 du passage pi\u00e9ton.<\/p>\n<p>Installation de feux clignotants<\/p>\n<p class=\" wall-content\">Si des feux clignotants sont d\u00e9j\u00e0 pr\u00e9sents au niveau de l\u2019\u00e9cole, <strong>un feu clignotant va \u00eatre mis en place en renforcement du panneau \u00ab\u2009travers\u00e9e d\u2019enfants\u2009\u00bb<\/strong>, avant la cr\u00e8che, en montant.<\/p>\n<p class=\" wall-content\">Un <strong>autre feu du m\u00eame type<\/strong> va \u00eatre install\u00e9 \u00e0 une vingtaine de m\u00e8tres apr\u00e8s le carrefour avec l\u2019avenue de la Lib\u00e9ration. L\u2019installation sera r\u00e9alis\u00e9e <strong>au plus tard pour les vacances scolaires de la Toussaint<\/strong>.<\/p>\n<p class=\" wall-content\">Personnalisez votre actualit\u00e9 en ajoutant vos villes et m\u00e9dias en favori avec <a href=\"https:\/\/moncompte.actu.fr\" title=\"D\u00e9couvez Mon Actu\" rel=\"nofollow noopener\" data-trk=\"{&quot;cta&quot;:{&quot;action&quot;:&quot;https:\\\/\\\/moncompte.actu.fr&quot;,&quot;category&quot;:&quot;mon compte&quot;,&quot;from&quot;:&quot;article footer&quot;,&quot;name&quot;:&quot;Mon actu&quot;,&quot;type&quot;:&quot;cta&quot;}}\" target=\"_blank\">Mon Actu<\/a>.<\/p>\n","protected":false},"excerpt":{"rendered":"Par Amandine Mehl Publi\u00e9 le 1 sept. 2025 \u00e0 12h58 Apr\u00e8s avoir sond\u00e9 les habitants et usagers de&hellip;\n","protected":false},"author":2,"featured_media":358119,"comment_status":"","ping_status":"","sticky":false,"template":"","format":"standard","meta":{"footnotes":""},"categories":[9635],"tags":[1111,11,3542,1777,674,1011,27,775,1702,12,25,104,6173,2086],"class_list":{"0":"post-358118","1":"post","2":"type-post","3":"status-publish","4":"format-standard","5":"has-post-thumbnail","7":"category-nancy","8":"tag-actu","9":"tag-actualites","10":"tag-circulation","11":"tag-eu","12":"tag-europe","13":"tag-fr","14":"tag-france","15":"tag-grand-est","16":"tag-nancy","17":"tag-news","18":"tag-republique-francaise","19":"tag-societe","20":"tag-stationnement","21":"tag-travaux"},"share_on_mastodon":{"url":"","error":""},"_links":{"self":[{"href":"https:\/\/www.europesays.com\/fr\/wp-json\/wp\/v2\/posts\/358118","targetHints":{"allow":["GET"]}}],"collection":[{"href":"https:\/\/www.europesays.com\/fr\/wp-json\/wp\/v2\/posts"}],"about":[{"href":"https:\/\/www.europesays.com\/fr\/wp-json\/wp\/v2\/types\/post"}],"author":[{"embeddable":true,"href":"https:\/\/www.europesays.com\/fr\/wp-json\/wp\/v2\/users\/2"}],"replies":[{"embeddable":true,"href":"https:\/\/www.europesays.com\/fr\/wp-json\/wp\/v2\/comments?post=358118"}],"version-history":[{"count":0,"href":"https:\/\/www.europesays.com\/fr\/wp-json\/wp\/v2\/posts\/358118\/revisions"}],"wp:featuredmedia":[{"embeddable":true,"href":"https:\/\/www.europesays.com\/fr\/wp-json\/wp\/v2\/media\/358119"}],"wp:attachment":[{"href":"https:\/\/www.europesays.com\/fr\/wp-json\/wp\/v2\/media?parent=358118"}],"wp:term":[{"taxonomy":"category","embeddable":true,"href":"https:\/\/www.europesays.com\/fr\/wp-json\/wp\/v2\/categories?post=358118"},{"taxonomy":"post_tag","embeddable":true,"href":"https:\/\/www.europesays.com\/fr\/wp-json\/wp\/v2\/tags?post=358118"}],"curies":[{"name":"wp","href":"https:\/\/api.w.org\/{rel}","templated":true}]}}