{"id":358125,"date":"2025-09-01T11:08:09","date_gmt":"2025-09-01T11:08:09","guid":{"rendered":"https:\/\/www.europesays.com\/fr\/358125\/"},"modified":"2025-09-01T11:08:09","modified_gmt":"2025-09-01T11:08:09","slug":"le-festin-de-rue-un-rendez-vous-incontournable-de-la-rentree","status":"publish","type":"post","link":"https:\/\/www.europesays.com\/fr\/358125\/","title":{"rendered":"Le Festin de Rue, un rendez-vous incontournable de la rentr\u00e9e"},"content":{"rendered":"<p>            Par<br \/>\n        <strong><br \/>\n            <a href=\"https:\/\/actu.fr\/auteur\/metropoop\" title=\"Consulter tous les articles de R\u00e9daction M\u00e9tropolitain\" rel=\"nofollow noopener\" target=\"_blank\">R\u00e9daction M\u00e9tropolitain<\/a><br \/>\n        <\/strong><\/p>\n<p>        Publi\u00e9 le<\/p>\n<p>            1 sept. 2025 \u00e0 12h37        <\/p>\n<p><strong>Le Festin de Rue<\/strong> est un rendez-vous incontournable de la rentr\u00e9e. Organis\u00e9 chaque ann\u00e9e par <strong>la Ville de Saint-Jean-de-V\u00e9das<\/strong>, ce festival met \u00e0 l\u2019honneur <strong>les arts de la rue<\/strong>. Les samedi 13 et dimanche 14 septembre <strong>des spectacles vari\u00e9s<\/strong> de th\u00e9\u00e2tre, danse, cirque, acrobatie et bien plus encore seront propos\u00e9s <strong>gratuitement<\/strong> dans les rues de la commune.<\/p>\n<p>Plus de soixante repr\u00e9sentations<\/p>\n<p class=\" wall-content\">Le temps d\u2019un week-end, de nombreux artistes venus de toute la France et d\u2019ailleurs investiront les rues et les places de Saint-Jean-de-V\u00e9das pour offrir des moments de partage, de rire et d\u2019\u00e9motion. Organis\u00e9 par la municipalit\u00e9 et en grande partie financ\u00e9 par des sponsors et m\u00e9c\u00e8nes, le festival est ouvert \u00e0 tous les publics, jeunes et adultes. Enti\u00e8rement gratuit, Le Festin de Rue accueille chaque ann\u00e9e des milliers de spectateurs curieux de d\u00e9couvrir une programmation en plein air, riche en spectacles vivants : th\u00e9\u00e2tre de rue, cirque, musique, danse, performances\u2026<\/p>\n<p class=\" wall-content\">Cette \u00e9dition 2025 se d\u00e9roulera donc les samedi 13 et dimanche 14 septembre avec une trentaine de compagnies et plus de soixante repr\u00e9sentations. Au programme, un large \u00e9ventail d\u2019expressions artistiques allant du th\u00e9\u00e2tre \u00e0 la musique, en passant par des spectacles humoristiques et des performances acrobatiques. Des propositions multiples et vari\u00e9es, souvent d\u00e9cal\u00e9es, qui raviront petits et grands, avec comme toujours en point d\u2019orgue une grande d\u00e9ambulation nocturne le samedi. Cette ann\u00e9e, avec \u00ab\u00a0The Whale Street histoire d\u2019une \u00e9pop\u00e9e humaine\u00a0\u00bb, la compagnie CPPP adapte le best-seller Moby Dick.\u00a0<\/p>\n<p>    <a href=\"https:\/\/www.facebook.com\/plugins\/post.php?href=https%3A%2F%2Fwww.facebook.com%2FFestinDeRue%2Fposts%2Fpfbid0suTXz1ddmmf61RqdoUEarBQfPYtaCJRNKhHFfGKJgxPgoUCyKghkSQM31hwQuMq2l&amp;show_text=true&amp;width=350\" title=\"Ouvrie le lien\" rel=\"nofollow noopener\" target=\"_blank\">Cliquez ici pour visualiser le contenu<\/a><\/p>\n<p>Le Festin de Rue, samedi 13 et dimanche 14 septembre dans les rues de Saint-Jean-de-V\u00e9das. Enti\u00e8rement gratuit. Programme complet sur <a href=\"https:\/\/festinderue.com\/\" rel=\"nofollow noopener\" target=\"_blank\">festinderue.com<\/a> et <a href=\"https:\/\/www.calameo.com\/read\/0004501394eb0de6989d9\" rel=\"nofollow noopener\" target=\"_blank\">calameo.com<\/a>.<\/p>\n<p class=\" wall-content\">Personnalisez votre actualit\u00e9 en ajoutant vos villes et m\u00e9dias en favori avec <a href=\"https:\/\/moncompte.actu.fr\" title=\"D\u00e9couvez Mon Actu\" rel=\"nofollow noopener\" data-trk=\"{&quot;cta&quot;:{&quot;action&quot;:&quot;https:\\\/\\\/moncompte.actu.fr&quot;,&quot;category&quot;:&quot;mon compte&quot;,&quot;from&quot;:&quot;article footer&quot;,&quot;name&quot;:&quot;Mon actu&quot;,&quot;type&quot;:&quot;cta&quot;}}\" target=\"_blank\">Mon Actu<\/a>.<\/p>\n","protected":false},"excerpt":{"rendered":"Par R\u00e9daction M\u00e9tropolitain Publi\u00e9 le 1 sept. 2025 \u00e0 12h37 Le Festin de Rue est un rendez-vous incontournable&hellip;\n","protected":false},"author":2,"featured_media":358126,"comment_status":"","ping_status":"","sticky":false,"template":"","format":"standard","meta":{"footnotes":""},"categories":[9599],"tags":[1111,11,1777,674,849,1011,27,1652,2208,12,2680,25],"class_list":{"0":"post-358125","1":"post","2":"type-post","3":"status-publish","4":"format-standard","5":"has-post-thumbnail","7":"category-montpellier","8":"tag-actu","9":"tag-actualites","10":"tag-eu","11":"tag-europe","12":"tag-festival","13":"tag-fr","14":"tag-france","15":"tag-loisirs-culture","16":"tag-montpellier","17":"tag-news","18":"tag-occitanie","19":"tag-republique-francaise"},"share_on_mastodon":{"url":"https:\/\/pubeurope.com\/@fr\/115128729762804460","error":""},"_links":{"self":[{"href":"https:\/\/www.europesays.com\/fr\/wp-json\/wp\/v2\/posts\/358125","targetHints":{"allow":["GET"]}}],"collection":[{"href":"https:\/\/www.europesays.com\/fr\/wp-json\/wp\/v2\/posts"}],"about":[{"href":"https:\/\/www.europesays.com\/fr\/wp-json\/wp\/v2\/types\/post"}],"author":[{"embeddable":true,"href":"https:\/\/www.europesays.com\/fr\/wp-json\/wp\/v2\/users\/2"}],"replies":[{"embeddable":true,"href":"https:\/\/www.europesays.com\/fr\/wp-json\/wp\/v2\/comments?post=358125"}],"version-history":[{"count":0,"href":"https:\/\/www.europesays.com\/fr\/wp-json\/wp\/v2\/posts\/358125\/revisions"}],"wp:featuredmedia":[{"embeddable":true,"href":"https:\/\/www.europesays.com\/fr\/wp-json\/wp\/v2\/media\/358126"}],"wp:attachment":[{"href":"https:\/\/www.europesays.com\/fr\/wp-json\/wp\/v2\/media?parent=358125"}],"wp:term":[{"taxonomy":"category","embeddable":true,"href":"https:\/\/www.europesays.com\/fr\/wp-json\/wp\/v2\/categories?post=358125"},{"taxonomy":"post_tag","embeddable":true,"href":"https:\/\/www.europesays.com\/fr\/wp-json\/wp\/v2\/tags?post=358125"}],"curies":[{"name":"wp","href":"https:\/\/api.w.org\/{rel}","templated":true}]}}