{"id":358131,"date":"2025-09-01T11:18:22","date_gmt":"2025-09-01T11:18:22","guid":{"rendered":"https:\/\/www.europesays.com\/fr\/358131\/"},"modified":"2025-09-01T11:18:22","modified_gmt":"2025-09-01T11:18:22","slug":"ma-passion-pour-la-vie-publique-reste-intacte","status":"publish","type":"post","link":"https:\/\/www.europesays.com\/fr\/358131\/","title":{"rendered":"\u00ab Ma passion pour la vie publique reste intacte \u00bb"},"content":{"rendered":"<p>Il a attendu la rentr\u00e9e scolaire pour faire la sienne. Ce 1er \u00a0septembre le maire de <a href=\"https:\/\/www.ledauphine.com\/edition-gresivaudan-oisans\/saint-ismier\" target=\"_blank\" rel=\"noopener\">Saint-Ismier<\/a> Henri Baile a donc annonc\u00e9 officiellement son entr\u00e9e politique. Il sera candidat \u00e0 sa succession en mars\u00a02026. Une annonce qui n\u2019est pas vraiment une surprise. On le savait en campagne depuis des mois. \u00ab\u00a0Au terme du mandat qui s\u2019ach\u00e8ve, ma passion pour la vie publique reste intacte\u00a0\u00bb d\u00e9clare-t-il dans son communiqu\u00e9. Il s\u2019agira donc de son troisi\u00e8me mandat s\u2019il venait \u00e0 \u00eatre r\u00e9\u00e9lu. Engag\u00e9 depuis 2014 dans la vie politique locale ism\u00e9rusienne, Henri Baile est par ailleurs pr\u00e9sident de la communaut\u00e9 de communes du Gr\u00e9sivaudan depuis 2020 et conseiller r\u00e9gional (Les R\u00e9publicains) depuis 2021.<\/p>\n<p>\u00c0 75 ans, Henri Baile a donc \u00ab\u00a0choisi de continuer \u00e0 consacrer son \u00e9nergie\u00a0\u00bb pour son village de Saint-Ismier, mais \u00e9galement le Gr\u00e9sivaudan et \u00ab\u00a0\u00e0 tout ce qui fait sens\u00a0\u00bb. Parce que \u00ab\u00a0l\u00e0 o\u00f9 les n\u00e9cessit\u00e9s et les besoins de nos collectivit\u00e9s exigent des r\u00e9ponses concr\u00e8tes. L\u00e0 o\u00f9 le carcan r\u00e9glementaire toujours plus pesant impose d\u2019\u00eatre initi\u00e9, voire opini\u00e2tre pour faire aboutir les projets.\u00a0Dans un monde en transition, dans une \u00e9poque en proie aux diversions\u00a0\u00bb il serait donc l\u2019homme de la situation en 2026. Il entend bien \u00ab\u00a0continuer \u00e0 \u0153uvrer\u00a0\u00bb pour ses administr\u00e9s et cela \u00ab\u00a0sans jamais perdre de vue le courage du bon sens, et tout ce qui nous unit dans nos diff\u00e9rences\u00a0\u00bb.<\/p>\n","protected":false},"excerpt":{"rendered":"Il a attendu la rentr\u00e9e scolaire pour faire la sienne. Ce 1er \u00a0septembre le maire de Saint-Ismier Henri&hellip;\n","protected":false},"author":2,"featured_media":358132,"comment_status":"","ping_status":"","sticky":false,"template":"","format":"standard","meta":{"footnotes":""},"categories":[9566],"tags":[1111,11,2430,1984,113,4188,1777,674,1011,27,2731,108,6319,28171,12,316,25,26980],"class_list":{"0":"post-358131","1":"post","2":"type-post","3":"status-publish","4":"format-standard","5":"has-post-thumbnail","7":"category-grenoble","8":"tag-actu","9":"tag-actualites","10":"tag-auvergne-rhone-alpes","11":"tag-conseil-municipal","12":"tag-edition-gresivaudan-oisans","13":"tag-elections-municipales","14":"tag-eu","15":"tag-europe","16":"tag-fr","17":"tag-france","18":"tag-grenoble","19":"tag-isere","20":"tag-les-republicains","21":"tag-montbonnot-saint-martin-et-autour","22":"tag-news","23":"tag-politique","24":"tag-republique-francaise","25":"tag-saint-ismier"},"share_on_mastodon":{"url":"https:\/\/pubeurope.com\/@fr\/115128769179685170","error":""},"_links":{"self":[{"href":"https:\/\/www.europesays.com\/fr\/wp-json\/wp\/v2\/posts\/358131","targetHints":{"allow":["GET"]}}],"collection":[{"href":"https:\/\/www.europesays.com\/fr\/wp-json\/wp\/v2\/posts"}],"about":[{"href":"https:\/\/www.europesays.com\/fr\/wp-json\/wp\/v2\/types\/post"}],"author":[{"embeddable":true,"href":"https:\/\/www.europesays.com\/fr\/wp-json\/wp\/v2\/users\/2"}],"replies":[{"embeddable":true,"href":"https:\/\/www.europesays.com\/fr\/wp-json\/wp\/v2\/comments?post=358131"}],"version-history":[{"count":0,"href":"https:\/\/www.europesays.com\/fr\/wp-json\/wp\/v2\/posts\/358131\/revisions"}],"wp:featuredmedia":[{"embeddable":true,"href":"https:\/\/www.europesays.com\/fr\/wp-json\/wp\/v2\/media\/358132"}],"wp:attachment":[{"href":"https:\/\/www.europesays.com\/fr\/wp-json\/wp\/v2\/media?parent=358131"}],"wp:term":[{"taxonomy":"category","embeddable":true,"href":"https:\/\/www.europesays.com\/fr\/wp-json\/wp\/v2\/categories?post=358131"},{"taxonomy":"post_tag","embeddable":true,"href":"https:\/\/www.europesays.com\/fr\/wp-json\/wp\/v2\/tags?post=358131"}],"curies":[{"name":"wp","href":"https:\/\/api.w.org\/{rel}","templated":true}]}}