{"id":358133,"date":"2025-09-01T11:19:09","date_gmt":"2025-09-01T11:19:09","guid":{"rendered":"https:\/\/www.europesays.com\/fr\/358133\/"},"modified":"2025-09-01T11:19:09","modified_gmt":"2025-09-01T11:19:09","slug":"grenoble-un-boulanger-dans-un-etat-grave-apres-une-agression-au-couteau-en-pleine-rue","status":"publish","type":"post","link":"https:\/\/www.europesays.com\/fr\/358133\/","title":{"rendered":"Grenoble. Un boulanger dans un \u00e9tat grave apr\u00e8s une agression au couteau en pleine rue"},"content":{"rendered":"<p>            Par<br \/>\n        <strong><br \/>\n            <a href=\"https:\/\/actu.fr\/auteur\/lisa-rodrigues\" title=\"Consulter tous les articles de Lisa Rodrigues\" rel=\"nofollow noopener\" target=\"_blank\">Lisa Rodrigues<\/a><br \/>\n        <\/strong><\/p>\n<p>        Publi\u00e9 le<\/p>\n<p>            1 sept. 2025 \u00e0 13h02        <\/p>\n<p>Un boulanger grenoblois se trouve dans un \u00e9tat grave apr\u00e8s avoir \u00e9t\u00e9 victime d\u2019une <strong>agression au couteau<\/strong> en pleine rue, t\u00f4t lundi 1er septembre au matin, d\u2019apr\u00e8s une information du <a href=\"https:\/\/c.ledauphine.com\/faits-divers-justice\/2025\/09\/01\/un-boulanger-gravement-blesse-de-coups-de-couteau-au-thorax\" rel=\"nofollow noopener\" target=\"_blank\">Dauphin\u00e9 Lib\u00e9r\u00e9 <\/a>et confirm\u00e9e par la r\u00e9daction.\u00a0<\/p>\n<p class=\" wall-content\">Aux environs de 4h30 du matin, le boulanger, employ\u00e9 de la boulangerie Lenoir rue Amp\u00e8re \u00e0 <a href=\"https:\/\/actu.fr\/auvergne-rhone-alpes\/grenoble_38185\" rel=\"nofollow noopener\" target=\"_blank\">Grenoble<\/a>, surprend <strong>trois individus<\/strong> en train de se servir parmi les pains et viennoiseries \u00e0 travers une fen\u00eatre ouverte, alors que la boutique n\u2019est pas encore accessible aux clients.<\/p>\n<p>    <a href=\"https:\/\/www.google.com\/maps\/embed?pb=!1m18!1m12!1m3!1d702.9885355909445!2d5.70584856253956!3d45.18802452366201!2m3!1f0!2f0!3f0!3m2!1i1024!2i768!4f13.1!3m3!1m2!1s0x478af37c7bb17e83%3A0x227bf22a9523c444!2sBoulangerie%20P%C3%A2tisserie%20Traiteur%20-%20Maison%20Lenoir!5e0!3m2!1sfr!2sfr!4v1756724155974!5m2!1sfr!2sfr\" title=\"Ouvrie le lien\" rel=\"nofollow noopener\" target=\"_blank\">Cliquez ici pour visualiser le contenu<\/a><\/p>\n<p class=\" wall-content\">Le boulanger sort donc pour les r\u00e9primander. Les trois individus vont alors lui porter au moins <strong>deux coups de couteau<\/strong> au niveau du thorax.<\/p>\n<p>Les agresseurs en fuite<\/p>\n<p class=\" wall-content\">Alert\u00e9s, les secours arrivent rapidement sur les lieux pour porter secours au boulanger, dans un <strong>\u00e9tat grave<\/strong>.<\/p>\n<p class=\" wall-content\">Les trois agresseurs, eux, sont en fuite. Ils sont <strong>activement recherch\u00e9s<\/strong> par les forces de l\u2019ordre.<\/p>\n<p class=\" wall-content\">Une enqu\u00eate a \u00e9t\u00e9 ouverte.<\/p>\n<p class=\" wall-content\">Personnalisez votre actualit\u00e9 en ajoutant vos villes et m\u00e9dias en favori avec <a href=\"https:\/\/moncompte.actu.fr\" title=\"D\u00e9couvez Mon Actu\" rel=\"nofollow noopener\" data-trk=\"{&quot;cta&quot;:{&quot;action&quot;:&quot;https:\\\/\\\/moncompte.actu.fr&quot;,&quot;category&quot;:&quot;mon compte&quot;,&quot;from&quot;:&quot;article footer&quot;,&quot;name&quot;:&quot;Mon actu&quot;,&quot;type&quot;:&quot;cta&quot;}}\" target=\"_blank\">Mon Actu<\/a>.<\/p>\n","protected":false},"excerpt":{"rendered":"Par Lisa Rodrigues Publi\u00e9 le 1 sept. 2025 \u00e0 13h02 Un boulanger grenoblois se trouve dans un \u00e9tat&hellip;\n","protected":false},"author":2,"featured_media":358134,"comment_status":"","ping_status":"","sticky":false,"template":"","format":"standard","meta":{"footnotes":""},"categories":[9566],"tags":[1111,11,2430,215,1777,674,118,1011,27,2731,12,1072,25],"class_list":{"0":"post-358133","1":"post","2":"type-post","3":"status-publish","4":"format-standard","5":"has-post-thumbnail","7":"category-grenoble","8":"tag-actu","9":"tag-actualites","10":"tag-auvergne-rhone-alpes","11":"tag-commerce","12":"tag-eu","13":"tag-europe","14":"tag-faits-divers","15":"tag-fr","16":"tag-france","17":"tag-grenoble","18":"tag-news","19":"tag-police","20":"tag-republique-francaise"},"share_on_mastodon":{"url":"https:\/\/pubeurope.com\/@fr\/115128773147291026","error":""},"_links":{"self":[{"href":"https:\/\/www.europesays.com\/fr\/wp-json\/wp\/v2\/posts\/358133","targetHints":{"allow":["GET"]}}],"collection":[{"href":"https:\/\/www.europesays.com\/fr\/wp-json\/wp\/v2\/posts"}],"about":[{"href":"https:\/\/www.europesays.com\/fr\/wp-json\/wp\/v2\/types\/post"}],"author":[{"embeddable":true,"href":"https:\/\/www.europesays.com\/fr\/wp-json\/wp\/v2\/users\/2"}],"replies":[{"embeddable":true,"href":"https:\/\/www.europesays.com\/fr\/wp-json\/wp\/v2\/comments?post=358133"}],"version-history":[{"count":0,"href":"https:\/\/www.europesays.com\/fr\/wp-json\/wp\/v2\/posts\/358133\/revisions"}],"wp:featuredmedia":[{"embeddable":true,"href":"https:\/\/www.europesays.com\/fr\/wp-json\/wp\/v2\/media\/358134"}],"wp:attachment":[{"href":"https:\/\/www.europesays.com\/fr\/wp-json\/wp\/v2\/media?parent=358133"}],"wp:term":[{"taxonomy":"category","embeddable":true,"href":"https:\/\/www.europesays.com\/fr\/wp-json\/wp\/v2\/categories?post=358133"},{"taxonomy":"post_tag","embeddable":true,"href":"https:\/\/www.europesays.com\/fr\/wp-json\/wp\/v2\/tags?post=358133"}],"curies":[{"name":"wp","href":"https:\/\/api.w.org\/{rel}","templated":true}]}}