{"id":358135,"date":"2025-09-01T11:20:16","date_gmt":"2025-09-01T11:20:16","guid":{"rendered":"https:\/\/www.europesays.com\/fr\/358135\/"},"modified":"2025-09-01T11:20:16","modified_gmt":"2025-09-01T11:20:16","slug":"rennes-un-mega-chantier-demarre-sur-les-bords-de-la-vilaine","status":"publish","type":"post","link":"https:\/\/www.europesays.com\/fr\/358135\/","title":{"rendered":"Rennes. Un m\u00e9ga-chantier d\u00e9marre sur les bords de la Vilaine"},"content":{"rendered":"\n<p>C\u2019est un m\u00e9ga-chantier qui d\u00e9marre sur les bords de la Vilaine. La dalle b\u00e9ton du parking du m\u00eame nom qui recouvre le fleuve sur 270 m\u00e8tres doit \u00eatre d\u00e9truite. Des travaux qui s\u2019inscrivent dans un plan plus vaste de r\u00e9am\u00e9nagement des quais et de la place de la R\u00e9publique. La ville souhaite ainsi redonner cet espace aux pi\u00e9tons en y int\u00e9grant des pontons flottants, des jardins et pelouse. Une solution aussi pour abaisser la temp\u00e9rature du centre-ville l\u2019\u00e9t\u00e9.<\/p>\n<blockquote><p>\nComment va se d\u00e9rouler ce chantier ?\n<\/p><\/blockquote>\n<p>Apr\u00e8s une phase de pr\u00e9paration, les premiers coups de pelleteuses seront donn\u00e9s en octobre, et dureront jusqu\u2019au printemps. Une pelle sera install\u00e9e pour d\u00e9construire par grignotage la dalle.<\/p>\n<p>Ensuite, l\u2019op\u00e9ration la plus d\u00e9licate sera l\u2019\u00e9vacuation des 6 000 tonnes de b\u00e9ton, qui passeront par le fleuve, gr\u00e2ce \u00e0 une grue sur la place de Bretagne.<\/p>\n<p>Ce chantier autour de la Vilaine devrait s\u2019achever \u00e0 l\u2019\u00e9t\u00e9 2028.<\/p>\n","protected":false},"excerpt":{"rendered":"C\u2019est un m\u00e9ga-chantier qui d\u00e9marre sur les bords de la Vilaine. La dalle b\u00e9ton du parking du m\u00eame&hellip;\n","protected":false},"author":2,"featured_media":358136,"comment_status":"","ping_status":"","sticky":false,"template":"","format":"standard","meta":{"footnotes":""},"categories":[2821],"tags":[1111,11,829,4107,1777,674,1011,27,12,584,25,2086,7009],"class_list":{"0":"post-358135","1":"post","2":"type-post","3":"status-publish","4":"format-standard","5":"has-post-thumbnail","7":"category-rennes","8":"tag-actu","9":"tag-actualites","10":"tag-bretagne","11":"tag-chantier","12":"tag-eu","13":"tag-europe","14":"tag-fr","15":"tag-france","16":"tag-news","17":"tag-rennes","18":"tag-republique-francaise","19":"tag-travaux","20":"tag-vilaine"},"share_on_mastodon":{"url":"https:\/\/pubeurope.com\/@fr\/115128777032208050","error":""},"_links":{"self":[{"href":"https:\/\/www.europesays.com\/fr\/wp-json\/wp\/v2\/posts\/358135","targetHints":{"allow":["GET"]}}],"collection":[{"href":"https:\/\/www.europesays.com\/fr\/wp-json\/wp\/v2\/posts"}],"about":[{"href":"https:\/\/www.europesays.com\/fr\/wp-json\/wp\/v2\/types\/post"}],"author":[{"embeddable":true,"href":"https:\/\/www.europesays.com\/fr\/wp-json\/wp\/v2\/users\/2"}],"replies":[{"embeddable":true,"href":"https:\/\/www.europesays.com\/fr\/wp-json\/wp\/v2\/comments?post=358135"}],"version-history":[{"count":0,"href":"https:\/\/www.europesays.com\/fr\/wp-json\/wp\/v2\/posts\/358135\/revisions"}],"wp:featuredmedia":[{"embeddable":true,"href":"https:\/\/www.europesays.com\/fr\/wp-json\/wp\/v2\/media\/358136"}],"wp:attachment":[{"href":"https:\/\/www.europesays.com\/fr\/wp-json\/wp\/v2\/media?parent=358135"}],"wp:term":[{"taxonomy":"category","embeddable":true,"href":"https:\/\/www.europesays.com\/fr\/wp-json\/wp\/v2\/categories?post=358135"},{"taxonomy":"post_tag","embeddable":true,"href":"https:\/\/www.europesays.com\/fr\/wp-json\/wp\/v2\/tags?post=358135"}],"curies":[{"name":"wp","href":"https:\/\/api.w.org\/{rel}","templated":true}]}}