{"id":358137,"date":"2025-09-01T11:21:17","date_gmt":"2025-09-01T11:21:17","guid":{"rendered":"https:\/\/www.europesays.com\/fr\/358137\/"},"modified":"2025-09-01T11:21:17","modified_gmt":"2025-09-01T11:21:17","slug":"incroyable-retournement-de-situation-pour-breel-embolo","status":"publish","type":"post","link":"https:\/\/www.europesays.com\/fr\/358137\/","title":{"rendered":"incroyable retournement de situation pour Breel Embolo !"},"content":{"rendered":"<p>O\u00f9 jouera <a href=\"https:\/\/www.footmercato.net\/joueur\/breel-embolo\/\" rel=\"nofollow noopener\" target=\"_blank\">Breel Embolo<\/a> au cours de l\u2019exercice 2025-2026 ? Pour l\u2019heure difficile de le dire, tant ce dossier conna\u00eet de multiples rebondissements. Un temps pist\u00e9 par l\u2019AC Milan, l\u2019international suisse (77 s\u00e9lections, 18 buts) &#8211; qui veut quitter la cit\u00e9 mon\u00e9gasque cet \u00e9t\u00e9 et a longtemps esp\u00e9r\u00e9 rejoindre le Moyen-Orient &#8211; semblait finalement se diriger vers le Stade Rennais. <\/p>\n<p>            La suite apr\u00e8s cette publicit\u00e9<\/p>\n<p>En qu\u00eate de renforts offensifs apr\u00e8s le d\u00e9part d\u2019Arnaud Kalimuendo, le club breton a ainsi mis\u00e9 sur le buteur de 28 ans apr\u00e8s le recrutement d\u2019Est\u00e9ban Lepaul en provenance d\u2019Angers. Oui mais voil\u00e0, si un accord a \u00e9t\u00e9 trouv\u00e9 entre les deux clubs pour un montant avoisinant les 15 M\u20ac, le joueur ne s\u2019est finalement pas envol\u00e9 ce lundi matin en direction de la Bretagne, comme pr\u00e9vu.<\/p>\n<p>            La suite apr\u00e8s cette publicit\u00e9<\/p>\n<p>        Breel Embolo ne s\u2019est pas envol\u00e9 pour Rennes<\/p>\n<p>Auteur de 22 buts et 13 passes d\u00e9cisives en 89 matches toutes comp\u00e9titions confondues sur le Rocher, Breel Embolo patiente encore \u00e0 quelques heures de la fin du mercato estival. Un nouveau coup dur pour le SRFC qui voit donc l\u2019op\u00e9ration remise en cause, et ce quelques jours apr\u00e8s avoir \u00e9chou\u00e9 \u00e0 finaliser l\u2019arriv\u00e9e de l\u2019attaquant du Sporting, Conrad Harder. <\/p>\n<p>Si le transfert de l\u2019ancien avant-centre du Borussia M\u00f6nchengladbach \u00e0 <a href=\"https:\/\/www.footmercato.net\/club\/stade-rennais-fc\/\" rel=\"nofollow noopener\" target=\"_blank\">Rennes<\/a> reste encore possible, un rebondissement de derni\u00e8re minute reste malgr\u00e9 tout envisageable dans ce bouillant dossier, qui plus est \u00e0 l\u2019heure o\u00f9, selon nos derni\u00e8res informations, un autre club vient de se mettre dans la boucle pour tenter de rafler la mise. De son c\u00f4t\u00e9, Rennes pourrait r\u00e9activer Lucas Stassin, de m\u00eame que d\u2019autres pistes mises de c\u00f4t\u00e9. A suivre\u2026<\/p>\n<p>\n    Pub. le 01\/09\/2025 11:23<br \/>\n            &#8211; MAJ le 01\/09\/2025 13:20\n    <\/p>\n","protected":false},"excerpt":{"rendered":"O\u00f9 jouera Breel Embolo au cours de l\u2019exercice 2025-2026 ? Pour l\u2019heure difficile de le dire, tant ce&hellip;\n","protected":false},"author":2,"featured_media":358138,"comment_status":"","ping_status":"","sticky":false,"template":"","format":"standard","meta":{"footnotes":""},"categories":[2821],"tags":[1111,11,829,1777,674,1011,27,12,584,25],"class_list":{"0":"post-358137","1":"post","2":"type-post","3":"status-publish","4":"format-standard","5":"has-post-thumbnail","7":"category-rennes","8":"tag-actu","9":"tag-actualites","10":"tag-bretagne","11":"tag-eu","12":"tag-europe","13":"tag-fr","14":"tag-france","15":"tag-news","16":"tag-rennes","17":"tag-republique-francaise"},"share_on_mastodon":{"url":"https:\/\/pubeurope.com\/@fr\/115128781080733339","error":""},"_links":{"self":[{"href":"https:\/\/www.europesays.com\/fr\/wp-json\/wp\/v2\/posts\/358137","targetHints":{"allow":["GET"]}}],"collection":[{"href":"https:\/\/www.europesays.com\/fr\/wp-json\/wp\/v2\/posts"}],"about":[{"href":"https:\/\/www.europesays.com\/fr\/wp-json\/wp\/v2\/types\/post"}],"author":[{"embeddable":true,"href":"https:\/\/www.europesays.com\/fr\/wp-json\/wp\/v2\/users\/2"}],"replies":[{"embeddable":true,"href":"https:\/\/www.europesays.com\/fr\/wp-json\/wp\/v2\/comments?post=358137"}],"version-history":[{"count":0,"href":"https:\/\/www.europesays.com\/fr\/wp-json\/wp\/v2\/posts\/358137\/revisions"}],"wp:featuredmedia":[{"embeddable":true,"href":"https:\/\/www.europesays.com\/fr\/wp-json\/wp\/v2\/media\/358138"}],"wp:attachment":[{"href":"https:\/\/www.europesays.com\/fr\/wp-json\/wp\/v2\/media?parent=358137"}],"wp:term":[{"taxonomy":"category","embeddable":true,"href":"https:\/\/www.europesays.com\/fr\/wp-json\/wp\/v2\/categories?post=358137"},{"taxonomy":"post_tag","embeddable":true,"href":"https:\/\/www.europesays.com\/fr\/wp-json\/wp\/v2\/tags?post=358137"}],"curies":[{"name":"wp","href":"https:\/\/api.w.org\/{rel}","templated":true}]}}