{"id":358143,"date":"2025-09-01T11:28:39","date_gmt":"2025-09-01T11:28:39","guid":{"rendered":"https:\/\/www.europesays.com\/fr\/358143\/"},"modified":"2025-09-01T11:28:39","modified_gmt":"2025-09-01T11:28:39","slug":"menace-au-couteau-il-saute-du-dixieme-etage-dun-immeuble","status":"publish","type":"post","link":"https:\/\/www.europesays.com\/fr\/358143\/","title":{"rendered":"menac\u00e9 au couteau, il saute du dixi\u00e8me \u00e9tage d&rsquo;un immeuble"},"content":{"rendered":"<p>            Par<br \/>\n        <strong><br \/>\n            <a href=\"https:\/\/actu.fr\/auteur\/jm-aubert\" title=\"Consulter tous les articles de Jean-Marc Aubert\" rel=\"nofollow noopener\" target=\"_blank\">Jean-Marc Aubert<\/a><br \/>\n        <\/strong><\/p>\n<p>        Publi\u00e9 le<\/p>\n<p>            1 sept. 2025 \u00e0 7h56<br \/>\n        ; mis \u00e0 jour le 1 sept. 2025 \u00e0 11h53    <\/p>\n<p>\/ INFO M\u00c9TROPOLITAIN \/<\/p>\n<p class=\" wall-content\">Un homme \u00e2g\u00e9 de 26 ans <strong>menac\u00e9 au couteau par trois individus<\/strong>\u00a0qui ont surgi dans un appartement d\u2019une r\u00e9sidence de la Mosson, \u00e0<strong> Montpellier<\/strong> a saut\u00e9 du 10\u00e8me \u00e9tage, sous les yeux de sa concubine. Il est gri\u00e8vement bless\u00e9, les auteurs sont en fuite.<\/p>\n<p>    <a href=\"https:\/\/www.google.com\/maps\/embed?pb=!1m18!1m12!1m3!1d4659.462643292318!2d3.815027733591407!3d43.6234866442981!2m3!1f0!2f0!3f0!3m2!1i1024!2i768!4f13.1!3m3!1m2!1s0x12b6ac25a5d999b3%3A0x20cd269de1509074!2sAv.%20de%20Barcelone%2C%2034080%20Montpellier!5e0!3m2!1sfr!2sfr!4v1756706045018!5m2!1sfr!2sfr\" title=\"Ouvrie le lien\" rel=\"nofollow noopener\" target=\"_blank\">Cliquez ici pour visualiser le contenu<\/a><\/p>\n<p class=\" wall-content\">Vers 1h30, le couple se trouvait dans le logement de la r\u00e9sidence Plein Ciel, avenue de Barcelone, quand trois individus arm\u00e9s d\u2019un couteau ont fait irruption. Affol\u00e9, le locataire s\u2019est d\u00e9fenestr\u00e9 du 10\u00e8me \u00e9tage, tandis que les agresseurs prenaient la fuite. Sa spectaculaire chute d\u2019une trentaine de m\u00e8tres a \u00e9t\u00e9 amortie par un arbre. Il parvenait \u00e0 se relever, mais, gri\u00e8vement bless\u00e9, il s\u2019\u00e9croulait dans la rue, un peu plus loin, tandis que sa concubine, t\u00e9tanis\u00e9e, donnait l\u2019alerte.<\/p>\n<p class=\" wall-content\">\u00c0 l\u2019arriv\u00e9e des sapeurs-pompiers du <strong>Sdis 34<\/strong> et d\u2019une \u00e9quipe du Smur-Samu, la victime \u00e9tait prise en charge et transport\u00e9e au d\u00e9partement anesth\u00e9sie r\u00e9animation -DAR A- au CHU. Le pronostic vital n\u2019est pas engag\u00e9, selon nos informations. Un v\u00e9ritable miracul\u00e9.<\/p>\n<p class=\" wall-content\">Les enqu\u00eateurs du <strong>Service local de police judiciaire<\/strong> -Slpj- du commissariat central m\u00e8nent les investigations pour identifier les trois agresseurs, qui ont \u00e9pargn\u00e9 la compagne du vingtenaire et \u00e9tablir le mobile. L\u2019un des trois individus recherch\u00e9s serait un parent de la concubine\u2026<\/p>\n<p>Vid\u00e9os : en ce moment sur Actu<\/p>\n<p class=\" wall-content\">L\u2019hypoth\u00e8se, un temps \u00e9voqu\u00e9 cette nuit, que le vingtenaire ait \u00e9t\u00e9 neutralis\u00e9 par le trio et volontairement jet\u00e9 par la fen\u00eatre semble \u00e9cart\u00e9e ce lundi matin. L\u2019enqu\u00eate qui vise le crime de <strong>tentative d\u2019homicide volontaire<\/strong> est supervis\u00e9e par le procureur de la R\u00e9publique de Montpellier.<\/p>\n<p class=\" wall-content\">Personnalisez votre actualit\u00e9 en ajoutant vos villes et m\u00e9dias en favori avec <a href=\"https:\/\/moncompte.actu.fr\" title=\"D\u00e9couvez Mon Actu\" rel=\"nofollow noopener\" data-trk=\"{&quot;cta&quot;:{&quot;action&quot;:&quot;https:\\\/\\\/moncompte.actu.fr&quot;,&quot;category&quot;:&quot;mon compte&quot;,&quot;from&quot;:&quot;article footer&quot;,&quot;name&quot;:&quot;Mon actu&quot;,&quot;type&quot;:&quot;cta&quot;}}\" target=\"_blank\">Mon Actu<\/a>.<\/p>\n","protected":false},"excerpt":{"rendered":"Par Jean-Marc Aubert Publi\u00e9 le 1 sept. 2025 \u00e0 7h56 ; mis \u00e0 jour le 1 sept. 2025&hellip;\n","protected":false},"author":2,"featured_media":358144,"comment_status":"","ping_status":"","sticky":false,"template":"","format":"standard","meta":{"footnotes":""},"categories":[9599],"tags":[1111,11,1777,674,118,1011,27,303,2208,12,2680,1072,25],"class_list":{"0":"post-358143","1":"post","2":"type-post","3":"status-publish","4":"format-standard","5":"has-post-thumbnail","7":"category-montpellier","8":"tag-actu","9":"tag-actualites","10":"tag-eu","11":"tag-europe","12":"tag-faits-divers","13":"tag-fr","14":"tag-france","15":"tag-justice","16":"tag-montpellier","17":"tag-news","18":"tag-occitanie","19":"tag-police","20":"tag-republique-francaise"},"share_on_mastodon":{"url":"","error":""},"_links":{"self":[{"href":"https:\/\/www.europesays.com\/fr\/wp-json\/wp\/v2\/posts\/358143","targetHints":{"allow":["GET"]}}],"collection":[{"href":"https:\/\/www.europesays.com\/fr\/wp-json\/wp\/v2\/posts"}],"about":[{"href":"https:\/\/www.europesays.com\/fr\/wp-json\/wp\/v2\/types\/post"}],"author":[{"embeddable":true,"href":"https:\/\/www.europesays.com\/fr\/wp-json\/wp\/v2\/users\/2"}],"replies":[{"embeddable":true,"href":"https:\/\/www.europesays.com\/fr\/wp-json\/wp\/v2\/comments?post=358143"}],"version-history":[{"count":0,"href":"https:\/\/www.europesays.com\/fr\/wp-json\/wp\/v2\/posts\/358143\/revisions"}],"wp:featuredmedia":[{"embeddable":true,"href":"https:\/\/www.europesays.com\/fr\/wp-json\/wp\/v2\/media\/358144"}],"wp:attachment":[{"href":"https:\/\/www.europesays.com\/fr\/wp-json\/wp\/v2\/media?parent=358143"}],"wp:term":[{"taxonomy":"category","embeddable":true,"href":"https:\/\/www.europesays.com\/fr\/wp-json\/wp\/v2\/categories?post=358143"},{"taxonomy":"post_tag","embeddable":true,"href":"https:\/\/www.europesays.com\/fr\/wp-json\/wp\/v2\/tags?post=358143"}],"curies":[{"name":"wp","href":"https:\/\/api.w.org\/{rel}","templated":true}]}}