{"id":358145,"date":"2025-09-01T11:29:13","date_gmt":"2025-09-01T11:29:13","guid":{"rendered":"https:\/\/www.europesays.com\/fr\/358145\/"},"modified":"2025-09-01T11:29:13","modified_gmt":"2025-09-01T11:29:13","slug":"nice-cetait-quoi-tous-ces-bateaux-apercus-au-large-de-la-promenade-des-anglais","status":"publish","type":"post","link":"https:\/\/www.europesays.com\/fr\/358145\/","title":{"rendered":"Nice. C&rsquo;\u00e9tait quoi tous ces bateaux aper\u00e7us au large de la promenade des Anglais\u00a0?"},"content":{"rendered":"<p>            Par<br \/>\n        <strong><br \/>\n            <a href=\"https:\/\/actu.fr\/auteur\/manon-reinhardt\" title=\"Consulter tous les articles de Manon Reinhardt\" target=\"_blank\" rel=\"noopener\">Manon Reinhardt<\/a><br \/>\n        <\/strong><\/p>\n<p>        Publi\u00e9 le<\/p>\n<p>            1 sept. 2025 \u00e0 12h08        <\/p>\n<p>Un beau spectacle sous un soleil de fin d\u2019\u00e9t\u00e9. Ce dernier week-end d\u2019ao\u00fbt,<strong> plusieurs grands voiliers<\/strong> ont pris d\u2019assaut le quai Infernet dans le quartier du port de <a href=\"https:\/\/actu.fr\/provence-alpes-cote-d-azur\/nice_06088\" target=\"_blank\" rel=\"noopener\">Nice<\/a> (<a href=\"https:\/\/actu.fr\/provence-alpes-cote-d-azur\/alpes-maritimes_06\" target=\"_blank\" rel=\"noopener\">Alpes-Maritimes<\/a>). Ils ont navigu\u00e9 dans la Baie des Anges et ont in\u00e9vitablement attir\u00e9 l\u2019attention des passants. Mais de quoi s\u2019agissait-il exactement\u2009? On vous explique.<\/p>\n<p>The Ocean Race Europe \u00e9tait \u00e0 Nice<\/p>\n<p class=\" wall-content\">Ils ne sont pas pass\u00e9s inaper\u00e7us. De grands voiliers ont anim\u00e9 la Baie des Anges lors de ce dernier week-end d\u2019ao\u00fbt. Ils \u00e9taient stationn\u00e9s dans le port de Nice, au niveau du quai Infernet, o\u00f9 un village d\u2019animations \u00e9tait install\u00e9. Il s\u2019agissait en fait d\u2019un <strong>\u00e9v\u00e9nement sportif international\u2009<\/strong>: The Ocean Race Europe, une course de voiliers par \u00e9tapes.<\/p>\n<p class=\" wall-content\">\n<p class=\" wall-content\">La cit\u00e9 azur\u00e9enne accueillait, du 29 au 31\u00a0ao\u00fbt, l\u2019unique escale en France de la comp\u00e9tition. Au total, sept \u00e9quipes participent \u00e0 cette grande course, dont dix skippers du c\u00e9l\u00e8bre Vend\u00e9e Globe. Le grand d\u00e9part avait \u00e9t\u00e9 donn\u00e9 le 10\u00a0ao\u00fbt dernier \u00e0 Kiel en Allemagne.<\/p>\n<p class=\" wall-content\">Arriv\u00e9s \u00e0 Nice vendredi matin, les voiliers venaient de Cartagh\u00e8ne, en Espagne. Ils se dirigent d\u00e9sormais vers G\u00eanes, en Italie. Et finiront leur course au <strong>Mont\u00e9n\u00e9gro<\/strong>, le 21\u00a0septembre prochain.<\/p>\n<p>    <img   decoding=\"async\" loading=\"lazy\" src=\"https:\/\/www.europesays.com\/fr\/wp-content\/uploads\/2025\/09\/ocean-race-europe-nice-960x640.jpg\" alt=\"Plusieurs grands voiliers ont \u00e9t\u00e9 aper\u00e7us dans la Baie des Anges, ce week-end du 30 ao\u00fbt 2025 \u00e0 Nice.\" width=\"960\" height=\"640\"\/><br \/>\n    Plusieurs grands voiliers ont \u00e9t\u00e9 vus dans la Baie des Anges, ce week-end du 30\u00a0ao\u00fbt 2025 \u00e0 Nice. (\u00a9Monique In\u00e8s \/ DR)D\u00e9couverte des bateaux, simulateur\u2026<\/p>\n<p class=\" wall-content\">Le port de Nice a vibr\u00e9 au rythme des animations organis\u00e9es dans le cadre de la comp\u00e9tition. Un <strong>\u00ab\u2009Ocean Vibe Park\u2009\u00bb<\/strong> a \u00e9t\u00e9 install\u00e9 tout le week-end, o\u00f9 un programme complet \u00e9tait propos\u00e9 au grand public\u2009: d\u00e9couverte des bateaux, sensibilisation \u00e0 la pollution marine, animations musicales, simulateur de conduite d\u2019un voilier\u2026<\/p>\n<p>    <a href=\"https:\/\/www.facebook.com\/plugins\/post.php?href=https%3A%2F%2Fwww.facebook.com%2Fportdenice%2Fposts%2Fpfbid02fPKnuJpHXPTZtmeiFAoh4qkAjzXa18Xios2xnA9CEugTvDuQsRUUq3Ksv2RvFQwGl&amp;show_text=true&amp;width=350\" title=\"Ouvrie le lien\" target=\"_blank\" rel=\"noopener\">Cliquez ici pour visualiser le contenu<\/a><\/p>\n<p>Votre r\u00e9gion, votre actu !<\/p>\n<p>Recevez chaque jour les infos qui comptent pour vous.<\/p>\n<p>\t<a href=\"https:\/\/actu.fr\/newsletter\" class=\"ac-btn ac-btn--corner ac-btn--medium ac-btn--blue800\" target=\"_blank\" rel=\"noopener\">S&rsquo;incrire<\/a><\/p>\n<p class=\" wall-content\">Les bateaux se sont pr\u00eat\u00e9s au jeu de la parade nautique ce samedi, au large de la promenade des Anglais, avant de repartir lors du d\u00e9part d\u2019\u00e9tape ce dimanche 31\u00a0ao\u00fbt. Ils \u00e9taient \u00e9galement visibles depuis <strong>la principaut\u00e9 de Monaco<\/strong>.<\/p>\n<p class=\" wall-content\">En juin dernier, Nice avait re\u00e7u <a href=\"https:\/\/actu.fr\/provence-alpes-cote-d-azur\/nice_06088\/sommet-des-oceans-a-nice-a-quoi-ressemble-le-port-interdit-au-public_62748633.html\" target=\"_blank\" rel=\"noopener\">la 3e conf\u00e9rence des Nations Unies sur l\u2019oc\u00e9an<\/a> (UNOC).<\/p>\n<p class=\" wall-content\">Personnalisez votre actualit\u00e9 en ajoutant vos villes et m\u00e9dias en favori avec <a href=\"https:\/\/moncompte.actu.fr\" title=\"D\u00e9couvez Mon Actu\" rel=\"nofollow noopener\" data-trk=\"{&quot;cta&quot;:{&quot;action&quot;:&quot;https:\\\/\\\/moncompte.actu.fr&quot;,&quot;category&quot;:&quot;mon compte&quot;,&quot;from&quot;:&quot;article footer&quot;,&quot;name&quot;:&quot;Mon actu&quot;,&quot;type&quot;:&quot;cta&quot;}}\" target=\"_blank\">Mon Actu<\/a>.<\/p>\n","protected":false},"excerpt":{"rendered":"Par Manon Reinhardt Publi\u00e9 le 1 sept. 2025 \u00e0 12h08 Un beau spectacle sous un soleil de fin&hellip;\n","protected":false},"author":2,"featured_media":358146,"comment_status":"","ping_status":"","sticky":false,"template":"","format":"standard","meta":{"footnotes":""},"categories":[2819],"tags":[1111,11,1777,674,1011,27,12,2401,2897,882,25,60,15103],"class_list":{"0":"post-358145","1":"post","2":"type-post","3":"status-publish","4":"format-standard","5":"has-post-thumbnail","7":"category-nice","8":"tag-actu","9":"tag-actualites","10":"tag-eu","11":"tag-europe","12":"tag-fr","13":"tag-france","14":"tag-news","15":"tag-nice","16":"tag-nice-cote-dazur","17":"tag-provence-alpes-cote-dazur","18":"tag-republique-francaise","19":"tag-sports","20":"tag-sports-nautiques"},"share_on_mastodon":{"url":"https:\/\/pubeurope.com\/@fr\/115128812693387411","error":""},"_links":{"self":[{"href":"https:\/\/www.europesays.com\/fr\/wp-json\/wp\/v2\/posts\/358145","targetHints":{"allow":["GET"]}}],"collection":[{"href":"https:\/\/www.europesays.com\/fr\/wp-json\/wp\/v2\/posts"}],"about":[{"href":"https:\/\/www.europesays.com\/fr\/wp-json\/wp\/v2\/types\/post"}],"author":[{"embeddable":true,"href":"https:\/\/www.europesays.com\/fr\/wp-json\/wp\/v2\/users\/2"}],"replies":[{"embeddable":true,"href":"https:\/\/www.europesays.com\/fr\/wp-json\/wp\/v2\/comments?post=358145"}],"version-history":[{"count":0,"href":"https:\/\/www.europesays.com\/fr\/wp-json\/wp\/v2\/posts\/358145\/revisions"}],"wp:featuredmedia":[{"embeddable":true,"href":"https:\/\/www.europesays.com\/fr\/wp-json\/wp\/v2\/media\/358146"}],"wp:attachment":[{"href":"https:\/\/www.europesays.com\/fr\/wp-json\/wp\/v2\/media?parent=358145"}],"wp:term":[{"taxonomy":"category","embeddable":true,"href":"https:\/\/www.europesays.com\/fr\/wp-json\/wp\/v2\/categories?post=358145"},{"taxonomy":"post_tag","embeddable":true,"href":"https:\/\/www.europesays.com\/fr\/wp-json\/wp\/v2\/tags?post=358145"}],"curies":[{"name":"wp","href":"https:\/\/api.w.org\/{rel}","templated":true}]}}