{"id":358166,"date":"2025-09-01T11:40:17","date_gmt":"2025-09-01T11:40:17","guid":{"rendered":"https:\/\/www.europesays.com\/fr\/358166\/"},"modified":"2025-09-01T11:40:17","modified_gmt":"2025-09-01T11:40:17","slug":"marseille-active-la-piste-manuel-akanji","status":"publish","type":"post","link":"https:\/\/www.europesays.com\/fr\/358166\/","title":{"rendered":"Marseille active la piste Manuel Akanji"},"content":{"rendered":"<p style=\"text-align: justify;\"><strong>TRANSFERTS \u2013 Selon Gola TV, l\u2019Olympique de Marseille a pris des renseignements pour recruter Manuel Akanji (Manchester City)<\/strong>.<strong><br \/><\/strong><\/p>\n<p style=\"text-align: justify;\"><strong>Pablo<\/strong> <strong>Longoria<\/strong> et <strong>Medhi<\/strong> <strong>Benatia<\/strong> ont acc\u00e9l\u00e9r\u00e9 le mercato ces derni\u00e8res heures et viennent notamment de boucler le recrutement de <strong>Nayef<\/strong> <strong>Aguerd<\/strong> pour renforcer la d\u00e9fense. Le Marocain est arriv\u00e9 ce matin \u00e0 Marseille et il ne devrait pas \u00eatre la derni\u00e8re recrue de l\u2019OM \u00e0 ce poste. Les Phoc\u00e9ens visaient <strong>Lutsharel<\/strong> <strong>Geertruida<\/strong> mais la piste s\u2019est refroidie.<\/p>\n<p><a href=\"https:\/\/dicodusport.fr\/blog\/ligue-1-2025-2026-j3-avec-solidite-patience-et-opportunisme-lol-a-fini-par-dominer-lom\/\" class=\"vlp-link\" title=\"Ligue 1 2025\/2026 (J3) : Avec solidit\u00e9, patience et opportunisme, l\u2019OL a fini par dominer l\u2019OM\" rel=\"nofollow noopener\" target=\"_blank\"><img loading=\"lazy\" decoding=\"async\" style=\"max-width: 792px;\" width=\"792\" height=\"445\" class=\"attachment-800x445 size-800x445 perfmatters-lazy\" alt=\"Ligue 1 20252026 (J3) Avec solidit\u00e9, patience et opportunisme, l\u2019OL a fini par dominer l\u2019OM\" src=\"https:\/\/www.europesays.com\/fr\/wp-content\/uploads\/2025\/09\/Ligue-1-20252026-J3-Avec-solidite-patience-et-opportunisme-lOL-a-fini-par-dominer-lOM-1.png\"  data-\/><\/p>\n<p>Ligue 1 2025\/2026 (J3) : Avec solidit\u00e9, patience et opportunisme, l\u2019OL a fini par dominer l\u2019OM<\/p>\n<p>LIGUE 1 2025-2026 &#8211; L\u2019Olympique Lyonnais s\u2019impose dans le premier Olympico de la saison. R\u00e9duit \u00e0 dix, l\u2019OM c\u00e8de 1-0 et laisse l\u2019OL reprendre la t\u00eate de la Ligue 1.<\/p>\n<p>Lire l&rsquo;article<\/p>\n<p>dicodusport.fr<\/p>\n<p>Manuel Akanji pist\u00e9 par l\u2019OM<\/p>\n<p style=\"text-align: justify;\">Les dirigeants olympiens sont donc de nouveau sur le march\u00e9 pour trouver un d\u00e9fenseur central. Selon nos confr\u00e8res, l\u2019<strong>Olympique de Marseille<\/strong> a pris contact avec <strong>Manchester<\/strong> <strong>City<\/strong> pour conna\u00eetre les conditions d\u2019un transfert de <strong>Manuel<\/strong> <strong>Akanji<\/strong>. Le d\u00e9fenseur suisse de 30 ans n\u2019est plus dans les plans de <strong>Pep<\/strong> <strong>Guradiola<\/strong> et cherche une porte de sortie.<\/p>\n<p style=\"text-align: justify;\">Manchester City a trouv\u00e9 un accord avec <strong>Galatasaray<\/strong> mais <strong>Manuel<\/strong> <strong>Akanji<\/strong> a pour le moment pas accept\u00e9 l\u2019offre du club turc. L\u2019<strong>Olympique de Marseille<\/strong> a donc une chance de s\u2019immiscer dans ce dossier mais le salaire du joueur de 30 ans pourrait \u00eatre un probl\u00e8me pour le club de <strong>Ligue<\/strong> <strong>1<\/strong>.<\/p>\n<p><a href=\"https:\/\/dicodusport.fr\/blog\/mercato-om-2025-2026-le-tableau-complet-des-transferts-arrivees-et-departs\/\" class=\"vlp-link\" title=\"Mercato OM 2025-2026 : Le tableau complet des transferts, arriv\u00e9es et d\u00e9parts\" rel=\"nofollow noopener\" target=\"_blank\"><img loading=\"lazy\" decoding=\"async\" style=\"max-width: 792px;\" width=\"792\" height=\"445\" class=\"attachment-800x445 size-800x445 perfmatters-lazy\" alt=\"Mercato OM 2025-2026 Le tableau complet des transferts, arriv\u00e9es et d\u00e9parts\" src=\"https:\/\/www.europesays.com\/fr\/wp-content\/uploads\/2025\/08\/Mercato-OM-2025-2026-Le-tableau-complet-des-transferts-arrivees-et-departs.png\"  data-\/><\/p>\n<p>Mercato OM 2025-2026 : Le tableau complet des transferts, arriv\u00e9es et d\u00e9parts<\/p>\n<p>TRANSFERTS OM &#8211; Retrouvez tous les mouvements de l&rsquo;Olympique de Marseille pour l&rsquo;intersaison 2025 en Ligue 1. Arriv\u00e9es, d\u00e9part, pr\u00eats, transferts d\u00e9finitifs, ne ratez rien du mercato estival.\u00a0<\/p>\n<p>Lire l&rsquo;article<\/p>\n<p>dicodusport.fr<\/p>\n","protected":false},"excerpt":{"rendered":"TRANSFERTS \u2013 Selon Gola TV, l\u2019Olympique de Marseille a pris des renseignements pour recruter Manuel Akanji (Manchester City).&hellip;\n","protected":false},"author":2,"featured_media":358167,"comment_status":"","ping_status":"","sticky":false,"template":"","format":"standard","meta":{"footnotes":"","_share_on_mastodon":"0"},"categories":[2814],"tags":[1111,11,2113,1777,674,1011,27,884,12,882,25,48444],"class_list":["post-358166","post","type-post","status-publish","format-standard","has-post-thumbnail","category-marseille","tag-actu","tag-actualites","tag-breve","tag-eu","tag-europe","tag-fr","tag-france","tag-marseille","tag-news","tag-provence-alpes-cote-dazur","tag-republique-francaise","tag-transferts-om"],"share_on_mastodon":{"url":"https:\/\/pubeurope.com\/@fr\/115128855856074004","error":""},"_links":{"self":[{"href":"https:\/\/www.europesays.com\/fr\/wp-json\/wp\/v2\/posts\/358166","targetHints":{"allow":["GET"]}}],"collection":[{"href":"https:\/\/www.europesays.com\/fr\/wp-json\/wp\/v2\/posts"}],"about":[{"href":"https:\/\/www.europesays.com\/fr\/wp-json\/wp\/v2\/types\/post"}],"author":[{"embeddable":true,"href":"https:\/\/www.europesays.com\/fr\/wp-json\/wp\/v2\/users\/2"}],"replies":[{"embeddable":true,"href":"https:\/\/www.europesays.com\/fr\/wp-json\/wp\/v2\/comments?post=358166"}],"version-history":[{"count":0,"href":"https:\/\/www.europesays.com\/fr\/wp-json\/wp\/v2\/posts\/358166\/revisions"}],"wp:featuredmedia":[{"embeddable":true,"href":"https:\/\/www.europesays.com\/fr\/wp-json\/wp\/v2\/media\/358167"}],"wp:attachment":[{"href":"https:\/\/www.europesays.com\/fr\/wp-json\/wp\/v2\/media?parent=358166"}],"wp:term":[{"taxonomy":"category","embeddable":true,"href":"https:\/\/www.europesays.com\/fr\/wp-json\/wp\/v2\/categories?post=358166"},{"taxonomy":"post_tag","embeddable":true,"href":"https:\/\/www.europesays.com\/fr\/wp-json\/wp\/v2\/tags?post=358166"}],"curies":[{"name":"wp","href":"https:\/\/api.w.org\/{rel}","templated":true}]}}