{"id":358185,"date":"2025-09-01T11:50:16","date_gmt":"2025-09-01T11:50:16","guid":{"rendered":"https:\/\/www.europesays.com\/fr\/358185\/"},"modified":"2025-09-01T11:50:16","modified_gmt":"2025-09-01T11:50:16","slug":"face-aux-drones-lessor-des-robots-terrestres-pour-remedier-au-manque-deffectifs","status":"publish","type":"post","link":"https:\/\/www.europesays.com\/fr\/358185\/","title":{"rendered":"face aux drones, l\u2019essor des robots terrestres pour rem\u00e9dier au manque d\u2019effectifs"},"content":{"rendered":"\n<p class=\"article__paragraph article__paragraph--lf \">Sous le ciel infest\u00e9 de drones ennemis le long de la ligne de front entre l\u2019Ukraine et la Russie, la fonction de chauffeur est devenue la plus risqu\u00e9e. \u00ab\u00a0Parmi mes hommes, je choisis les moins dou\u00e9s et les moins utiles pour ravitailler nos premi\u00e8res lignes\u00a0\u00bb, confiait r\u00e9cemment un commandant de bataillon ukrainien.<\/p>\n<p class=\"article__paragraph article__paragraph--lf \">En manque de soldats, l\u2019arm\u00e9e ukrainienne d\u00e9ploie massivement depuis cet \u00e9t\u00e9 des v\u00e9hicules terrestres sans pilote (VTSP) dans un th\u00e9\u00e2tre de guerre o\u00f9 la logistique adverse constitue une cible prioritaire, comme en t\u00e9moignent les routes d\u2019approvisionnement obstru\u00e9es par des v\u00e9hicules d\u00e9truits. Les rapides progr\u00e8s des drones de combat tactiques (appel\u00e9s aussi munitions r\u00f4deuses ou FPV) leur permettent d\u2019\u00e9largir la \u00ab\u00a0zone de mort\u00a0\u00bb, jusqu\u2019\u00e0 plusieurs dizaines de kilom\u00e8tres derri\u00e8re les lignes ennemies.<\/p>\n<p class=\"article__paragraph article__paragraph--lf \">L\u2019avantage du VTSP, outre qu\u2019il \u00e9conomise la vie d\u2019un chauffeur, est sa furtivit\u00e9, du fait de sa taille r\u00e9duite et de son moteur \u00e9lectrique. Alors que l\u2019arsenal \u00e9volue rapidement depuis trois ans et demi, les robots terrestres peuvent-ils avoir un impact sur le cours des \u00e9v\u00e9nements\u00a0?<\/p>\n<p>                  Des syst\u00e8mes complexes                  <\/p>\n<p class=\"article__paragraph article__paragraph--lf \">\u00ab\u00a0Si nous d\u00e9veloppons les VTSP plus rapidement que l\u2019ennemi, nous pourrons reprendre l\u2019initiative de la guerre comme nous l\u2019avons fait pendant les six premiers mois de 2023, lorsque nous d\u00e9truisions syst\u00e9matiquement les assauts blind\u00e9s russes \u00e0 l\u2019aide de drones\u00a0\u00bb, croit Anton, commandant d\u2019une compagnie VTSP au sein de la brigade Roubij (qui n\u2019est pas autoris\u00e9 \u00e0 donner son nom de famille comme les autres militaires cit\u00e9s). Ce grand brun massif de 26\u00a0ans fait visiter l\u2019atelier de la compagnie, o\u00f9 une dizaine de VTSP sont perfectionn\u00e9s pour divers types de missions\u00a0: logistique (ravitaillement des positions avanc\u00e9es avec des vivres, de l\u2019eau, des munitions, des accumulateurs), \u00e9vacuation m\u00e9dicale, pose de mines, reconnaissance et attaque-suicide.<\/p>\n<p class=\"reading-mode-only \"><strong>Il vous reste 76.31% de cet article \u00e0 lire. La suite est r\u00e9serv\u00e9e aux abonn\u00e9s.<\/strong><\/p>\n","protected":false},"excerpt":{"rendered":"Sous le ciel infest\u00e9 de drones ennemis le long de la ligne de front entre l\u2019Ukraine et la&hellip;\n","protected":false},"author":2,"featured_media":358186,"comment_status":"","ping_status":"","sticky":false,"template":"","format":"standard","meta":{"footnotes":""},"categories":[1590],"tags":[11,1777,674,12,220],"class_list":{"0":"post-358185","1":"post","2":"type-post","3":"status-publish","4":"format-standard","5":"has-post-thumbnail","7":"category-ukraine","8":"tag-actualites","9":"tag-eu","10":"tag-europe","11":"tag-news","12":"tag-ukraine"},"share_on_mastodon":{"url":"https:\/\/pubeurope.com\/@fr\/115128895037511026","error":""},"_links":{"self":[{"href":"https:\/\/www.europesays.com\/fr\/wp-json\/wp\/v2\/posts\/358185","targetHints":{"allow":["GET"]}}],"collection":[{"href":"https:\/\/www.europesays.com\/fr\/wp-json\/wp\/v2\/posts"}],"about":[{"href":"https:\/\/www.europesays.com\/fr\/wp-json\/wp\/v2\/types\/post"}],"author":[{"embeddable":true,"href":"https:\/\/www.europesays.com\/fr\/wp-json\/wp\/v2\/users\/2"}],"replies":[{"embeddable":true,"href":"https:\/\/www.europesays.com\/fr\/wp-json\/wp\/v2\/comments?post=358185"}],"version-history":[{"count":0,"href":"https:\/\/www.europesays.com\/fr\/wp-json\/wp\/v2\/posts\/358185\/revisions"}],"wp:featuredmedia":[{"embeddable":true,"href":"https:\/\/www.europesays.com\/fr\/wp-json\/wp\/v2\/media\/358186"}],"wp:attachment":[{"href":"https:\/\/www.europesays.com\/fr\/wp-json\/wp\/v2\/media?parent=358185"}],"wp:term":[{"taxonomy":"category","embeddable":true,"href":"https:\/\/www.europesays.com\/fr\/wp-json\/wp\/v2\/categories?post=358185"},{"taxonomy":"post_tag","embeddable":true,"href":"https:\/\/www.europesays.com\/fr\/wp-json\/wp\/v2\/tags?post=358185"}],"curies":[{"name":"wp","href":"https:\/\/api.w.org\/{rel}","templated":true}]}}