{"id":358189,"date":"2025-09-01T11:52:16","date_gmt":"2025-09-01T11:52:16","guid":{"rendered":"https:\/\/www.europesays.com\/fr\/358189\/"},"modified":"2025-09-01T11:52:16","modified_gmt":"2025-09-01T11:52:16","slug":"la-contraction-de-lindustrie-sest-accentuee-en-aout","status":"publish","type":"post","link":"https:\/\/www.europesays.com\/fr\/358189\/","title":{"rendered":"la contraction de l&rsquo;industrie s&rsquo;est accentu\u00e9e en ao\u00fbt"},"content":{"rendered":"<p>        &#13;<br \/>\n            <img decoding=\"async\" src=\"https:\/\/www.europesays.com\/fr\/wp-content\/uploads\/2025\/05\/480-c.jpg\" alt=\"bourse Cac 40\"\/><\/p>\n<p>(Zonebourse.com) &#8211; Les entreprises britanniques du secteur industriel ont encore vu leur activit\u00e9 se contracter en ao\u00fbt, au moment o\u00f9 s&rsquo;exacerbaient les tensions commerciales avec l&rsquo;entr\u00e9e en vigueur des nouveaux droits de douane am\u00e9ricains.<\/p>\n<p>L&rsquo;indice PMI des directeurs d&rsquo;achats S&amp;P Global est retomb\u00e9 \u00e0 47 le mois dernier, au plus bas depuis trois mois, contre 48 en juillet.<\/p>\n<p>Il reste en-dessous de la barre des 50 points qui d\u00e9limite croissance et contraction, pour le 11\u00e8me mois cons\u00e9cutif, attestant clairement des difficult\u00e9s que rencontre actuellement l&rsquo;\u00e9conomie britannique.<\/p>\n<p>Rob Dobson, \u00e9conomiste chez S&amp;P Global Market Intelligence, indique que le mois d&rsquo;ao\u00fbt a \u00e9t\u00e9 caract\u00e9ris\u00e9 par une forte baisse des nouvelles commandes, qui ont chut\u00e9 \u00e0 des rythmes parmi les plus marqu\u00e9s observ\u00e9s au cours des deux derni\u00e8res ann\u00e9es.<\/p>\n<p>&lsquo;Les perspectives pour le secteur restent donc clairement tr\u00e8s incertaines. Les industriels craignent en effet que d&rsquo;\u00e9ventuelles d\u00e9cisions de politique gouvernementale &#8211; y compris de possibles hausses d&rsquo;imp\u00f4ts &#8211; puissent encore nuire \u00e0 leur comp\u00e9titivit\u00e9 sur les march\u00e9s domestiques et \u00e0 l&rsquo;exportation&rsquo;, souligne-t-il.<\/p>\n<p>&lsquo;Le budget \u00e0 venir jouera donc probablement un r\u00f4le tr\u00e8s important pour orienter la confiance des entreprises quant \u00e0 l&rsquo;ann\u00e9e \u00e0 venir&rsquo;, conclut l&rsquo;analyste<\/p>\n<p>Copyright \u00a9 2025 Zonebourse.com &#8211; All rights reserved.<\/p>\n<p>&#13;<br \/>\n            &#13;<\/p>\n<p>Vous avez aim\u00e9 cet article ? Partagez-le avec vos amis avec les boutons ci-dessous.<\/p>\n<p>        <a target=\"_blank\" title=\"Twitter\" href=\"https:\/\/twitter.com\/share?url=https:\/\/www.abcbourse.com\/marches\/royaume-uni-la-contraction-de-l-industrie-s-est-accentuee-en-aout_673307&amp;text=Royaume-Uni: la contraction de l&#039;industrie s&#039;est accentu\u00e9e en ao\u00fbt&amp;via=abcbourse\" rel=\"nofollow noopener\">&#13;<br \/>\n            <img decoding=\"async\" src=\"https:\/\/www.europesays.com\/fr\/wp-content\/uploads\/2025\/04\/share_twitter.png\" class=\"mr10\" alt=\"Twitter\"\/>&#13;<br \/>\n        <\/a><br \/>\n        <a target=\"_blank\" title=\"Facebook\" href=\"https:\/\/www.facebook.com\/sharer.php?u=https:\/\/www.abcbourse.com\/marches\/royaume-uni-la-contraction-de-l-industrie-s-est-accentuee-en-aout_673307&amp;t=Royaume-Uni: la contraction de l&#039;industrie s&#039;est accentu\u00e9e en ao\u00fbt\" rel=\"nofollow noopener\">&#13;<br \/>\n            <img decoding=\"async\" src=\"https:\/\/www.europesays.com\/fr\/wp-content\/uploads\/2025\/04\/share_fb.png\" alt=\"Facebook\" class=\"mr10\"\/>&#13;<br \/>\n        <\/a><br \/>\n        <a target=\"_blank\" title=\"Linkedin\" href=\"https:\/\/www.linkedin.com\/shareArticle?mini=true&amp;url=https:\/\/www.abcbourse.com\/marches\/royaume-uni-la-contraction-de-l-industrie-s-est-accentuee-en-aout_673307&amp;title=Royaume-Uni: la contraction de l&#039;industrie s&#039;est accentu\u00e9e en ao\u00fbt\" rel=\"nofollow noopener\">&#13;<br \/>\n            <img decoding=\"async\" src=\"https:\/\/www.europesays.com\/fr\/wp-content\/uploads\/2025\/04\/share_linkedin.png\" alt=\"Linkedin\" class=\"mr10\"\/>&#13;<br \/>\n        <\/a><br \/>\n        <a target=\"_blank\" title=\"Envoyer par mail\" href=\"https:\/\/www.abcbourse.com\/marches\/mailto:?subject=Royaume-Uni: la contraction de l\" industrie=\"\" s=\"\" accentu=\"\" en=\"\" ao=\"\" rel=\"nofollow noopener\">&#13;<br \/>\n            <img decoding=\"async\" src=\"https:\/\/www.europesays.com\/fr\/wp-content\/uploads\/2025\/04\/share_email.png\" alt=\"email\"\/>&#13;<br \/>\n        <\/a><br \/>\n    <script async src=\"https:\/\/platform.twitter.com\/widgets.js\" charset=\"utf-8\"><\/script><\/p>\n","protected":false},"excerpt":{"rendered":"&#13; (Zonebourse.com) &#8211; Les entreprises britanniques du secteur industriel ont encore vu leur activit\u00e9 se contracter en ao\u00fbt,&hellip;\n","protected":false},"author":2,"featured_media":102279,"comment_status":"","ping_status":"","sticky":false,"template":"","format":"standard","meta":{"footnotes":""},"categories":[1588],"tags":[11,1777,674,12,473,1853,1851,1850,1852],"class_list":{"0":"post-358189","1":"post","2":"type-post","3":"status-publish","4":"format-standard","5":"has-post-thumbnail","7":"category-royaume-uni","8":"tag-actualites","9":"tag-eu","10":"tag-europe","11":"tag-news","12":"tag-royaume-uni","13":"tag-royaume-uni-de-grande-bretagne-et-dirlande-du-nord","14":"tag-uk","15":"tag-united-kingdom","16":"tag-united-kingdom-of-great-britain-and-northern-ireland"},"share_on_mastodon":{"url":"https:\/\/pubeurope.com\/@fr\/115128903681259639","error":""},"_links":{"self":[{"href":"https:\/\/www.europesays.com\/fr\/wp-json\/wp\/v2\/posts\/358189","targetHints":{"allow":["GET"]}}],"collection":[{"href":"https:\/\/www.europesays.com\/fr\/wp-json\/wp\/v2\/posts"}],"about":[{"href":"https:\/\/www.europesays.com\/fr\/wp-json\/wp\/v2\/types\/post"}],"author":[{"embeddable":true,"href":"https:\/\/www.europesays.com\/fr\/wp-json\/wp\/v2\/users\/2"}],"replies":[{"embeddable":true,"href":"https:\/\/www.europesays.com\/fr\/wp-json\/wp\/v2\/comments?post=358189"}],"version-history":[{"count":0,"href":"https:\/\/www.europesays.com\/fr\/wp-json\/wp\/v2\/posts\/358189\/revisions"}],"wp:featuredmedia":[{"embeddable":true,"href":"https:\/\/www.europesays.com\/fr\/wp-json\/wp\/v2\/media\/102279"}],"wp:attachment":[{"href":"https:\/\/www.europesays.com\/fr\/wp-json\/wp\/v2\/media?parent=358189"}],"wp:term":[{"taxonomy":"category","embeddable":true,"href":"https:\/\/www.europesays.com\/fr\/wp-json\/wp\/v2\/categories?post=358189"},{"taxonomy":"post_tag","embeddable":true,"href":"https:\/\/www.europesays.com\/fr\/wp-json\/wp\/v2\/tags?post=358189"}],"curies":[{"name":"wp","href":"https:\/\/api.w.org\/{rel}","templated":true}]}}