{"id":358190,"date":"2025-09-01T11:53:09","date_gmt":"2025-09-01T11:53:09","guid":{"rendered":"https:\/\/www.europesays.com\/fr\/358190\/"},"modified":"2025-09-01T11:53:09","modified_gmt":"2025-09-01T11:53:09","slug":"lallemagne-reprend-la-reinstallation-de-refugies-afghans-sous-la-pression-de-la-justice","status":"publish","type":"post","link":"https:\/\/www.europesays.com\/fr\/358190\/","title":{"rendered":"L&rsquo;Allemagne reprend la r\u00e9installation de r\u00e9fugi\u00e9s afghans sous la pression de la justice"},"content":{"rendered":"<p>Le gouvernement allemand a pris des dispositions pour que dix familles afghanes soient relocalis\u00e9es en Allemagne lundi 1\u1d49\u02b3 septembre, apr\u00e8s avoir suspendu pendant des mois la r\u00e9installation promise de r\u00e9fugi\u00e9s afghans en situation de risque.<\/p>\n<p>Concernant une vingtaine de cas, les tribunaux allemands avaient <a href=\"https:\/\/www.euractiv.com\/section\/politics\/news\/increased-pressure-on-berlin-to-issue-promised-visas-to-afghans\/\" rel=\"nofollow noopener\" target=\"_blank\">statu\u00e9<\/a> le fait que Berlin devait honorer ses engagements ant\u00e9rieurs de d\u00e9livrer des visas dans le cadre d\u2019un programme humanitaire. Celui-ci \u00e9tait destin\u00e9 aux Afghans confront\u00e9s \u00e0 des menaces particuli\u00e8res apr\u00e8s la prise de pouvoir par les talibans en 2021.<\/p>\n<p>Les dix familles, 47 personnes au total, qui \u00e9taient en route pour l\u2019Allemagne lundi, n\u2019ont re\u00e7u leur visa qu\u2019apr\u00e8s avoir saisi la justice. <\/p>\n<p>Le gouvernement allemand, dirig\u00e9 par le parti chr\u00e9tien-d\u00e9mocrate (CDU) de centre-droit, avait interrompu la r\u00e9installation des r\u00e9fugi\u00e9s afghans dont l\u2019admission avait \u00e9t\u00e9 promise en mai, dans le cadre d\u2019une vaste campagne de r\u00e9pression de l\u2019immigration. <\/p>\n<p>Ce programme a permis de r\u00e9installer quelque 45 000 Afghans en Allemagne depuis 2022, y compris des Afghans qui travaillaient pour les forces arm\u00e9es allemandes avant la chute du gouvernement soutenu par l\u2019Occident en 2021. Des rapports faisant \u00e9tat de contr\u00f4les de s\u00e9curit\u00e9 insuffisants des arrivants ont suscit\u00e9 des doutes quant \u00e0 l\u2019identit\u00e9 de certains Afghans arriv\u00e9s au d\u00e9but de l\u2019ann\u00e9e.<\/p>\n<p>Alors dans l\u2019opposition, la CDU avait critiqu\u00e9 les vols, estimant qu\u2019ils sapaient les efforts d\u00e9ploy\u00e9s pour r\u00e9duire l\u2019immigration clandestine. En juillet, le nouveau gouvernement dirig\u00e9 par la CDU a non seulement mis fin aux vols de r\u00e9installation en provenance d\u2019Afghanistan, mais a \u00e9galement <a href=\"https:\/\/www.euractiv.fr\/section\/politics\/news\/germany-halts-voluntary-visa-programmes-for-refugees\/\" target=\"_blank\" rel=\"noopener nofollow\">suspendu<\/a> tous les programmes de visas humanitaires volontaires, dans l\u2019espoir d\u2019y mettre un terme d\u00e9finitif.<\/p>\n<p>\u00c0 l\u2019heure actuelle, quelque 2 000 Afghans \u00e0 qui l\u2019on avait promis l\u2019admission \u2014 certains d\u2019entre eux depuis des ann\u00e9es, attendent leur d\u00e9part pour l\u2019Allemagne au Pakistan en raison de la fermeture de l\u2019ambassade d\u2019Allemagne \u00e0 Kaboul.<\/p>\n<p>Mais r\u00e9cemment, Islamabad a refus\u00e9 de prolonger les visas des r\u00e9fugi\u00e9s afghans en transit et a d\u00e9cid\u00e9 d\u2019expulser des centaines d\u2019entre eux.<\/p>\n<p>(sn) <\/p>\n","protected":false},"excerpt":{"rendered":"Le gouvernement allemand a pris des dispositions pour que dix familles afghanes soient relocalis\u00e9es en Allemagne lundi 1\u1d49\u02b3&hellip;\n","protected":false},"author":2,"featured_media":358191,"comment_status":"","ping_status":"","sticky":false,"template":"","format":"standard","meta":{"footnotes":""},"categories":[1587],"tags":[11,672,1804,1805,1803,1777,674,1801,12,1802],"class_list":{"0":"post-358190","1":"post","2":"type-post","3":"status-publish","4":"format-standard","5":"has-post-thumbnail","7":"category-allemagne","8":"tag-actualites","9":"tag-allemagne","10":"tag-bundesrepublik-deutschland","11":"tag-de","12":"tag-deutschland","13":"tag-eu","14":"tag-europe","15":"tag-germany","16":"tag-news","17":"tag-republique-federale-dallemagne"},"share_on_mastodon":{"url":"https:\/\/pubeurope.com\/@fr\/115128907053474893","error":""},"_links":{"self":[{"href":"https:\/\/www.europesays.com\/fr\/wp-json\/wp\/v2\/posts\/358190","targetHints":{"allow":["GET"]}}],"collection":[{"href":"https:\/\/www.europesays.com\/fr\/wp-json\/wp\/v2\/posts"}],"about":[{"href":"https:\/\/www.europesays.com\/fr\/wp-json\/wp\/v2\/types\/post"}],"author":[{"embeddable":true,"href":"https:\/\/www.europesays.com\/fr\/wp-json\/wp\/v2\/users\/2"}],"replies":[{"embeddable":true,"href":"https:\/\/www.europesays.com\/fr\/wp-json\/wp\/v2\/comments?post=358190"}],"version-history":[{"count":0,"href":"https:\/\/www.europesays.com\/fr\/wp-json\/wp\/v2\/posts\/358190\/revisions"}],"wp:featuredmedia":[{"embeddable":true,"href":"https:\/\/www.europesays.com\/fr\/wp-json\/wp\/v2\/media\/358191"}],"wp:attachment":[{"href":"https:\/\/www.europesays.com\/fr\/wp-json\/wp\/v2\/media?parent=358190"}],"wp:term":[{"taxonomy":"category","embeddable":true,"href":"https:\/\/www.europesays.com\/fr\/wp-json\/wp\/v2\/categories?post=358190"},{"taxonomy":"post_tag","embeddable":true,"href":"https:\/\/www.europesays.com\/fr\/wp-json\/wp\/v2\/tags?post=358190"}],"curies":[{"name":"wp","href":"https:\/\/api.w.org\/{rel}","templated":true}]}}