{"id":358194,"date":"2025-09-01T11:55:10","date_gmt":"2025-09-01T11:55:10","guid":{"rendered":"https:\/\/www.europesays.com\/fr\/358194\/"},"modified":"2025-09-01T11:55:10","modified_gmt":"2025-09-01T11:55:10","slug":"visualisez-la-trajectoire-de-lavion-dursula-von-der-leyen-victime-dun-brouillage-russe-presume-en-bulgarie","status":"publish","type":"post","link":"https:\/\/www.europesays.com\/fr\/358194\/","title":{"rendered":"Visualisez la trajectoire de l\u2019avion d\u2019Ursula von der Leyen, victime d\u2019un brouillage russe pr\u00e9sum\u00e9 en Bulgarie"},"content":{"rendered":"<p><strong>CARTE \u2013 <\/strong>Le signal GPS de l\u2019appareil de la pr\u00e9sidente de la Commission europ\u00e9enne a disparu peu avant son arriv\u00e9e en Bulgarie, for\u00e7ant l\u2019avion \u00e0 patienter au-dessus de l\u2019a\u00e9roport de Plovdiv (Bulgarie).<\/p>\n<p class=\"fig-paragraph\">L\u2019avion \u00e0 bord duquel voyageait la pr\u00e9sidente de la Commission europ\u00e9enne, Ursula von\u00a0der\u00a0Leyen, a \u00e9t\u00e9 victime\u00a0<a href=\"http:\/\/www.lefigaro.fr\/international\/l-avion-d-ursula-von-der-leyen-touche-par-une-interference-gps-russe-presumee-a-ete-contraint-d-atterrir-20250901\" data-fig-type=\"NewsFlash\" data-gtm-custom-categorie=\"navigation\" data-gtm-custom-action=\"crossclick\" data-gtm-custom-label=\"Contextuel\" data-gtm-event=\"customEventSPE\" data-fig-domain=\"LEFIGARO\" target=\"_blank\" rel=\"noopener\">d\u2019un \u00abbrouillage GPS\u00bb<\/a>, fr\u00e9quents dans cette partie d\u2019Europe de l\u2019Est, \u00e0 son arriv\u00e9e en Bulgarie ce dimanche a annonc\u00e9 son \u00e9quipe, affirmant que la Russie \u00e9tait soup\u00e7onn\u00e9e d\u2019\u00eatre derri\u00e8re cet acte. Selon les donn\u00e9es d\u2019ADS-B Exchange, l\u2019appareil a d\u00fb effectuer plusieurs rotations avant de pouvoir se poser \u00e0 l\u2019a\u00e9roport de Plovdiv, au sud du pays.<\/p>\n<p class=\"fig-paragraph\">\u00abNous pouvons confirmer qu\u2019il y a eu brouillage GPS\u00bb, a d\u00e9clar\u00e9 lundi une porte-parole de la cheffe de l\u2019ex\u00e9cutif europ\u00e9en, Arianna Podesta. \u00abLes autorit\u00e9s bulgares nous ont inform\u00e9s qu\u2019elles soup\u00e7onnaient que cela \u00e9tait d\u00fb \u00e0 une ing\u00e9rence flagrante de la Russie\u00bb, a-t-elle ajout\u00e9.<\/p>\n","protected":false},"excerpt":{"rendered":"CARTE \u2013 Le signal GPS de l\u2019appareil de la pr\u00e9sidente de la Commission europ\u00e9enne a disparu peu avant&hellip;\n","protected":false},"author":2,"featured_media":358195,"comment_status":"","ping_status":"","sticky":false,"template":"","format":"standard","meta":{"footnotes":""},"categories":[1586],"tags":[11,9043,1777,674,1779,1011,27,12,25,1778,364,2544],"class_list":{"0":"post-358194","1":"post","2":"type-post","3":"status-publish","4":"format-standard","5":"has-post-thumbnail","7":"category-europe","8":"tag-actualites","9":"tag-bulgarie","10":"tag-eu","11":"tag-europe","12":"tag-european-union","13":"tag-fr","14":"tag-france","15":"tag-news","16":"tag-republique-francaise","17":"tag-ue","18":"tag-union-europeenne","19":"tag-ursula-von-der-leyen"},"share_on_mastodon":{"url":"https:\/\/pubeurope.com\/@fr\/115128914713964676","error":""},"_links":{"self":[{"href":"https:\/\/www.europesays.com\/fr\/wp-json\/wp\/v2\/posts\/358194","targetHints":{"allow":["GET"]}}],"collection":[{"href":"https:\/\/www.europesays.com\/fr\/wp-json\/wp\/v2\/posts"}],"about":[{"href":"https:\/\/www.europesays.com\/fr\/wp-json\/wp\/v2\/types\/post"}],"author":[{"embeddable":true,"href":"https:\/\/www.europesays.com\/fr\/wp-json\/wp\/v2\/users\/2"}],"replies":[{"embeddable":true,"href":"https:\/\/www.europesays.com\/fr\/wp-json\/wp\/v2\/comments?post=358194"}],"version-history":[{"count":0,"href":"https:\/\/www.europesays.com\/fr\/wp-json\/wp\/v2\/posts\/358194\/revisions"}],"wp:featuredmedia":[{"embeddable":true,"href":"https:\/\/www.europesays.com\/fr\/wp-json\/wp\/v2\/media\/358195"}],"wp:attachment":[{"href":"https:\/\/www.europesays.com\/fr\/wp-json\/wp\/v2\/media?parent=358194"}],"wp:term":[{"taxonomy":"category","embeddable":true,"href":"https:\/\/www.europesays.com\/fr\/wp-json\/wp\/v2\/categories?post=358194"},{"taxonomy":"post_tag","embeddable":true,"href":"https:\/\/www.europesays.com\/fr\/wp-json\/wp\/v2\/tags?post=358194"}],"curies":[{"name":"wp","href":"https:\/\/api.w.org\/{rel}","templated":true}]}}