{"id":358200,"date":"2025-09-01T11:58:15","date_gmt":"2025-09-01T11:58:15","guid":{"rendered":"https:\/\/www.europesays.com\/fr\/358200\/"},"modified":"2025-09-01T11:58:15","modified_gmt":"2025-09-01T11:58:15","slug":"80-ans-apres-son-independance-le-vietnam-affiche-7-de-croissance-mais-la-france-son-24eme-partenaire-commercial-nen-profite-pas","status":"publish","type":"post","link":"https:\/\/www.europesays.com\/fr\/358200\/","title":{"rendered":"80 ans apr\u00e8s son ind\u00e9pendance, le Vietnam affiche 7% de croissance mais la France (son 24\u00e8me partenaire commercial) n&rsquo;en profite pas"},"content":{"rendered":"<p>La France, ancien pays colonisateur, n&rsquo;est plus un alli\u00e9 commercial essentiel pour le Vietnam, qui pr\u00e9f\u00e8re jouer sur la flexibilit\u00e9 de ses partenariats.<\/p>\n<p>Un partenaire secondaire. Malgr\u00e9 des accords de coop\u00e9ration renforc\u00e9e, la France n&rsquo;est plus un partenaire de premier plan pour le Vietnam, \u00e0 l&rsquo;heure o\u00f9 Hano\u00ef f\u00eate les 80 ans de son ind\u00e9pendance de la tutelle de Paris.<\/p>\n<p>A l&rsquo;approche d&rsquo;une parade g\u00e9ante pr\u00e9vue mardi, la capitale s&rsquo;est par\u00e9e d&rsquo;innombrables drapeaux rouges \u00e0 \u00e9toile jaune, qui recouvrent jusqu&rsquo;aux maisons coloniales h\u00e9rit\u00e9es des Fran\u00e7ais.<\/p>\n<p>Depuis des jours, des centaines de personnes campent sur les trottoirs pour s&rsquo;assurer d&rsquo;\u00eatre aux premi\u00e8res loges et assister aux r\u00e9p\u00e9titions du plus grand d\u00e9fil\u00e9 militaire jamais organis\u00e9 dans le pays.<\/p>\n<p>Le 2 septembre 1945, devant des centaines de milliers d&rsquo;habitants, Ho Chi Minh d\u00e9clarait \u00e0 Hano\u00ef la naissance de la R\u00e9publique d\u00e9mocratique du Vietnam, profitant de l&rsquo;affaiblissement de la puissance coloniale fran\u00e7aise et du retrait de l&rsquo;occupant japonais. S&rsquo;ensuivront des ann\u00e9es de guerre.<\/p>\n<p>Aujourd&rsquo;hui, \u00ab\u00a0le Vietnam n&rsquo;a pas besoin de se cramponner \u00e0 un autre pays ou de se reposer sur une autre puissance pour avancer\u00a0\u00bb, se f\u00e9licite Huynh Nhung, une touriste de 24 ans, rencontr\u00e9e par l&rsquo;AFP \u00e0 la sinistre prison de Hoa Lo, vestige de la colonisation fran\u00e7aise, dans le centre de Hano\u00ef.<\/p>\n<p>\u00ab\u00a0Pas de faveurs particuli\u00e8res\u00a0\u00bb<\/p>\n<p>Malgr\u00e9 un pass\u00e9 commun souvent douloureux, les deux pays ont renou\u00e9 les liens, portant en 2024 leur partenariat au plus haut niveau.<\/p>\n<p>Lors d&rsquo;une visite en mai, marqu\u00e9e par la signature de contrats <a href=\"https:\/\/www.bfmtv.com\/economie\/international\/armement-ferroviaire-aeronautique-emmanuel-macron-annonce-9-milliards-d-euros-de-contrats-signes-avec-le-vietnam_AD-202505260441.html\" title=\"Armement, ferroviaire, a\u00e9ronautique... Emmanuel Macron annonce &quot;9 milliards d&#039;euros&quot; de contrats sign\u00e9s avec le Vietnam\" class=\"internal_link\" rel=\"nofollow noopener\" target=\"_blank\">de plusieurs milliards d&rsquo;euros<\/a>, le pr\u00e9sident fran\u00e7ais Emmanuel Macron a pr\u00e9sent\u00e9 son pays comme un \u00ab\u00a0ami s\u00fbr et fiable\u00a0\u00bb du Vietnam, avan\u00e7ant l&rsquo;id\u00e9e d&rsquo;une troisi\u00e8me voie fran\u00e7aise comme alternative aux \u00c9tats-Unis et \u00e0 la Chine.<\/p>\n<p>Mais les \u00e9changes commerciaux restent limit\u00e9s et Paris ne b\u00e9n\u00e9ficie pas aupr\u00e8s de Hano\u00ef de \u00ab\u00a0faveurs particuli\u00e8res par rapport \u00e0 d&rsquo;autres concurrents asiatiques, ni m\u00eame europ\u00e9ens\u00a0\u00bb, rel\u00e8ve Pierre Journoud, professeur d&rsquo;histoire contemporaine \u00e0 l&rsquo;universit\u00e9 Paul-Val\u00e9ry de Montpellier (France).<\/p>\n<p>M\u00eame si le chiffre du commerce bilat\u00e9ral a augment\u00e9 de 60% entre 2015 et 2024, \u00e0 8,5 milliards d&rsquo;euros, la France n&rsquo;\u00e9tait l&rsquo;an dernier que le 24e partenaire du Vietnam et seulement le quatri\u00e8me en Europe, derri\u00e8re les Pays-Bas, l&rsquo;Allemagne et l&rsquo;Italie, selon les douanes des deux pays.<\/p>\n<p>\u00ab\u00a0Histoire du pass\u00e9\u00a0\u00bb<\/p>\n<p>Le Vietnam, en plein d\u00e9collage \u00e9conomique (7% de croissance en 2024, l&rsquo;une des plus dynamiques d&rsquo;Asie du Sud-Est), pr\u00f4ne une diplomatie flexible, dite du \u00ab\u00a0bambou\u00a0\u00bb, pour maintenir des bonnes relations avec le plus grand nombre possible, P\u00e9kin et Washington en premier lieu.<\/p>\n<blockquote class=\"embed embed_quote\"><p>\u00ab\u00a0Concr\u00e8tement, cela se traduit par une d\u00e9multiplication des partenariats, dont celui avec la France&#8230; comme avec la Chine et les \u00c9tats-Unis, deux autres pays contre lesquels le Vietnam \u00e9tait en guerre dans les ann\u00e9es 70\u00a0\u00bb, explique Juliette Loesch, chercheuse associ\u00e9e \u00e0 l&rsquo;Institut fran\u00e7ais des relations internationales (Ifri).<\/p><\/blockquote>\n<p>En pratique, Paris n&rsquo;a \u00ab\u00a0s\u00fbrement pas les moyens mat\u00e9riels de cr\u00e9dibiliser pleinement\u00a0\u00bb sa troisi\u00e8me voie, et n&rsquo;offre \u00ab\u00a0en d\u00e9finitive qu&rsquo;un modeste appoint\u00a0\u00bb au positionnement g\u00e9opolitique de Hano\u00ef, note Pierre Journoud.<\/p>\n<p>Par exemple, \u00ab\u00a0la coop\u00e9ration avec la France peut servir les <a href=\"https:\/\/rmc.bfmtv.com\/actualites\/international\/avec-la-france-vous-avez-un-ami-connu-sur-et-fiable-assure-macron-en-visite-au-vietnam_AN-202505260595.html\" title=\"&quot;Avec la France vous avez un ami connu, s\u00fbr et fiable&quot;, assure Macron en visite au Vietnam\" class=\"internal_link\" rel=\"nofollow noopener\" target=\"_blank\">int\u00e9r\u00eats strat\u00e9giques<\/a> du Vietnam sur au moins (&#8230;) la transition \u00e9nerg\u00e9tique et les aspects de s\u00e9curit\u00e9 et de souverainet\u00e9 en mer de Chine m\u00e9ridionale\u00a0\u00bb, juge Juliette Loesch.<\/p>\n<p>Moins de 1% des Vietnamiens parlent fran\u00e7ais<\/p>\n<p>Sur le plan culturel, moins de 1% de la population de 100 millions d&rsquo;habitants parle encore le fran\u00e7ais, une proportion en constant recul avec la disparition des anciennes g\u00e9n\u00e9rations.<\/p>\n<p>La France, \u00ab\u00a0c&rsquo;est une histoire du pass\u00e9\u00a0\u00bb et \u00ab\u00a0beaucoup de souffrance\u00a0\u00bb, affirme Huynh Nhung, pour qui ses \u00ab\u00a0aspects positifs\u00a0\u00bb se r\u00e9sument \u00e0 sa \u00ab\u00a0belle culture\u00a0\u00bb et son architecture \u00ab\u00a0tr\u00e8s esth\u00e9tique\u00a0\u00bb.<\/p>\n<p>Dans son studio qui propose une ribambelle d&rsquo;accessoires c\u00e9l\u00e9brant le Vietnam, Vu Thi Ngoc Linh aide ses clients \u00e0 se prendre en photo.<\/p>\n<blockquote class=\"embed embed_quote\"><p>\u00ab\u00a0Tous ceux qui viennent ici partagent cet esprit patriotique, et je pense que chaque client se sent tr\u00e8s fier d&rsquo;\u00eatre un enfant du Vietnam\u00a0\u00bb, dit cette jeune femme de 20 ans.<\/p><\/blockquote>\n<p>Sans surprise, lors des festivit\u00e9s mardi, les responsables politiques \u00ab\u00a0vont louer les r\u00e9ussites du Vietnam au cours des huit derni\u00e8res d\u00e9cennies (&#8230;) avec des r\u00e9f\u00e9rences minimales au colonialisme fran\u00e7ais\u00a0\u00bb, souligne Carlyle Thayer, professeur \u00e9m\u00e9rite \u00e0 l&rsquo;universit\u00e9 de Nouvelle-Galles du Sud \u00e0 Sydney.<\/p>\n","protected":false},"excerpt":{"rendered":"La France, ancien pays colonisateur, n&rsquo;est plus un alli\u00e9 commercial essentiel pour le Vietnam, qui pr\u00e9f\u00e8re jouer sur&hellip;\n","protected":false},"author":2,"featured_media":358201,"comment_status":"","ping_status":"","sticky":false,"template":"","format":"standard","meta":{"footnotes":""},"categories":[4],"tags":[11,1011,27,12,25],"class_list":{"0":"post-358200","1":"post","2":"type-post","3":"status-publish","4":"format-standard","5":"has-post-thumbnail","7":"category-france","8":"tag-actualites","9":"tag-fr","10":"tag-france","11":"tag-news","12":"tag-republique-francaise"},"share_on_mastodon":{"url":"https:\/\/pubeurope.com\/@fr\/115128926681747147","error":""},"_links":{"self":[{"href":"https:\/\/www.europesays.com\/fr\/wp-json\/wp\/v2\/posts\/358200","targetHints":{"allow":["GET"]}}],"collection":[{"href":"https:\/\/www.europesays.com\/fr\/wp-json\/wp\/v2\/posts"}],"about":[{"href":"https:\/\/www.europesays.com\/fr\/wp-json\/wp\/v2\/types\/post"}],"author":[{"embeddable":true,"href":"https:\/\/www.europesays.com\/fr\/wp-json\/wp\/v2\/users\/2"}],"replies":[{"embeddable":true,"href":"https:\/\/www.europesays.com\/fr\/wp-json\/wp\/v2\/comments?post=358200"}],"version-history":[{"count":0,"href":"https:\/\/www.europesays.com\/fr\/wp-json\/wp\/v2\/posts\/358200\/revisions"}],"wp:featuredmedia":[{"embeddable":true,"href":"https:\/\/www.europesays.com\/fr\/wp-json\/wp\/v2\/media\/358201"}],"wp:attachment":[{"href":"https:\/\/www.europesays.com\/fr\/wp-json\/wp\/v2\/media?parent=358200"}],"wp:term":[{"taxonomy":"category","embeddable":true,"href":"https:\/\/www.europesays.com\/fr\/wp-json\/wp\/v2\/categories?post=358200"},{"taxonomy":"post_tag","embeddable":true,"href":"https:\/\/www.europesays.com\/fr\/wp-json\/wp\/v2\/tags?post=358200"}],"curies":[{"name":"wp","href":"https:\/\/api.w.org\/{rel}","templated":true}]}}