{"id":358202,"date":"2025-09-01T11:59:18","date_gmt":"2025-09-01T11:59:18","guid":{"rendered":"https:\/\/www.europesays.com\/fr\/358202\/"},"modified":"2025-09-01T11:59:18","modified_gmt":"2025-09-01T11:59:18","slug":"ernie-els-attend-tiger-woods-de-pied-ferme-sur-le-pga-tour-champions","status":"publish","type":"post","link":"https:\/\/www.europesays.com\/fr\/358202\/","title":{"rendered":"Ernie Els attend Tiger Woods de pied ferme sur le PGA Tour Champions"},"content":{"rendered":"<p>\t\t\t\t\t\t<img width=\"770\" height=\"556\" src=\"https:\/\/www.europesays.com\/fr\/wp-content\/uploads\/2025\/07\/ernie-els-the-open-forfait-770x556.jpg\" class=\"img-responsive wp-post-image\" alt=\"Ernie Els Photo by Mike Mulholland \/ GETTY IMAGES NORTH AMERICA \/ Getty Images via AFP\" decoding=\"async\" fetchpriority=\"high\"  \/>\t\t\t\t\t<\/p>\n<p>\t\t\t\t\t\t Partager cet article <\/p>\n<p class=\"screen-reader-text juiz_sps_maybe_hidden_text\">Partager la publication \u00ab\u00a0Ernie Els attend Tiger Woods de pied ferme sur le PGA Tour Champions\u00a0\u00bb<\/p>\n<p><strong>Ernie Els, la l\u00e9gende sud-africaine, a d\u00e9clar\u00e9 au quotidien local The Palm Beach Post qu\u2019il esp\u00e9rait que Tiger Woods, 50 ans le 30 d\u00e9cembre, rejoigne le PGA Tour Champions pour pouvoir \u00e0 nouveau l\u2019affronter. Il a tent\u00e9 d\u2019argumenter pour le convaincre.\u00a0<\/strong><\/p>\n<p>\t\t\t\t<img loading=\"lazy\" decoding=\"async\" src=\"data:image\/svg+xml,%3Csvg%20xmlns=\" http:=\"\" attributionsrc=\"\" border=\"0\" height=\"1\" width=\"1\" alt=\"Advertisement\" data-lazy-src=\"https:\/\/www.europesays.com\/fr\/wp-content\/uploads\/2025\/07\/B33047934.411969880;dc_trk_aid=603484932;dc_trk_cid=227659580;ord=[timestamp];dc_lat=;dc_rdid=;tag_f.gif\"\/><\/p>\n<p>\t\t\t\t\t<a id=\"158175\" href=\"https:\/\/ad.doubleclick.net\/ddm\/trackclk\/N1153799.3770024GOLFPLANATE\/B33047934.411969880;dc_trk_aid=603484932;dc_trk_cid=227659580;dc_lat=;dc_rdid=;tag_for_child_directed_treatment=;tfua=;gdpr=${GDPR};gdpr_consent=${GDPR_CONSENT_755};ltd=;dc_tdv=1\" target=\"_blank\" rel=\"sponsorised nofollow noopener\"><img decoding=\"async\" src=\"data:image\/svg+xml,%3Csvg%20xmlns=\" http:=\"\" class=\"img-responsive\" alt=\"\" data-lazy-src=\"https:\/\/www.europesays.com\/fr\/wp-content\/uploads\/2025\/07\/callaway-e01-elyte-driver-1170x275-1.jpg\"\/><\/a><\/p>\n<p><strong>H.D.<\/strong><\/p>\n<p>Le 30 d\u00e9cembre, <strong>Tiger Woods<\/strong> f\u00eatera ses 50 ans, l\u2019\u00e2ge qui permet de disputer les \u00e9preuves du <strong>PGA Tour Champions<\/strong>. Le co-recordman de titres sur le <strong>PGA Tour<\/strong> est d\u00e9j\u00e0 attendu par son ancien rival Sud-africain <strong>Ernie Els<\/strong>, 57 ans le 17 octobre.<\/p>\n<p>En marge de l\u2019inauguration de son complexe de loisirs adapt\u00e9 aux autistes au sein d\u2019un complexe d\u00e9di\u00e9 \u00e0 Jupiter (Floride), \u00ab The big easy \u00bb a d\u00e9clar\u00e9 au journaliste <strong>Tom d\u2019Angelo<\/strong> du quotidien The Palm Beach Post qu\u2019il avait d\u00e9j\u00e0 \u00e9voqu\u00e9 le sujet avec son rival des ann\u00e9es 2000. Il a tent\u00e9 de le convaincre estimant qu\u2019il n\u2019aura plus l\u2019occasion de briller face \u00e0 la jeune g\u00e9n\u00e9ration du PGA Tour \u00e0 cause de ses nombreuses blessures\u00a0 : \u00ab Je lui ai dit de se joindre \u00e0 nous, que cela ne pourrait que lui \u00eatre b\u00e9n\u00e9fique. \u00bb\u00a0<\/p>\n<p>\u00a0<\/p>\n<p>\u00a0<\/p>\n<blockquote class=\"twitter-tweet\" data-media-max-width=\"560\">\n<p dir=\"ltr\" lang=\"en\">Ernie Els to Tiger Woods on joining Champions Tour: Come play and \u2018beat us again \u2026 if you can\u2019 <a href=\"https:\/\/t.co\/kChQcrVvYt\" rel=\"nofollow\">https:\/\/t.co\/kChQcrVvYt<\/a><\/p>\n<p>\u2014 The Palm Beach Post (@pbpost) <a href=\"https:\/\/twitter.com\/pbpost\/status\/1961455074997125575?ref_src=twsrc%5Etfw\" rel=\"nofollow noopener\" target=\"_blank\">August 29, 2025<\/a><\/p>\n<\/blockquote>\n<p>\t\t\t\t\t<a id=\"183926\" href=\"https:\/\/www.formigolf.fr\/voyage-pays~elba-sunset-mallorca-4etoiles~803~baleares\" target=\"_blank\" rel=\"sponsorised nofollow noopener\"><img decoding=\"async\" src=\"data:image\/svg+xml,%3Csvg%20xmlns=\" http:=\"\" class=\"img-responsive\" alt=\"\" data-lazy-src=\"https:\/\/www.europesays.com\/fr\/wp-content\/uploads\/2025\/09\/formigolf-e09-majorque-elba-1170x275-1.gif\"\/><\/a><br \/>\nTiger Woods vise toujours les Majeurs<\/p>\n<p>Victimes de soucis \u00e0 la fois physique et psychique \u00e0 plusieurs reprises au cours de la derni\u00e8re d\u00e9cennie (addiction au sexe, aux m\u00e9dicaments anti-douleurs, op\u00e9r\u00e9 une demi-douzaine de fois au dos, victime d\u2019un accident de la route le 23 f\u00e9vrier 2021 en marge du <strong>Genesis Invitational<\/strong>), l\u2019ancien n\u00b01 mondial a \u00e9t\u00e9 victime au mois de mars d\u2019une rupture du tendon d\u2019Achille gauche, ce qui l\u2019a emp\u00each\u00e9 de disputer le moindre tournoi depuis. On ne la plus revu en comp\u00e9tition officielle depuis <strong>The Open 2024<\/strong> et n\u2019a plus franchi le cut depuis le <strong>Masters<\/strong> de l\u2019ann\u00e9e derni\u00e8re, finissant 60e.\u00a0Quinze fois vainqueur en Majeur, le Tigre veut jouer au moins les Majeurs.<\/p>\n<p>Ernie Els voit dans sa possible arriv\u00e9e sur le circuit des l\u00e9gendes la possibilit\u00e9 de reprendre du rythme, sans mettre son corps \u00e0 rude \u00e9preuve : \u00ab Cela ne l\u2019aide pas de terminer 70e sur le circuit r\u00e9gulier, sans vraiment obtenir de bonnes r\u00e9p\u00e9titions. Il peut tirer 66 en rentrant des putts pour birdie. \u00bb\u00a0<\/p>\n<p>En rigolant, le d\u00e9tenteur de deux <strong>U.S. Open<\/strong>, (1994, 97) et d\u2019autant d\u2019<strong>Open britannique<\/strong> (2002, 12) estime que l\u2019usage de la voiturette, autoris\u00e9e sur le PGA Tour Champions serait une bonne chose pour son rival : \u00ab Vous pouvez conduire une voiturette sans aucune honte et s\u2019il y a un gars qui devrait \u00eatre capable d\u2019en conduire une, c\u2019est bien lui. \u00bb<\/p>\n<p>Ajoutons \u00e0 cela que les tournois des l\u00e9gendes sont r\u00e9duits \u00e0 trois tours.\u00a0<\/p>\n<p>\t\t\t\t\t<a id=\"179385\" href=\"https:\/\/tickets.europeantour.com\/eut\/#\/c6906933-bb43-434b-a22d-0ae172a572d4\/shop\/custom-pack?fac=EUT&amp;locale=fr&amp;skin=pgaetodf&amp;utm_campaign=ODF&amp;utm_content=Ticketing&amp;utm_medium=Web&amp;utm_source=Partner&amp;utm_term=PavonGolfPlanete\" target=\"_blank\" rel=\"sponsorised nofollow noopener\"><img decoding=\"async\" src=\"data:image\/svg+xml,%3Csvg%20xmlns=\" http:=\"\" class=\"img-responsive\" alt=\"\" data-lazy-src=\"https:\/\/www.europesays.com\/fr\/wp-content\/uploads\/2025\/07\/opendefrance-e03-plateau-1407-1170x275-1.jpg\"\/><\/a><\/p>\n<p>Cr\u00e9dit photo : Mike Mulholland \/ GETTY IMAGES NORTH AMERICA \/ Getty Images via AFP<\/p>\n<p>\t\t\t\t\t<a id=\"180479\" href=\"https:\/\/www.swing.fr\/voyage\/35-14eme-edition-des-doubles-gosset-by-beachcomber\" target=\"_blank\" rel=\"sponsorised nofollow noopener\"><img decoding=\"async\" src=\"data:image\/svg+xml,%3Csvg%20xmlns=\" http:=\"\" class=\"img-responsive\" alt=\"\" data-lazy-src=\"https:\/\/www.europesays.com\/fr\/wp-content\/uploads\/2025\/07\/beachcomber-e01-doubles-gosset-26-1170x275-1.jpg\"\/><\/a><\/p>\n<p>\t\t\t<script async src=\"https:\/\/platform.twitter.com\/widgets.js\" charset=\"utf-8\"><\/script><\/p>\n","protected":false},"excerpt":{"rendered":"Partager cet article Partager la publication \u00ab\u00a0Ernie Els attend Tiger Woods de pied ferme sur le PGA Tour&hellip;\n","protected":false},"author":2,"featured_media":248816,"comment_status":"","ping_status":"","sticky":false,"template":"","format":"standard","meta":{"footnotes":""},"categories":[1418],"tags":[1011,27,1472,60],"class_list":{"0":"post-358202","1":"post","2":"type-post","3":"status-publish","4":"format-standard","5":"has-post-thumbnail","7":"category-golf","8":"tag-fr","9":"tag-france","10":"tag-golf","11":"tag-sports"},"share_on_mastodon":{"url":"https:\/\/pubeurope.com\/@fr\/115128930359570601","error":""},"_links":{"self":[{"href":"https:\/\/www.europesays.com\/fr\/wp-json\/wp\/v2\/posts\/358202","targetHints":{"allow":["GET"]}}],"collection":[{"href":"https:\/\/www.europesays.com\/fr\/wp-json\/wp\/v2\/posts"}],"about":[{"href":"https:\/\/www.europesays.com\/fr\/wp-json\/wp\/v2\/types\/post"}],"author":[{"embeddable":true,"href":"https:\/\/www.europesays.com\/fr\/wp-json\/wp\/v2\/users\/2"}],"replies":[{"embeddable":true,"href":"https:\/\/www.europesays.com\/fr\/wp-json\/wp\/v2\/comments?post=358202"}],"version-history":[{"count":0,"href":"https:\/\/www.europesays.com\/fr\/wp-json\/wp\/v2\/posts\/358202\/revisions"}],"wp:featuredmedia":[{"embeddable":true,"href":"https:\/\/www.europesays.com\/fr\/wp-json\/wp\/v2\/media\/248816"}],"wp:attachment":[{"href":"https:\/\/www.europesays.com\/fr\/wp-json\/wp\/v2\/media?parent=358202"}],"wp:term":[{"taxonomy":"category","embeddable":true,"href":"https:\/\/www.europesays.com\/fr\/wp-json\/wp\/v2\/categories?post=358202"},{"taxonomy":"post_tag","embeddable":true,"href":"https:\/\/www.europesays.com\/fr\/wp-json\/wp\/v2\/tags?post=358202"}],"curies":[{"name":"wp","href":"https:\/\/api.w.org\/{rel}","templated":true}]}}