{"id":358203,"date":"2025-09-01T12:01:10","date_gmt":"2025-09-01T12:01:10","guid":{"rendered":"https:\/\/www.europesays.com\/fr\/358203\/"},"modified":"2025-09-01T12:01:10","modified_gmt":"2025-09-01T12:01:10","slug":"pro-d2-omar-odishvili-arrive-en-tant-que-joker-medical-a-agen","status":"publish","type":"post","link":"https:\/\/www.europesays.com\/fr\/358203\/","title":{"rendered":"Pro D2 &#8211; Omar Odishvili arrive en tant que joker m\u00e9dical \u00e0 Agen"},"content":{"rendered":"<p>\n                Ce lundi matin, une nouvelle t\u00eate a fait son apparition du c\u00f4t\u00e9 d\u2019Armandie. C\u2019est Omar Odishvili, pilier gauche pass\u00e9 par Soyaux-Angoul\u00eame et Brive, qui d\u00e9barque en tant que joker m\u00e9dical de Hans Lombard-Buret.\n            <\/p>\n<p>Le SUA cherchait un joker m\u00e9dical pour remplacer Hans Lombard-Buret, gravement bless\u00e9 en match amical \u00e0 Carcassonne. Le pilier gauche souffre d\u2019une rupture du tendon d\u2019Achille et sera indisponible jusqu\u2019en mai. Pour le remplacer, trois options avaient \u00e9t\u00e9 retenues par Mauricio Reggiardo. Celle menant \u00e0 l\u2019ancien pilier gauche de Nevers, Tornike Mataradze\u00a0; celle menant \u00e0 l\u2019ancien pilier gauche de Brive, Omar Odishvili\u00a0; et peut-\u00eatre un joueur de Top 14 pouvant arriver en pr\u00eat. En l\u2019occurrence, L\u00e9o Ametlla, le Toulonnais, \u00e9tait suivi de pr\u00e8s.<\/p>\n<p>Mais c\u2019est bien vers\u00a0Odishvili\u00a0que l\u2019ancien pilier du Castres olympique a jet\u00e9 son d\u00e9volu. \u00c0 28 ans, le G\u00e9orgien sort d\u2019une saison d\u00e9cevante \u00e0 Brive o\u00f9 il n\u2019a jou\u00e9 qu\u2019un match. Auparavant, il avait jou\u00e9 plus de cinquante matchs au\u00a0SAXV\u00a0et\u00a0quelques-uns\u00a0\u00e9galement avec la Section paloise, en Challenge Cup et en Top 14. Il viendra ainsi concurrencer Luca Tabarot, Florent Guion et Mamuka\u00a0Mstoiani\u00a0\u00e0 gauche de la m\u00eal\u00e9e cette saison.<\/p>\n<p>Tomkinson arrive dimanche<\/p>\n<p>Concernant l\u2019autre recrue, Sio Tomkinson, elle est attendue rapidement. En effet, le N\u00e9o-Z\u00e9landais a \u00e9t\u00e9 contraint de rentrer au pays pour faire son Visa alors que les Agenais esp\u00e9raient le faire venir plus t\u00f4t en France. Son billet d\u2019avion pour la France est pr\u00e9vu ce dimanche 6 septembre et donc son arriv\u00e9e au sein de l\u2019effectif suaviste dans la foul\u00e9e.\u00a0Pour rappel, l\u2019ancien centre de la Western Force s\u2019est engag\u00e9 pour deux ans, en tant que joueur suppl\u00e9mentaire.\u00a0<\/p>\n","protected":false},"excerpt":{"rendered":"Ce lundi matin, une nouvelle t\u00eate a fait son apparition du c\u00f4t\u00e9 d\u2019Armandie. C\u2019est Omar Odishvili, pilier gauche&hellip;\n","protected":false},"author":2,"featured_media":358204,"comment_status":"","ping_status":"","sticky":false,"template":"","format":"standard","meta":{"footnotes":""},"categories":[1416],"tags":[1011,27,479,1468,60],"class_list":{"0":"post-358203","1":"post","2":"type-post","3":"status-publish","4":"format-standard","5":"has-post-thumbnail","7":"category-rugby","8":"tag-fr","9":"tag-france","10":"tag-rugby","11":"tag-rugby-football","12":"tag-sports"},"share_on_mastodon":{"url":"https:\/\/pubeurope.com\/@fr\/115128938250826952","error":""},"_links":{"self":[{"href":"https:\/\/www.europesays.com\/fr\/wp-json\/wp\/v2\/posts\/358203","targetHints":{"allow":["GET"]}}],"collection":[{"href":"https:\/\/www.europesays.com\/fr\/wp-json\/wp\/v2\/posts"}],"about":[{"href":"https:\/\/www.europesays.com\/fr\/wp-json\/wp\/v2\/types\/post"}],"author":[{"embeddable":true,"href":"https:\/\/www.europesays.com\/fr\/wp-json\/wp\/v2\/users\/2"}],"replies":[{"embeddable":true,"href":"https:\/\/www.europesays.com\/fr\/wp-json\/wp\/v2\/comments?post=358203"}],"version-history":[{"count":0,"href":"https:\/\/www.europesays.com\/fr\/wp-json\/wp\/v2\/posts\/358203\/revisions"}],"wp:featuredmedia":[{"embeddable":true,"href":"https:\/\/www.europesays.com\/fr\/wp-json\/wp\/v2\/media\/358204"}],"wp:attachment":[{"href":"https:\/\/www.europesays.com\/fr\/wp-json\/wp\/v2\/media?parent=358203"}],"wp:term":[{"taxonomy":"category","embeddable":true,"href":"https:\/\/www.europesays.com\/fr\/wp-json\/wp\/v2\/categories?post=358203"},{"taxonomy":"post_tag","embeddable":true,"href":"https:\/\/www.europesays.com\/fr\/wp-json\/wp\/v2\/tags?post=358203"}],"curies":[{"name":"wp","href":"https:\/\/api.w.org\/{rel}","templated":true}]}}