{"id":358209,"date":"2025-09-01T12:05:11","date_gmt":"2025-09-01T12:05:11","guid":{"rendered":"https:\/\/www.europesays.com\/fr\/358209\/"},"modified":"2025-09-01T12:05:11","modified_gmt":"2025-09-01T12:05:11","slug":"formule-1-isack-hadjar-toujours-se-plaindre-de-la-voiture-cest-la-regle-n1","status":"publish","type":"post","link":"https:\/\/www.europesays.com\/fr\/358209\/","title":{"rendered":"Formule 1 | Isack Hadjar\u202f: \u00ab\u202fToujours se plaindre de la voiture, c\u2019est la r\u00e8gle n\u00b01\u202f\u00bb"},"content":{"rendered":"<p><strong>Cela aurait d\u00fb \u00eatre un moment plaisant que nous voulions partager avec vous. Mais apr\u00e8s <a href=\"https:\/\/fflose.com\/formule-1-la-trahison-infinie-disack-hadjar-aux-pays-bas\/\" rel=\"nofollow noopener\" target=\"_blank\">un \u00e9v\u00e9nement survenu ce week-end<\/a> avec Isack Hadjar, on vous avoue que nous n\u2019avons plus vraiment l\u2019esprit \u00e0 rire.<\/strong><\/p>\n<blockquote class=\"twitter-tweet\">\n<p dir=\"ltr\" lang=\"fr\">L\u2019INTERVIEW FFL D\u2019ISACK HADJAR \ud83d\ude0d\ud83c\uddeb\ud83c\uddf7\ud83c\udfce<\/p>\n<p>La meilleure excuse apr\u00e8s un rat\u00e9, Mario Kart, son premier crash, il nous raconte tout. <a href=\"https:\/\/t.co\/GsFtWfrC0y\" rel=\"nofollow\">pic.twitter.com\/GsFtWfrC0y<\/a><\/p>\n<p>\u2014 F\u00e9d\u00e9 \ud83c\uddeb\ud83c\uddf7 de la Lose (@FFLose) <a href=\"https:\/\/twitter.com\/FFLose\/status\/1961432578696634773?ref_src=twsrc%5Etfw\" rel=\"nofollow noopener\" target=\"_blank\">August 29, 2025<\/a><\/p>\n<\/blockquote>\n<p>\u00ab\u202fSi j\u2019ai d\u00e9j\u00e0 pens\u00e9 \u00e0 tout arr\u00eater\u202f? Plein de fois\u202f\u00bb Isack Hadjar<\/p>\n<p>Au moment d\u2019interviewer Isack Hadjar, il nous \u00e9tait purement impossible de ne pas repenser \u00e0 ses d\u00e9buts en Formule 1. Un certain <a href=\"https:\/\/fflose.com\/formule-1-le-tour-de-formation-legendaire-disack-hadjar\/\" rel=\"nofollow noopener\" target=\"_blank\">Grand Prix d\u2019Australie pluvieux<\/a>, o\u00f9 le Fran\u00e7ais n\u2019a pas vu la grille de d\u00e9part, la faute \u00e0 une sortie de route d\u00e8s le tour de chauffe. Peut-on faire plus cocorico \u00e0 l\u2019autre bout du monde\u202f? Absolument pas.<\/p>\n<blockquote>\n<p>\u00ab\u202fJe me suis crash\u00e9, la course n\u2019avait m\u00eame pas commenc\u00e9. Je me suis dit \u2018\u00e7a y est c\u2019est fini, c\u2019est la fin de ma carri\u00e8re\u2019\u202f\u00bb Isack Hadjar<\/p>\n<\/blockquote>\n<p>Mais le Fran\u00e7ais n\u2019est pas du genre \u00e0 tout mettre sur le compte de son talent de pilotage. Non, comme tout pilote de Formule 1, il conna\u00eet toutes les parades n\u00e9cessaires pour d\u00e9vier ses mauvais r\u00e9sultats sur autre chose\u202f; le trafic, des d\u00e9g\u00e2ts sur sa monoplace, ou mieux encore, le niveau de sa voiture. Simple, efficace.<\/p>\n<blockquote>\n<p>\u00ab\u202fToujours se plaindre de la voiture, c\u2019est la r\u00e8gle n\u00b01\u202f\u00bb Isack Hadjar<\/p>\n<\/blockquote>\n<p>Et en bon Fran\u00e7ais qui se respecte, Isack n\u2019h\u00e9site pas \u00e0 faire preuve de non-modestie. Baign\u00e9e dans une pointe d\u2019humour, bien \u00e9videmment. Quoique.<\/p>\n<blockquote>\n<p>\u00ab\u202fJe suis super gentil, dr\u00f4le et je suis plus rapide que les autres\u202f\u00bb Isack Hadjar<\/p>\n<\/blockquote>\n<p>Qui aurait cru que le karma nous rattrape aussi vite\u202f? Vendredi \u00e0 16h15, nous d\u00e9cidons de publier l\u2019interview r\u00e9alis\u00e9e avec Isack Hadjar. Et dix minutes apr\u00e8s seulement, le pilote fran\u00e7ais s\u2019immobilise en pleine s\u00e9ance d\u2019essais, la faute \u00e0 un moteur r\u00e9calcitrant. Un timing de roi diront certains, une chance divine pour d\u2019autres. Mais d\u00e8s le lendemain, c\u2019est la soupe \u00e0 la grimace. Une quatri\u00e8me place en qualifications, et un premier podium en course. On aurait clairement mieux fait de conserver cette interview sur notre ordinateur. On esp\u00e8re au moins qu\u2019elle vous fera sourire, et pas jaune comme nous.<\/p>\n<blockquote class=\"twitter-tweet\">\n<p dir=\"ltr\" lang=\"fr\">HADJAR SUR LE PODIUM !! \ud83c\udfc1 \ud83c\udf89<\/p>\n<p>Piastri finit vainqueur du Grand Prix des Pays-Bas, suivi du Hollandais Verstappen puis de Hadjar en 3e place ! <a href=\"https:\/\/twitter.com\/hashtag\/DutchGP?src=hash&amp;ref_src=twsrc%5Etfw\" rel=\"nofollow noopener\" target=\"_blank\">#DutchGP<\/a> <a href=\"https:\/\/twitter.com\/hashtag\/F1?src=hash&amp;ref_src=twsrc%5Etfw\" rel=\"nofollow noopener\" target=\"_blank\">#F1<\/a> <a href=\"https:\/\/t.co\/mwEAjHaxQn\" rel=\"nofollow\">pic.twitter.com\/mwEAjHaxQn<\/a><\/p>\n<p>\u2014 CANAL+ F1\u00ae (@CanalplusF1) <a href=\"https:\/\/twitter.com\/CanalplusF1\/status\/1962165622424358962?ref_src=twsrc%5Etfw\" rel=\"nofollow noopener\" target=\"_blank\">August 31, 2025<\/a><\/p>\n<\/blockquote>\n<p>                         <a href=\"https:\/\/fflose.com\/author\/tomgaleron\/\" class=\"url\" title=\"Tom\" rel=\"nofollow noopener\" target=\"_blank\"> <img loading=\"lazy\" decoding=\"async\" alt=\"Tom\" src=\"https:\/\/www.europesays.com\/fr\/wp-content\/uploads\/2025\/09\/1756728311_947_42b7cbe105414bcd1f96d432c56f293f\"  class=\"avatar avatar-250 photo\" height=\"250\" width=\"250\"\/><\/a> <\/p>\n<p>Natif de Marseille, autant vous dire qu&rsquo;il est pr\u00e9f\u00e9rable de ne pas me parler de football en ce moment. Merci pour votre compr\u00e9hension.<\/p>\n<p> <a href=\"https:\/\/fflose.com\/author\/tomgaleron\/\" class=\"url\" title=\"Tom\" rel=\"nofollow noopener\" target=\"_blank\"><img loading=\"lazy\" decoding=\"async\" alt=\"Tom\" src=\"https:\/\/www.europesays.com\/fr\/wp-content\/uploads\/2025\/09\/1756728311_947_42b7cbe105414bcd1f96d432c56f293f\"  class=\"avatar avatar-250 photo\" height=\"250\" width=\"250\"\/><\/a>  <\/p>\n<p><script async src=\"https:\/\/platform.twitter.com\/widgets.js\" charset=\"utf-8\"><\/script><\/p>\n","protected":false},"excerpt":{"rendered":"Cela aurait d\u00fb \u00eatre un moment plaisant que nous voulions partager avec vous. Mais apr\u00e8s un \u00e9v\u00e9nement survenu&hellip;\n","protected":false},"author":2,"featured_media":358210,"comment_status":"","ping_status":"","sticky":false,"template":"","format":"standard","meta":{"footnotes":""},"categories":[1412],"tags":[1451,1452,1453,1454,1455,1011,27,60],"class_list":{"0":"post-358209","1":"post","2":"type-post","3":"status-publish","4":"format-standard","5":"has-post-thumbnail","7":"category-f1","8":"tag-f1","9":"tag-formula-1","10":"tag-formula1","11":"tag-formule-1","12":"tag-formule1","13":"tag-fr","14":"tag-france","15":"tag-sports"},"share_on_mastodon":{"url":"https:\/\/pubeurope.com\/@fr\/115128954083384002","error":""},"_links":{"self":[{"href":"https:\/\/www.europesays.com\/fr\/wp-json\/wp\/v2\/posts\/358209","targetHints":{"allow":["GET"]}}],"collection":[{"href":"https:\/\/www.europesays.com\/fr\/wp-json\/wp\/v2\/posts"}],"about":[{"href":"https:\/\/www.europesays.com\/fr\/wp-json\/wp\/v2\/types\/post"}],"author":[{"embeddable":true,"href":"https:\/\/www.europesays.com\/fr\/wp-json\/wp\/v2\/users\/2"}],"replies":[{"embeddable":true,"href":"https:\/\/www.europesays.com\/fr\/wp-json\/wp\/v2\/comments?post=358209"}],"version-history":[{"count":0,"href":"https:\/\/www.europesays.com\/fr\/wp-json\/wp\/v2\/posts\/358209\/revisions"}],"wp:featuredmedia":[{"embeddable":true,"href":"https:\/\/www.europesays.com\/fr\/wp-json\/wp\/v2\/media\/358210"}],"wp:attachment":[{"href":"https:\/\/www.europesays.com\/fr\/wp-json\/wp\/v2\/media?parent=358209"}],"wp:term":[{"taxonomy":"category","embeddable":true,"href":"https:\/\/www.europesays.com\/fr\/wp-json\/wp\/v2\/categories?post=358209"},{"taxonomy":"post_tag","embeddable":true,"href":"https:\/\/www.europesays.com\/fr\/wp-json\/wp\/v2\/tags?post=358209"}],"curies":[{"name":"wp","href":"https:\/\/api.w.org\/{rel}","templated":true}]}}