{"id":358213,"date":"2025-09-01T12:07:30","date_gmt":"2025-09-01T12:07:30","guid":{"rendered":"https:\/\/www.europesays.com\/fr\/358213\/"},"modified":"2025-09-01T12:07:30","modified_gmt":"2025-09-01T12:07:30","slug":"deux-mauvaises-nouvelles-confirmees-par-horneland-avant-la-treve-internationale","status":"publish","type":"post","link":"https:\/\/www.europesays.com\/fr\/358213\/","title":{"rendered":"Deux mauvaises nouvelles confirm\u00e9es par Horneland avant la tr\u00eave internationale"},"content":{"rendered":"<p>                                            Publi\u00e9 le 01\/09\/2025 \u00e0 10h51<br \/>\n                                                                                3 minutes de lecture\n                                                                    <\/p>\n<p>F\u00e9ru de sport et plus particuli\u00e8rement de ballon rond depuis ma plus tendre enfance.<\/p>\n<p>                                            Lire la suite<\/p>\n<p>L\u00a0\u00bbAS Saint-\u00c9tienne a conc\u00e9d\u00e9 un match nul frustrant face \u00e0 Grenoble hier soir <strong>(1-1)<\/strong>, mais au-del\u00e0 du r\u00e9sultat d\u00e9cevant, c&rsquo;est l&rsquo;\u00e9tat physique de plusieurs joueurs qui pr\u00e9occupe d\u00e9sormais <strong>Eirik Horneland<\/strong>. L&rsquo;entra\u00eeneur norv\u00e9gien a d\u00fb proc\u00e9der \u00e0 deux changements contraints d\u00e8s la mi-temps, perdant notamment <strong>Mahmoud Jaber<\/strong> sur une action litigieuse qui a provoqu\u00e9 la col\u00e8re du technicien st\u00e9phanois. Cette rencontre de Ligue 2 aura donc laiss\u00e9 des traces physiques importantes dans l&rsquo;effectif des Verts, avec des cons\u00e9quences qui pourraient s&rsquo;\u00e9tendre bien au-del\u00e0 de ce simple match de championnat. La gestion des blessures devient un enjeu crucial pour l&rsquo;ASSE dans cette p\u00e9riode charni\u00e8re de la saison.<\/p>\n<p>                                <img decoding=\"async\" src=\"https:\/\/www.europesays.com\/fr\/wp-content\/uploads\/2025\/04\/1744123449_543_logo.png\" alt=\"Logo\"\/><\/p>\n<p>100\u20ac offerts sur ton 1er pari !<\/p>\n<p>                            <a href=\"https:\/\/bit.ly\/4j5wl4k\" class=\"headband-button\" rel=\"nofollow noopener\" target=\"_blank\">J&rsquo;en profite<\/a><\/p>\n<p>                                                                <img loading=\"lazy\" decoding=\"async\" src=\"https:\/\/www.europesays.com\/fr\/wp-content\/uploads\/2025\/09\/asse-deux-mauvaises-nouvelles-confirmees-par-horneland-avant-la-treve-internationale.jpg\" alt=\"Illustration : &quot;ASSE : Deux mauvaises nouvelles confirm\u00e9es par Horneland avant la tr\u00eave internationale&quot;\" class=\"figure-img img-fluid\" width=\"780\" height=\"478\"\/><\/p>\n<p>                                    \u00a9 Site officiel de l&rsquo;ASSE                                <\/p>\n<p>Une blessure grave pour Mahmoud Jaber suite \u00e0 un tacle litigieux<\/p>\n<p>L&rsquo;incident impliquant <strong>Mahmoud Jaber<\/strong> a particuli\u00e8rement marqu\u00e9 cette soir\u00e9e difficile pour les St\u00e9phanois. Le milieu de terrain isra\u00e9lien a \u00e9t\u00e9 victime d&rsquo;un tacle de <strong>Ga\u00ebtan Paquiez<\/strong> qui n&rsquo;a valu qu&rsquo;un carton jaune \u00e0 son auteur, une d\u00e9cision qui a fait sortir de ses gonds <strong>Eirik Horneland<\/strong>. \u00ab\u00a0On a d\u00fb changer deux joueurs \u00e0 la mi-temps notamment Jaber qui a subi un tacle qui aurait d\u00fb faire sortir le joueur adverse\u00a0\u00bb, a d\u00e9clar\u00e9 l&rsquo;entra\u00eeneur norv\u00e9gien, inhabituel dans ses critiques envers l&rsquo;arbitrage. La blessure s&rsquo;est r\u00e9v\u00e9l\u00e9e plus s\u00e9rieuse que pr\u00e9vu, n\u00e9cessitant des soins m\u00e9dicaux imm\u00e9diats. \u00ab\u00a0Il a d\u00fb \u00eatre recousu \u00e0 la mi-temps car il avait une belle entaille au niveau du pied\u00a0\u00bb, a pr\u00e9cis\u00e9 Horneland, soulignant la gravit\u00e9 de la situation. Cette <strong>grosse blessure au pied<\/strong> compromet d\u00e9sormais la participation du joueur au prochain rassemblement de sa s\u00e9lection nationale, un coup dur pour le milieu de terrain qui retrouvait progressivement son rythme de croisi\u00e8re.<\/p>\n<p>A\u00efmen Moueffek pr\u00e9serv\u00e9 face \u00e0 ses probl\u00e8mes musculaires persistants<\/p>\n<p>Concernant <strong>A\u00efmen Moueffek<\/strong>, la situation rel\u00e8ve davantage de la gestion pr\u00e9ventive que de l&rsquo;urgence m\u00e9dicale. L&rsquo;entra\u00eeneur st\u00e9phanois a expliqu\u00e9 que le milieu de terrain souffrait de probl\u00e8mes r\u00e9currents aux <strong>ischios-jambiers<\/strong>, une blessure d\u00e9licate qui n\u00e9cessite une attention particuli\u00e8re. \u00ab\u00a0Pour Moueffek, on savait qu&rsquo;il \u00e9tait en d\u00e9licatesse avec ses ischios-jambiers, il n&rsquo;avait pas \u00e9norm\u00e9ment de temps de jeu dans les jambes\u00a0\u00bb, a d\u00e9taill\u00e9 Horneland, justifiant ainsi la sortie pr\u00e9coce de son joueur. Cette approche prudente t\u00e9moigne de la volont\u00e9 du staff technique de pr\u00e9server l&rsquo;int\u00e9grit\u00e9 physique de ses \u00e9l\u00e9ments cl\u00e9s sur le long terme. \u00ab\u00a0Il fallait qu&rsquo;on prenne soin de lui\u00a0\u00bb, a insist\u00e9 l&rsquo;entra\u00eeneur, montrant que la philosophie du club privil\u00e9gie d\u00e9sormais une gestion rigoureuse des organismes. Cette strat\u00e9gie de pr\u00e9caution pourrait s&rsquo;av\u00e9rer payante dans la dur\u00e9e, m\u00eame si elle prive temporairement l&rsquo;\u00e9quipe d&rsquo;un joueur important.<\/p>\n<p>Des cons\u00e9quences qui d\u00e9passent le cadre du championnat<\/p>\n<p>Les r\u00e9percussions de ces blessures s&rsquo;\u00e9tendent bien au-del\u00e0 du simple cadre du championnat de Ligue 2. Pour <strong>Mahmoud Jaber<\/strong>, l&rsquo;impact est imm\u00e9diat puisque sa participation au prochain rassemblement de la s\u00e9lection isra\u00e9lienne semble compromise. \u00ab\u00a0Il y a de grandes chances que Mahmoud Jaber soit priv\u00e9 de sa semaine internationale \u00e0 cause de \u00e7a\u00a0\u00bb, a confirm\u00e9 Horneland, soulignant les cons\u00e9quences diplomatiques de cette blessure. Cette situation illustre parfaitement les d\u00e9fis auxquels font face les clubs de Ligue 2, contraints de composer avec des calendriers charg\u00e9s et des effectifs parfois limit\u00e9s. L&rsquo;ASSE devra donc rapidement trouver des solutions pour pallier ces absences et maintenir sa dynamique dans la course \u00e0 la mont\u00e9e.<\/p>\n<p>Tenue en \u00e9chec face \u00e0 Grenoble, l\u2019ASSE continue d\u2019occuper la premi\u00e8re place de L2 \u00e0 la tr\u00eave internationale. Pour cette saison 2025-2026, profitez de 100\u20ac offerts pour votre premi\u00e8re inscription sur Parions Sport en Ligne. <a href=\"http:\/\/bit.ly\/4hgs1yE\" rel=\"nofollow noopener\" target=\"_blank\"><strong>L\u2019ASSE championne de Ligue 2 \u00e0 l\u2019issue de la saison ? Pariez sur le sacre des Verts en Ligue 2 vous rapporte jusqu\u2019\u00e0 285\u20ac !<\/strong><\/a><\/p>\n<p><strong>Pour en profiter, c\u2019est tr\u00e8s simple :<\/strong><\/p>\n<p>&#8211;                  Cr\u00e9ez votre compte joueur en seulement 2 \u00e9tapes <a href=\"http:\/\/bit.ly\/4hgs1yE\" rel=\"nofollow noopener\" target=\"_blank\"><strong>ici<\/strong><\/a><\/p>\n<p>&#8211;                  R\u00e9alisez votre 1er d\u00e9p\u00f4t puis placez votre 1er pari (Minimum 5\u20ac)<\/p>\n<p>&#8211;                  Une fois votre 1er d\u00e9p\u00f4t et votre 1er pari r\u00e9alis\u00e9s, l\u2019int\u00e9gralit\u00e9 du montant de ce 1er pari sera cr\u00e9dit\u00e9e sur votre compte joueur dans la limite de 100\u20ac maximum et sous la forme de cr\u00e9dits de jeu non retirables. Le cr\u00e9dit s\u2019effectuera alors en une seule \u00e9tape et sous 3 jours<\/p>\n<p>Jouer comporte des risques : endettement, d\u00e9pendance\u2026 Appelez le 09 74 75 13 13 (appel non surtax\u00e9)<\/p>\n","protected":false},"excerpt":{"rendered":"Publi\u00e9 le 01\/09\/2025 \u00e0 10h51 3 minutes de lecture F\u00e9ru de sport et plus particuli\u00e8rement de ballon rond&hellip;\n","protected":false},"author":2,"featured_media":358214,"comment_status":"","ping_status":"","sticky":false,"template":"","format":"standard","meta":{"footnotes":""},"categories":[1410],"tags":[63,1011,27,60],"class_list":{"0":"post-358213","1":"post","2":"type-post","3":"status-publish","4":"format-standard","5":"has-post-thumbnail","7":"category-football","8":"tag-football","9":"tag-fr","10":"tag-france","11":"tag-sports"},"share_on_mastodon":{"url":"https:\/\/pubeurope.com\/@fr\/115128961989174509","error":""},"_links":{"self":[{"href":"https:\/\/www.europesays.com\/fr\/wp-json\/wp\/v2\/posts\/358213","targetHints":{"allow":["GET"]}}],"collection":[{"href":"https:\/\/www.europesays.com\/fr\/wp-json\/wp\/v2\/posts"}],"about":[{"href":"https:\/\/www.europesays.com\/fr\/wp-json\/wp\/v2\/types\/post"}],"author":[{"embeddable":true,"href":"https:\/\/www.europesays.com\/fr\/wp-json\/wp\/v2\/users\/2"}],"replies":[{"embeddable":true,"href":"https:\/\/www.europesays.com\/fr\/wp-json\/wp\/v2\/comments?post=358213"}],"version-history":[{"count":0,"href":"https:\/\/www.europesays.com\/fr\/wp-json\/wp\/v2\/posts\/358213\/revisions"}],"wp:featuredmedia":[{"embeddable":true,"href":"https:\/\/www.europesays.com\/fr\/wp-json\/wp\/v2\/media\/358214"}],"wp:attachment":[{"href":"https:\/\/www.europesays.com\/fr\/wp-json\/wp\/v2\/media?parent=358213"}],"wp:term":[{"taxonomy":"category","embeddable":true,"href":"https:\/\/www.europesays.com\/fr\/wp-json\/wp\/v2\/categories?post=358213"},{"taxonomy":"post_tag","embeddable":true,"href":"https:\/\/www.europesays.com\/fr\/wp-json\/wp\/v2\/tags?post=358213"}],"curies":[{"name":"wp","href":"https:\/\/api.w.org\/{rel}","templated":true}]}}