{"id":358215,"date":"2025-09-01T12:08:09","date_gmt":"2025-09-01T12:08:09","guid":{"rendered":"https:\/\/www.europesays.com\/fr\/358215\/"},"modified":"2025-09-01T12:08:09","modified_gmt":"2025-09-01T12:08:09","slug":"apres-un-week-end-avec-sa-petite-fille-preferee-donald-trump-dit-ne-jamais-setre-senti-aussi-bien","status":"publish","type":"post","link":"https:\/\/www.europesays.com\/fr\/358215\/","title":{"rendered":"Apr\u00e8s un week-end avec sa petite fille pr\u00e9f\u00e9r\u00e9e, Donald Trump dit ne \u00ab\u00a0jamais s\u2019\u00eatre senti aussi bien\u00a0\u00bb"},"content":{"rendered":"<p class=\"intro\">Absent de la vie publique depuis mardi 26\u00a0ao\u00fbt, Donald Trump a fait na\u00eetre de nombreuses rumeurs sur sa possible mort. Le pr\u00e9sident a fini par interrompre sa semaine de golf en compagnie de Kai pour y r\u00e9pondre.<\/p>\n<p>\u00ab\u00a0TrumpIsDead.\u00a0\u00bb Samedi 30\u00a0ao\u00fbt, une folle rumeur a enflamm\u00e9 les r\u00e9seaux sociaux. Alors qu\u2019il est pris dans un tourbillon de rumeurs sur sa sant\u00e9 en raison <a href=\"https:\/\/www.parismatch.com\/actu\/international\/immense-bleu-ou-tache-de-fond-de-teint-quarrive-t-il-a-la-main-de-donald-trump-256144\" rel=\"nofollow noopener\" target=\"_blank\">des impressionnantes ecchymoses<\/a> qui colorent r\u00e9guli\u00e8rement sa main et de ses chevilles enfl\u00e9es, <a href=\"https:\/\/www.parismatch.com\/bio\/donald-trump\" rel=\"nofollow noopener\" target=\"_blank\">Donald Trump<\/a> n\u2019a pratiquement effectu\u00e9 aucune apparition publique la semaine derni\u00e8re. Plus \u00ab\u00a0suspect\u00a0\u00bb encore\u00a0: vendredi soir, la Maison-Blanche a publi\u00e9 un agenda totalement vide concernant le programme du week-end du pr\u00e9sident de 79\u00a0ans.<\/p>\n<p>Il n\u2019en fallait pas plus pour affoler la toile et faire na\u00eetre le bruit que Donald Trump \u00e9tait mort. Dans la nuit de vendredi \u00e0 samedi, des milliers de messages comportant les tags \u00ab\u00a0#TrumpIsDead\u00a0\u00bb (Trump est mort) et \u00ab\u00a0#WhereIsTrump \u00bb (O\u00f9 est Trump\u00a0?) ont inond\u00e9 Twitter, chacun y allant de sa th\u00e9orie sur la fa\u00e7on et la date \u00e0 laquelle le R\u00e9publicain \u00e9tait mort. Le pr\u00e9sident a bien tent\u00e9 d\u2019\u00e9teindre le feu en publiant un message sur Truth Social (son r\u00e9seau concurrent \u00e0 X), rien n\u2019y a fait\u2026<\/p>\n<p>    La suite apr\u00e8s cette publicit\u00e9<\/p>\n<p>Un week-end de golf<\/p>\n<p>Le soulagement est finalement arriv\u00e9 samedi apr\u00e8s-midi quand Donald Trump a \u00e9t\u00e9 aper\u00e7u quittant la Maison-Blanche en compagnie de sa petite-fille favorite, <a href=\"https:\/\/www.parismatch.com\/actu\/international\/kai-trump-la-petite-fille-cherie-de-donald-trump-millionnaire-pour-ses-18-ans-254663\" rel=\"nofollow noopener\" target=\"_blank\">Kai Trump<\/a>, pour une vir\u00e9e au golf, <a href=\"https:\/\/www.parismatch.com\/actu\/international\/kai-la-petite-fille-preferee-de-donald-trump-celebre-la-victoire-en-jouant-au-golf-avec-lui-243416\" rel=\"nofollow noopener\" target=\"_blank\">leur passion commune<\/a>. Le R\u00e9publicain n\u2019est pas mort\u00a0: il a simplement profit\u00e9 d\u2019une semaine off et du week-end de la f\u00eate du travail (ce lundi 1er\u00a0septembre est ch\u00f4m\u00e9 \u00e0 Washington pour le Labour Day) pour am\u00e9liorer son swing, comme il le fait <a href=\"https:\/\/www.parismatch.com\/actu\/international\/combien-de-fois-donald-trump-a-t-il-joue-au-golf-durant-ses-77-premiers-jours-de-mandat-249783\" rel=\"nofollow noopener\" target=\"_blank\">tr\u00e8s r\u00e9guli\u00e8rement<\/a> depuis le d\u00e9but de son mandat &#8211; des \u00c9tats-Unis <a href=\"https:\/\/www.parismatch.com\/actu\/international\/en-ecosse-donald-trump-reve-de-son-tournoi-de-golf-254833\" rel=\"nofollow noopener\" target=\"_blank\">\u00e0 l\u2019\u00c9cosse<\/a>.<\/p>\n<p>    La suite apr\u00e8s cette publicit\u00e9<\/p>\n<p>Visiblement au fait des sp\u00e9culations sur sa mort, Donald Trump a \u00e9galement tenu \u00e0 rassurer ses \u00e9lecteurs. Partageant le message d\u2019un supporter qui fustigeait les rumeurs sur sa mort, le pr\u00e9sident a affirm\u00e9\u00a0: \u00ab\u00a0Je ne me suis jamais senti aussi bien de ma vie. Et puis, Washington est une zone sans criminalit\u00e9\u00a0!\u00a0\u00bb Un message qui en appel\u00e9 de nombreux autres dans lesquels le R\u00e9publicain se r\u00e9jouissait des effets de ses <a href=\"https:\/\/www.parismatch.com\/actu\/economie\/droits-de-douane-ce-que-laccord-trump-ue-change-pour-la-france-254879\" rel=\"nofollow noopener\" target=\"_blank\">droits de douane<\/a> sur l\u2019\u00e9conomie am\u00e9ricaine, critiquait le choix d\u2019une pr\u00e9sentatrice t\u00e9l\u00e9 (\u00ab\u00a0au faible QI\u00a0\u00bb) par ABC News&#8230; et s&rsquo;est pris les pieds dans le tapis dans une longue diatribe sur le baseball.<\/p>\n<\/p>\n<p>Des erreurs qui n\u2019ont fait que relancer les\u00a0<a href=\"https:\/\/www.parismatch.com\/actu\/international\/donald-trump-perd-il-la-tete-apres-plusieurs-erreurs-les-rumeurs-de-demence-resurgissent-255587\" rel=\"nofollow noopener\" target=\"_blank\">rumeurs autour de sa sant\u00e9 mentale<\/a>. Celui qui a longtemps raill\u00e9 son pr\u00e9d\u00e9cesseur <a href=\"https:\/\/www.parismatch.com\/bio\/joe-biden\" rel=\"nofollow noopener\" target=\"_blank\">Joe Biden<\/a> sur son \u00e2ge avanc\u00e9 se retrouve petit \u00e0 petit pris dans le m\u00eame \u00e9tau.<\/p>\n","protected":false},"excerpt":{"rendered":"Absent de la vie publique depuis mardi 26\u00a0ao\u00fbt, Donald Trump a fait na\u00eetre de nombreuses rumeurs sur sa&hellip;\n","protected":false},"author":2,"featured_media":358216,"comment_status":"","ping_status":"","sticky":false,"template":"","format":"standard","meta":{"footnotes":""},"categories":[1359],"tags":[58,59,1011,27,973],"class_list":{"0":"post-358215","1":"post","2":"type-post","3":"status-publish","4":"format-standard","5":"has-post-thumbnail","7":"category-people","8":"tag-divertissement","9":"tag-entertainment","10":"tag-fr","11":"tag-france","12":"tag-people"},"share_on_mastodon":{"url":"https:\/\/pubeurope.com\/@fr\/115128965772882093","error":""},"_links":{"self":[{"href":"https:\/\/www.europesays.com\/fr\/wp-json\/wp\/v2\/posts\/358215","targetHints":{"allow":["GET"]}}],"collection":[{"href":"https:\/\/www.europesays.com\/fr\/wp-json\/wp\/v2\/posts"}],"about":[{"href":"https:\/\/www.europesays.com\/fr\/wp-json\/wp\/v2\/types\/post"}],"author":[{"embeddable":true,"href":"https:\/\/www.europesays.com\/fr\/wp-json\/wp\/v2\/users\/2"}],"replies":[{"embeddable":true,"href":"https:\/\/www.europesays.com\/fr\/wp-json\/wp\/v2\/comments?post=358215"}],"version-history":[{"count":0,"href":"https:\/\/www.europesays.com\/fr\/wp-json\/wp\/v2\/posts\/358215\/revisions"}],"wp:featuredmedia":[{"embeddable":true,"href":"https:\/\/www.europesays.com\/fr\/wp-json\/wp\/v2\/media\/358216"}],"wp:attachment":[{"href":"https:\/\/www.europesays.com\/fr\/wp-json\/wp\/v2\/media?parent=358215"}],"wp:term":[{"taxonomy":"category","embeddable":true,"href":"https:\/\/www.europesays.com\/fr\/wp-json\/wp\/v2\/categories?post=358215"},{"taxonomy":"post_tag","embeddable":true,"href":"https:\/\/www.europesays.com\/fr\/wp-json\/wp\/v2\/tags?post=358215"}],"curies":[{"name":"wp","href":"https:\/\/api.w.org\/{rel}","templated":true}]}}