{"id":358217,"date":"2025-09-01T12:09:25","date_gmt":"2025-09-01T12:09:25","guid":{"rendered":"https:\/\/www.europesays.com\/fr\/358217\/"},"modified":"2025-09-01T12:09:25","modified_gmt":"2025-09-01T12:09:25","slug":"loeil-du-photographe-dans-le-pays-bigouden-prise-de-bec-entre-goelands","status":"publish","type":"post","link":"https:\/\/www.europesays.com\/fr\/358217\/","title":{"rendered":"L\u2019\u0153il du photographe dans le Pays bigouden\u00a0: prise de bec entre go\u00e9lands"},"content":{"rendered":"<p>La r\u00e9daction de Pont-l\u2019Abb\u00e9 poursuit sa s\u00e9rie \u00ab\u00a0L\u2019\u0153il du photographe\u00a0\u00bb dans le Pays bigouden. Aujourd\u2019hui, deux go\u00e9lands qui se prennent le bec\u00a0! C\u2019est le joli clin d\u2019\u0153il saisi par Hannah Butler \u00e0 Lesconil.<\/p>\n<p>Animaux, couchers de soleil, sc\u00e8ne insolite, d\u00e9tail intriguant dans un d\u00e9cor maritime, champ\u00eatre ou urbain\u2026 les possibilit\u00e9s sont infinies pour para\u00eetre dans cette rubrique. Quelques mots pour d\u00e9crire le contexte (date, lieu, circonstances) dans lequel a \u00e9t\u00e9 pris le clich\u00e9 permettront d\u2019\u00e9clairer un peu plus le lecteur. L\u2019envoi des images (r\u00e9solution d\u2019au minimum 1 Mo) \u00e0 r\u00e9daction pont-labbe@letelegramme.fr vaut autorisation de publication gratuite dans nos colonnes et sur le site internet du T\u00e9l\u00e9gramme.<\/p>\n","protected":false},"excerpt":{"rendered":"La r\u00e9daction de Pont-l\u2019Abb\u00e9 poursuit sa s\u00e9rie \u00ab\u00a0L\u2019\u0153il du photographe\u00a0\u00bb dans le Pays bigouden. Aujourd\u2019hui, deux go\u00e9lands qui&hellip;\n","protected":false},"author":2,"featured_media":358218,"comment_status":"","ping_status":"","sticky":false,"template":"","format":"standard","meta":{"footnotes":""},"categories":[1358],"tags":[1348,1384,1385,1386,58,59,1011,27,1756,10587,3323],"class_list":{"0":"post-358217","1":"post","2":"type-post","3":"status-publish","4":"format-standard","5":"has-post-thumbnail","7":"category-arts-et-design","8":"tag-arts","9":"tag-arts-and-design","10":"tag-arts-et-design","11":"tag-design","12":"tag-divertissement","13":"tag-entertainment","14":"tag-fr","15":"tag-france","16":"tag-photographie","17":"tag-plobannalec-lesconil","18":"tag-pont-labbe"},"share_on_mastodon":{"url":"https:\/\/pubeurope.com\/@fr\/115128969833529488","error":""},"_links":{"self":[{"href":"https:\/\/www.europesays.com\/fr\/wp-json\/wp\/v2\/posts\/358217","targetHints":{"allow":["GET"]}}],"collection":[{"href":"https:\/\/www.europesays.com\/fr\/wp-json\/wp\/v2\/posts"}],"about":[{"href":"https:\/\/www.europesays.com\/fr\/wp-json\/wp\/v2\/types\/post"}],"author":[{"embeddable":true,"href":"https:\/\/www.europesays.com\/fr\/wp-json\/wp\/v2\/users\/2"}],"replies":[{"embeddable":true,"href":"https:\/\/www.europesays.com\/fr\/wp-json\/wp\/v2\/comments?post=358217"}],"version-history":[{"count":0,"href":"https:\/\/www.europesays.com\/fr\/wp-json\/wp\/v2\/posts\/358217\/revisions"}],"wp:featuredmedia":[{"embeddable":true,"href":"https:\/\/www.europesays.com\/fr\/wp-json\/wp\/v2\/media\/358218"}],"wp:attachment":[{"href":"https:\/\/www.europesays.com\/fr\/wp-json\/wp\/v2\/media?parent=358217"}],"wp:term":[{"taxonomy":"category","embeddable":true,"href":"https:\/\/www.europesays.com\/fr\/wp-json\/wp\/v2\/categories?post=358217"},{"taxonomy":"post_tag","embeddable":true,"href":"https:\/\/www.europesays.com\/fr\/wp-json\/wp\/v2\/tags?post=358217"}],"curies":[{"name":"wp","href":"https:\/\/api.w.org\/{rel}","templated":true}]}}